{"id":1023,"date":"2017-01-29T00:01:33","date_gmt":"2017-01-29T00:01:33","guid":{"rendered":"https:\/\/ziegelhof-liestal.ch\/?p=1023"},"modified":"2020-07-29T08:31:49","modified_gmt":"2020-07-29T08:31:49","slug":"11-02-17-1400-uhr-3-2","status":"publish","type":"post","link":"https:\/\/ziegelhof-liestal.ch\/?p=1023","title":{"rendered":"KLEIDERTAUSCH | 28.01.17 | 14:00 &#8211; 20:00 UHR"},"content":{"rendered":"<div id=\"pl-1023\"  class=\"panel-layout\" ><div id=\"pg-1023-0\"  class=\"panel-grid panel-has-style\" ><div class=\"so-parallax siteorigin-panels-stretch panel-row-style panel-row-style-for-1023-0\" data-stretch-type=\"full-stretched\" ><img fetchpriority=\"high\" decoding=\"async\" width=\"2835\" height=\"1891\" src=\"https:\/\/ziegelhof-liestal.ch\/wp-content\/uploads\/2016\/10\/DSC07078.jpg\" class=\"attachment-full size-full\" alt=\"\" data-siteorigin-parallax=\"true\" loading=\"eager\" srcset=\"https:\/\/ziegelhof-liestal.ch\/wp-content\/uploads\/2016\/10\/DSC07078.jpg 2835w, https:\/\/ziegelhof-liestal.ch\/wp-content\/uploads\/2016\/10\/DSC07078-300x200.jpg 300w, https:\/\/ziegelhof-liestal.ch\/wp-content\/uploads\/2016\/10\/DSC07078-768x512.jpg 768w, https:\/\/ziegelhof-liestal.ch\/wp-content\/uploads\/2016\/10\/DSC07078-1024x683.jpg 1024w, https:\/\/ziegelhof-liestal.ch\/wp-content\/uploads\/2016\/10\/DSC07078-600x400.jpg 600w, https:\/\/ziegelhof-liestal.ch\/wp-content\/uploads\/2016\/10\/DSC07078-750x500.jpg 750w, https:\/\/ziegelhof-liestal.ch\/wp-content\/uploads\/2016\/10\/DSC07078-50x33.jpg 50w, https:\/\/ziegelhof-liestal.ch\/wp-content\/uploads\/2016\/10\/DSC07078-272x182.jpg 272w\" sizes=\"(max-width: 2835px) 100vw, 2835px\" \/><div id=\"pgc-1023-0-0\"  class=\"panel-grid-cell\" ><div id=\"panel-1023-0-0-0\" class=\"so-panel widget widget_sow-headline panel-first-child panel-last-child\" data-index=\"0\" ><div class=\"panel-widget-style panel-widget-style-for-1023-0-0-0\" ><div\n\t\t\t\n\t\t\tclass=\"so-widget-sow-headline so-widget-sow-headline-default-047e825394be-1023 so-widget-fittext-wrapper\"\n\t\t\t data-fit-text-compressor=\"0.85\"\n\t\t><div class=\"sow-headline-container \">\n\t\t\t\t\t\t\t<h1 class=\"sow-headline\">\n\t\t\t\t\t\tKLEIDERTAUSCH \t\t\t\t\t\t<\/h1>\n\t\t\t\t\t\t\t\t\t\t\t<div class=\"decoration\">\n\t\t\t\t\t\t<div class=\"decoration-inside\"><\/div>\n\t\t\t\t\t<\/div>\n\t\t\t\t\t<\/div>\n<\/div><\/div><\/div><\/div><\/div><\/div><div id=\"pg-1023-1\"  class=\"panel-grid panel-no-style\" ><div id=\"pgc-1023-1-0\"  class=\"panel-grid-cell\" ><div id=\"panel-1023-1-0-0\" class=\"so-panel widget widget_sow-editor panel-first-child panel-last-child\" data-index=\"1\" ><div class=\"panel-widget-style panel-widget-style-for-1023-1-0-0\" ><div\n\t\t\t\n\t\t\tclass=\"so-widget-sow-editor so-widget-sow-editor-base\"\n\t\t\t\n\t\t>\n<div class=\"siteorigin-widget-tinymce textwidget\">\n\t<div class=\"page\" title=\"Page 1\">\n<div class=\"layoutArea\">\n<div class=\"column\">\n<h2 style=\"text-align: center;\">KLEIDERTAUSCH | 28.01.2017 | 14:00 &#8211; 20:00 Uhr<\/h2>\n<\/div>\n<\/div>\n<\/div>\n<\/div>\n<\/div><\/div><\/div><\/div><\/div><div id=\"pg-1023-2\"  class=\"panel-grid panel-no-style\" ><div id=\"pgc-1023-2-0\"  class=\"panel-grid-cell\" ><div id=\"panel-1023-2-0-0\" class=\"so-panel widget widget_sow-editor panel-first-child panel-last-child\" data-index=\"2\" ><div class=\"panel-widget-style panel-widget-style-for-1023-2-0-0\" ><div\n\t\t\t\n\t\t\tclass=\"so-widget-sow-editor so-widget-sow-editor-base\"\n\t\t\t\n\t\t>\n<div class=\"siteorigin-widget-tinymce textwidget\">\n\t<div class=\"page\" title=\"Page 1\">\n<div class=\"column\">\n<p><span style=\"color: #000000;\"><strong>Samstag, 28.01.17, 14.00-20:00\u00a0Uhr<\/strong><\/span><\/p>\n<div class=\"column\"><span style=\"color: #000000;\"><strong>Treffpunkt:<br \/><\/strong><\/span><span style=\"color: #000000;\"><strong>Liestal, Kulturstube, Meyer-Wiggli-Str. 15<\/strong><\/span><\/div>\n<\/div>\n<\/div>\n<\/div>\n<\/div><\/div><\/div><\/div><div id=\"pgc-1023-2-1\"  class=\"panel-grid-cell\" ><div id=\"panel-1023-2-1-0\" class=\"so-panel widget widget_sow-editor panel-first-child panel-last-child\" data-index=\"3\" ><div class=\"panel-widget-style panel-widget-style-for-1023-2-1-0\" ><div\n\t\t\t\n\t\t\tclass=\"so-widget-sow-editor so-widget-sow-editor-base\"\n\t\t\t\n\t\t>\n<div class=\"siteorigin-widget-tinymce textwidget\">\n\t<div class=\"page\" title=\"Page 1\"><p><span>Jeder und jede bringt mit, was er oder sie nicht mehr tr\u00e4gt und nimmt mit was ihm oder ihr gef\u00e4llt.<\/span><br \/> <br \/><br \/><span>Die Organisator*innen freuen sich \u00fcber viele junge und \u00e4ltere M\u00e4nner, Frauen und Kinder.<\/span><br \/> <br \/><br \/> <span>Alle Kleider die am Abend keinen neuen Besitzer oder keine neue Besitzerin gefunden haben, werden an den Verein \u201eBasel hilft mit\u201c (<a href=\"http:\/\/www.baselhilftmit.ch\/\">www.baselhilftmit.ch<\/a>) abgegeben. Der Verein \u201eBasel hilft mit\u201c hat sein Lager ebenfalls im Ziegelhofareal und bringt die Kleider aktuell z.B. direkt ins Camp Petra in Griechenland.<\/span><br \/> <br \/><br \/>F\u00fcr Kleiderst\u00e4nder und Getr\u00e4nke ist gesorgt.\u00a0<br \/>Weitere Informationen unter\u00a0<a href=\"http:\/\/www.kulturstube-ziegelhof.ch\/programm\/\">http:\/\/www.kulturstube-ziegelhof.ch\/programm\/<\/a>\u00a0<\/p><\/div><\/div>\n<\/div><\/div><\/div><\/div><\/div><\/div>","protected":false},"excerpt":{"rendered":"<p>KLEIDERTAUSCH | 28.01.2017 | 14:00 &#8211; 20:00 Uhr<\/p>\n","protected":false},"author":2,"featured_media":254,"comment_status":"closed","ping_status":"closed","sticky":false,"template":"","format":"standard","meta":{"inline_featured_image":false,"footnotes":""},"categories":[3],"tags":[],"class_list":["post-1023","post","type-post","status-publish","format-standard","has-post-thumbnail","hentry","category-veranstaltungen"],"yoast_head":"<!-- This site is optimized with the Yoast SEO plugin v27.5 - https:\/\/yoast.com\/product\/yoast-seo-wordpress\/ -->\n<title>KLEIDERTAUSCH | 28.01.17 | 14:00 - 20:00 UHR - ZIEGELHOFAREAL<\/title>\n<meta name=\"robots\" content=\"index, follow, max-snippet:-1, max-image-preview:large, max-video-preview:-1\" \/>\n<link rel=\"canonical\" href=\"https:\/\/ziegelhof-liestal.ch\/?p=1023\" \/>\n<meta property=\"og:locale\" content=\"de_DE\" \/>\n<meta property=\"og:type\" content=\"article\" \/>\n<meta property=\"og:title\" content=\"KLEIDERTAUSCH | 28.01.17 | 14:00 - 20:00 UHR - ZIEGELHOFAREAL\" \/>\n<meta property=\"og:description\" content=\"KLEIDERTAUSCH | 28.01.2017 | 14:00 - 20:00 Uhr\" \/>\n<meta property=\"og:url\" content=\"https:\/\/ziegelhof-liestal.ch\/?p=1023\" \/>\n<meta property=\"og:site_name\" content=\"ZIEGELHOFAREAL\" \/>\n<meta property=\"article:published_time\" content=\"2017-01-29T00:01:33+00:00\" \/>\n<meta property=\"article:modified_time\" content=\"2020-07-29T08:31:49+00:00\" \/>\n<meta property=\"og:image\" content=\"https:\/\/ziegelhof-liestal.ch\/wp-content\/uploads\/2016\/10\/DSC07078.jpg\" \/>\n\t<meta property=\"og:image:width\" content=\"2835\" \/>\n\t<meta property=\"og:image:height\" content=\"1891\" \/>\n\t<meta property=\"og:image:type\" content=\"image\/jpeg\" \/>\n<meta name=\"author\" content=\"Ben Pohl\" \/>\n<meta name=\"twitter:card\" content=\"summary_large_image\" \/>\n<meta name=\"twitter:label1\" content=\"Verfasst von\" \/>\n\t<meta name=\"twitter:data1\" content=\"Ben Pohl\" \/>\n\t<meta name=\"twitter:label2\" content=\"Gesch\u00e4tzte Lesezeit\" \/>\n\t<meta name=\"twitter:data2\" content=\"1\u00a0Minute\" \/>\n<script type=\"application\/ld+json\" class=\"yoast-schema-graph\">{\"@context\":\"https:\\\/\\\/schema.org\",\"@graph\":[{\"@type\":\"Article\",\"@id\":\"https:\\\/\\\/ziegelhof-liestal.ch\\\/?p=1023#article\",\"isPartOf\":{\"@id\":\"https:\\\/\\\/ziegelhof-liestal.ch\\\/?p=1023\"},\"author\":{\"name\":\"Ben Pohl\",\"@id\":\"https:\\\/\\\/ziegelhof-liestal.ch\\\/#\\\/schema\\\/person\\\/162963545808c0e8c0b33a6b6acb2e6e\"},\"headline\":\"KLEIDERTAUSCH | 28.01.17 | 14:00 &#8211; 20:00 UHR\",\"datePublished\":\"2017-01-29T00:01:33+00:00\",\"dateModified\":\"2020-07-29T08:31:49+00:00\",\"mainEntityOfPage\":{\"@id\":\"https:\\\/\\\/ziegelhof-liestal.ch\\\/?p=1023\"},\"wordCount\":117,\"image\":{\"@id\":\"https:\\\/\\\/ziegelhof-liestal.ch\\\/?p=1023#primaryimage\"},\"thumbnailUrl\":\"https:\\\/\\\/ziegelhof-liestal.ch\\\/wp-content\\\/uploads\\\/2016\\\/10\\\/DSC07078.jpg\",\"articleSection\":[\"Veranstaltungen\"],\"inLanguage\":\"de\"},{\"@type\":\"WebPage\",\"@id\":\"https:\\\/\\\/ziegelhof-liestal.ch\\\/?p=1023\",\"url\":\"https:\\\/\\\/ziegelhof-liestal.ch\\\/?p=1023\",\"name\":\"KLEIDERTAUSCH | 28.01.17 | 14:00 - 20:00 UHR - ZIEGELHOFAREAL\",\"isPartOf\":{\"@id\":\"https:\\\/\\\/ziegelhof-liestal.ch\\\/#website\"},\"primaryImageOfPage\":{\"@id\":\"https:\\\/\\\/ziegelhof-liestal.ch\\\/?p=1023#primaryimage\"},\"image\":{\"@id\":\"https:\\\/\\\/ziegelhof-liestal.ch\\\/?p=1023#primaryimage\"},\"thumbnailUrl\":\"https:\\\/\\\/ziegelhof-liestal.ch\\\/wp-content\\\/uploads\\\/2016\\\/10\\\/DSC07078.jpg\",\"datePublished\":\"2017-01-29T00:01:33+00:00\",\"dateModified\":\"2020-07-29T08:31:49+00:00\",\"author\":{\"@id\":\"https:\\\/\\\/ziegelhof-liestal.ch\\\/#\\\/schema\\\/person\\\/162963545808c0e8c0b33a6b6acb2e6e\"},\"breadcrumb\":{\"@id\":\"https:\\\/\\\/ziegelhof-liestal.ch\\\/?p=1023#breadcrumb\"},\"inLanguage\":\"de\",\"potentialAction\":[{\"@type\":\"ReadAction\",\"target\":[\"https:\\\/\\\/ziegelhof-liestal.ch\\\/?p=1023\"]}]},{\"@type\":\"ImageObject\",\"inLanguage\":\"de\",\"@id\":\"https:\\\/\\\/ziegelhof-liestal.ch\\\/?p=1023#primaryimage\",\"url\":\"https:\\\/\\\/ziegelhof-liestal.ch\\\/wp-content\\\/uploads\\\/2016\\\/10\\\/DSC07078.jpg\",\"contentUrl\":\"https:\\\/\\\/ziegelhof-liestal.ch\\\/wp-content\\\/uploads\\\/2016\\\/10\\\/DSC07078.jpg\",\"width\":2835,\"height\":1891},{\"@type\":\"BreadcrumbList\",\"@id\":\"https:\\\/\\\/ziegelhof-liestal.ch\\\/?p=1023#breadcrumb\",\"itemListElement\":[{\"@type\":\"ListItem\",\"position\":1,\"name\":\"Startseite\",\"item\":\"https:\\\/\\\/ziegelhof-liestal.ch\\\/\"},{\"@type\":\"ListItem\",\"position\":2,\"name\":\"KLEIDERTAUSCH | 28.01.17 | 14:00 &#8211; 20:00 UHR\"}]},{\"@type\":\"WebSite\",\"@id\":\"https:\\\/\\\/ziegelhof-liestal.ch\\\/#website\",\"url\":\"https:\\\/\\\/ziegelhof-liestal.ch\\\/\",\"name\":\"ZIEGELHOFAREAL\",\"description\":\"\",\"potentialAction\":[{\"@type\":\"SearchAction\",\"target\":{\"@type\":\"EntryPoint\",\"urlTemplate\":\"https:\\\/\\\/ziegelhof-liestal.ch\\\/?s={search_term_string}\"},\"query-input\":{\"@type\":\"PropertyValueSpecification\",\"valueRequired\":true,\"valueName\":\"search_term_string\"}}],\"inLanguage\":\"de\"},{\"@type\":\"Person\",\"@id\":\"https:\\\/\\\/ziegelhof-liestal.ch\\\/#\\\/schema\\\/person\\\/162963545808c0e8c0b33a6b6acb2e6e\",\"name\":\"Ben Pohl\",\"url\":\"https:\\\/\\\/ziegelhof-liestal.ch\\\/?author=2\"}]}<\/script>\n<!-- \/ Yoast SEO plugin. -->","yoast_head_json":{"title":"KLEIDERTAUSCH | 28.01.17 | 14:00 - 20:00 UHR - ZIEGELHOFAREAL","robots":{"index":"index","follow":"follow","max-snippet":"max-snippet:-1","max-image-preview":"max-image-preview:large","max-video-preview":"max-video-preview:-1"},"canonical":"https:\/\/ziegelhof-liestal.ch\/?p=1023","og_locale":"de_DE","og_type":"article","og_title":"KLEIDERTAUSCH | 28.01.17 | 14:00 - 20:00 UHR - ZIEGELHOFAREAL","og_description":"KLEIDERTAUSCH | 28.01.2017 | 14:00 - 20:00 Uhr","og_url":"https:\/\/ziegelhof-liestal.ch\/?p=1023","og_site_name":"ZIEGELHOFAREAL","article_published_time":"2017-01-29T00:01:33+00:00","article_modified_time":"2020-07-29T08:31:49+00:00","og_image":[{"width":2835,"height":1891,"url":"https:\/\/ziegelhof-liestal.ch\/wp-content\/uploads\/2016\/10\/DSC07078.jpg","type":"image\/jpeg"}],"author":"Ben Pohl","twitter_card":"summary_large_image","twitter_misc":{"Verfasst von":"Ben Pohl","Gesch\u00e4tzte Lesezeit":"1\u00a0Minute"},"schema":{"@context":"https:\/\/schema.org","@graph":[{"@type":"Article","@id":"https:\/\/ziegelhof-liestal.ch\/?p=1023#article","isPartOf":{"@id":"https:\/\/ziegelhof-liestal.ch\/?p=1023"},"author":{"name":"Ben Pohl","@id":"https:\/\/ziegelhof-liestal.ch\/#\/schema\/person\/162963545808c0e8c0b33a6b6acb2e6e"},"headline":"KLEIDERTAUSCH | 28.01.17 | 14:00 &#8211; 20:00 UHR","datePublished":"2017-01-29T00:01:33+00:00","dateModified":"2020-07-29T08:31:49+00:00","mainEntityOfPage":{"@id":"https:\/\/ziegelhof-liestal.ch\/?p=1023"},"wordCount":117,"image":{"@id":"https:\/\/ziegelhof-liestal.ch\/?p=1023#primaryimage"},"thumbnailUrl":"https:\/\/ziegelhof-liestal.ch\/wp-content\/uploads\/2016\/10\/DSC07078.jpg","articleSection":["Veranstaltungen"],"inLanguage":"de"},{"@type":"WebPage","@id":"https:\/\/ziegelhof-liestal.ch\/?p=1023","url":"https:\/\/ziegelhof-liestal.ch\/?p=1023","name":"KLEIDERTAUSCH | 28.01.17 | 14:00 - 20:00 UHR - ZIEGELHOFAREAL","isPartOf":{"@id":"https:\/\/ziegelhof-liestal.ch\/#website"},"primaryImageOfPage":{"@id":"https:\/\/ziegelhof-liestal.ch\/?p=1023#primaryimage"},"image":{"@id":"https:\/\/ziegelhof-liestal.ch\/?p=1023#primaryimage"},"thumbnailUrl":"https:\/\/ziegelhof-liestal.ch\/wp-content\/uploads\/2016\/10\/DSC07078.jpg","datePublished":"2017-01-29T00:01:33+00:00","dateModified":"2020-07-29T08:31:49+00:00","author":{"@id":"https:\/\/ziegelhof-liestal.ch\/#\/schema\/person\/162963545808c0e8c0b33a6b6acb2e6e"},"breadcrumb":{"@id":"https:\/\/ziegelhof-liestal.ch\/?p=1023#breadcrumb"},"inLanguage":"de","potentialAction":[{"@type":"ReadAction","target":["https:\/\/ziegelhof-liestal.ch\/?p=1023"]}]},{"@type":"ImageObject","inLanguage":"de","@id":"https:\/\/ziegelhof-liestal.ch\/?p=1023#primaryimage","url":"https:\/\/ziegelhof-liestal.ch\/wp-content\/uploads\/2016\/10\/DSC07078.jpg","contentUrl":"https:\/\/ziegelhof-liestal.ch\/wp-content\/uploads\/2016\/10\/DSC07078.jpg","width":2835,"height":1891},{"@type":"BreadcrumbList","@id":"https:\/\/ziegelhof-liestal.ch\/?p=1023#breadcrumb","itemListElement":[{"@type":"ListItem","position":1,"name":"Startseite","item":"https:\/\/ziegelhof-liestal.ch\/"},{"@type":"ListItem","position":2,"name":"KLEIDERTAUSCH | 28.01.17 | 14:00 &#8211; 20:00 UHR"}]},{"@type":"WebSite","@id":"https:\/\/ziegelhof-liestal.ch\/#website","url":"https:\/\/ziegelhof-liestal.ch\/","name":"ZIEGELHOFAREAL","description":"","potentialAction":[{"@type":"SearchAction","target":{"@type":"EntryPoint","urlTemplate":"https:\/\/ziegelhof-liestal.ch\/?s={search_term_string}"},"query-input":{"@type":"PropertyValueSpecification","valueRequired":true,"valueName":"search_term_string"}}],"inLanguage":"de"},{"@type":"Person","@id":"https:\/\/ziegelhof-liestal.ch\/#\/schema\/person\/162963545808c0e8c0b33a6b6acb2e6e","name":"Ben Pohl","url":"https:\/\/ziegelhof-liestal.ch\/?author=2"}]}},"_links":{"self":[{"href":"https:\/\/ziegelhof-liestal.ch\/index.php?rest_route=\/wp\/v2\/posts\/1023","targetHints":{"allow":["GET"]}}],"collection":[{"href":"https:\/\/ziegelhof-liestal.ch\/index.php?rest_route=\/wp\/v2\/posts"}],"about":[{"href":"https:\/\/ziegelhof-liestal.ch\/index.php?rest_route=\/wp\/v2\/types\/post"}],"author":[{"embeddable":true,"href":"https:\/\/ziegelhof-liestal.ch\/index.php?rest_route=\/wp\/v2\/users\/2"}],"replies":[{"embeddable":true,"href":"https:\/\/ziegelhof-liestal.ch\/index.php?rest_route=%2Fwp%2Fv2%2Fcomments&post=1023"}],"version-history":[{"count":2,"href":"https:\/\/ziegelhof-liestal.ch\/index.php?rest_route=\/wp\/v2\/posts\/1023\/revisions"}],"predecessor-version":[{"id":1025,"href":"https:\/\/ziegelhof-liestal.ch\/index.php?rest_route=\/wp\/v2\/posts\/1023\/revisions\/1025"}],"wp:featuredmedia":[{"embeddable":true,"href":"https:\/\/ziegelhof-liestal.ch\/index.php?rest_route=\/wp\/v2\/media\/254"}],"wp:attachment":[{"href":"https:\/\/ziegelhof-liestal.ch\/index.php?rest_route=%2Fwp%2Fv2%2Fmedia&parent=1023"}],"wp:term":[{"taxonomy":"category","embeddable":true,"href":"https:\/\/ziegelhof-liestal.ch\/index.php?rest_route=%2Fwp%2Fv2%2Fcategories&post=1023"},{"taxonomy":"post_tag","embeddable":true,"href":"https:\/\/ziegelhof-liestal.ch\/index.php?rest_route=%2Fwp%2Fv2%2Ftags&post=1023"}],"curies":[{"name":"wp","href":"https:\/\/api.w.org\/{rel}","templated":true}]}}