{"id":1233,"date":"2017-09-18T14:42:52","date_gmt":"2017-09-18T14:42:52","guid":{"rendered":"https:\/\/ziegelhof-liestal.ch\/?p=1233"},"modified":"2018-09-13T09:06:40","modified_gmt":"2018-09-13T09:06:40","slug":"11-12-17-1400-uhr-2","status":"publish","type":"post","link":"https:\/\/ziegelhof-liestal.ch\/?p=1233","title":{"rendered":"EINE PV-ANLAGE AUF DER ABF\u00dcLLHALLE?"},"content":{"rendered":"<div id=\"pl-1233\"  class=\"panel-layout\" ><div id=\"pg-1233-0\"  class=\"panel-grid panel-has-style\" ><div class=\"siteorigin-panels-stretch panel-row-style panel-row-style-for-1233-0\" data-stretch-type=\"full-stretched\" ><div id=\"pgc-1233-0-0\"  class=\"panel-grid-cell\" ><div id=\"panel-1233-0-0-0\" class=\"so-panel widget widget_sow-headline panel-first-child panel-last-child\" data-index=\"0\" ><div class=\"panel-widget-style panel-widget-style-for-1233-0-0-0\" ><div\n\t\t\t\n\t\t\tclass=\"so-widget-sow-headline so-widget-sow-headline-default-8fc5436c1158-1233 so-widget-fittext-wrapper\"\n\t\t\t data-fit-text-compressor=\"0.85\"\n\t\t><div class=\"sow-headline-container \">\n\t\t\t\t\t\t\t<h1 class=\"sow-headline\">\n\t\t\t\t\t\tEINE PV-ANLAGE AUF DER ABF\u00dcLLHALLE?\t\t\t\t\t\t<\/h1>\n\t\t\t\t\t\t\t\t\t\t\t<div class=\"decoration\">\n\t\t\t\t\t\t<div class=\"decoration-inside\"><\/div>\n\t\t\t\t\t<\/div>\n\t\t\t\t\t<\/div>\n<\/div><\/div><\/div><\/div><\/div><\/div><div id=\"pg-1233-1\"  class=\"panel-grid panel-no-style\" ><div id=\"pgc-1233-1-0\"  class=\"panel-grid-cell\" ><div id=\"panel-1233-1-0-0\" class=\"so-panel widget widget_sow-editor panel-first-child panel-last-child\" data-index=\"1\" ><div class=\"panel-widget-style panel-widget-style-for-1233-1-0-0\" ><div\n\t\t\t\n\t\t\tclass=\"so-widget-sow-editor so-widget-sow-editor-base\"\n\t\t\t\n\t\t>\n<div class=\"siteorigin-widget-tinymce textwidget\">\n\t<div class=\"page\" title=\"Page 1\"><code style=\"display: none;\"><br \/>\n<\/code><\/p>\n<div class=\"layoutArea\"><code style=\"display: none;\"><br \/>\n<\/code><\/p>\n<div class=\"column\"><code style=\"display: none;\"><br \/>\n<\/code><\/p>\n<h2 style=\"text-align: center;\">EINE PV ANLAGE AUF DER ABF\u00dcLLHALLE<\/h2>\n<h3 style=\"text-align: center;\">EINE BACHELORTHESE<\/h3>\n<p><code style=\"display: none;\"><br \/>\n<\/code><\/p>\n<p><code style=\"display: none;\"><br \/>\n<\/code><\/div>\n<p><code style=\"display: none;\"><br \/>\n<\/code><\/div>\n<p><code style=\"display: none;\"><br \/>\n<\/code><\/div>\n<\/div>\n<\/div><\/div><\/div><\/div><\/div><div id=\"pg-1233-2\"  class=\"panel-grid panel-no-style\" ><div id=\"pgc-1233-2-0\"  class=\"panel-grid-cell\" ><div id=\"panel-1233-2-0-0\" class=\"so-panel widget widget_sow-editor panel-first-child panel-last-child\" data-index=\"2\" ><div class=\"panel-widget-style panel-widget-style-for-1233-2-0-0\" ><div\n\t\t\t\n\t\t\tclass=\"so-widget-sow-editor so-widget-sow-editor-base\"\n\t\t\t\n\t\t>\n<div class=\"siteorigin-widget-tinymce textwidget\">\n\t<p>An der FHNW wurde durch Simon Altwegg eine Bachelorthesis im Fachbereich Bauingenieurwesen und Energieeffizienz zum Dach der Abf\u00fcllhalle erstellt.\u00a0<\/p>\n<p>Die Arbeit untersucht folgende Punkte:<\/p>\n<p>1. Die Bestandsaufnahme des bestehenden Daches<br \/>2. Die statische Berechnung des Daches zur Aufnahme einer zus\u00e4tzlichen Last<br \/>3. Die D\u00e4mmung des Daches mit Varianten der D\u00e4mmstoffe<br \/>4. Die \u00d6kobilanzdaten der D\u00e4mmung: Umweltbelastungspunkte, graue Energie und Treibhausgasemissionen<br \/>5. Dachintegrierte Photovoltaik, Ertragsabsch\u00e4tzung und Layout verschiedener Module<\/p>\n<\/div>\n<\/div><\/div><\/div><\/div><div id=\"pgc-1233-2-1\"  class=\"panel-grid-cell\" ><div id=\"panel-1233-2-1-0\" class=\"so-panel widget widget_sow-editor panel-first-child panel-last-child\" data-index=\"3\" ><div class=\"panel-widget-style panel-widget-style-for-1233-2-1-0\" ><div\n\t\t\t\n\t\t\tclass=\"so-widget-sow-editor so-widget-sow-editor-base\"\n\t\t\t\n\t\t>\n<div class=\"siteorigin-widget-tinymce textwidget\">\n\t<p>Fazit:<\/p>\n<p> <\/p>\n<p><br \/> Die Berechnungen ergeben, dass die Tragstruktur des Geb\u00e4udes ausreicht, um die zus\u00e4tzliche Dachlast von D\u00e4mmung und PV-Anlage\u00a0 aufzunehmen. Je nach gew\u00e4hltem PV-Zelltyp und Anordnung der Module auf dem Dach k\u00f6nnen j\u00e4hrlich rund 70\u2018000 \u2013 90\u2018000 kWh Strom auf dem Dach erzeugt werden. Dies entspricht dem Jahresbedarf an Strom von 25 Vier-Personen Haushalten.<\/p>\n\n<p>&nbsp;<\/p>\n\n<p>&nbsp;<\/p><\/div>\n<\/div><\/div><\/div><\/div><\/div><\/div>","protected":false},"excerpt":{"rendered":"<p>EINE PV ANLAGE AUF DER ABF\u00dcLLHALLE EINE BACHELORTHESE<\/p>\n","protected":false},"author":2,"featured_media":1266,"comment_status":"closed","ping_status":"closed","sticky":false,"template":"","format":"standard","meta":{"inline_featured_image":false,"footnotes":""},"categories":[8],"tags":[],"class_list":["post-1233","post","type-post","status-publish","format-standard","has-post-thumbnail","hentry","category-arealentwicklung"],"yoast_head":"<!-- This site is optimized with the Yoast SEO plugin v27.5 - https:\/\/yoast.com\/product\/yoast-seo-wordpress\/ -->\n<title>EINE PV-ANLAGE AUF DER ABF\u00dcLLHALLE? - ZIEGELHOFAREAL<\/title>\n<meta name=\"robots\" content=\"index, follow, max-snippet:-1, max-image-preview:large, max-video-preview:-1\" \/>\n<link rel=\"canonical\" href=\"https:\/\/ziegelhof-liestal.ch\/?p=1233\" \/>\n<meta property=\"og:locale\" content=\"de_DE\" \/>\n<meta property=\"og:type\" content=\"article\" \/>\n<meta property=\"og:title\" content=\"EINE PV-ANLAGE AUF DER ABF\u00dcLLHALLE? - ZIEGELHOFAREAL\" \/>\n<meta property=\"og:description\" content=\"EINE PV ANLAGE AUF DER ABF\u00dcLLHALLE EINE BACHELORTHESE\" \/>\n<meta property=\"og:url\" content=\"https:\/\/ziegelhof-liestal.ch\/?p=1233\" \/>\n<meta property=\"og:site_name\" content=\"ZIEGELHOFAREAL\" \/>\n<meta property=\"article:published_time\" content=\"2017-09-18T14:42:52+00:00\" \/>\n<meta property=\"article:modified_time\" content=\"2018-09-13T09:06:40+00:00\" \/>\n<meta property=\"og:image\" content=\"https:\/\/ziegelhof-liestal.ch\/wp-content\/uploads\/2017\/09\/DSC07848-1024x683.jpg\" \/>\n\t<meta property=\"og:image:width\" content=\"1024\" \/>\n\t<meta property=\"og:image:height\" content=\"683\" \/>\n\t<meta property=\"og:image:type\" content=\"image\/jpeg\" \/>\n<meta name=\"author\" content=\"Ben Pohl\" \/>\n<meta name=\"twitter:card\" content=\"summary_large_image\" \/>\n<meta name=\"twitter:label1\" content=\"Verfasst von\" \/>\n\t<meta name=\"twitter:data1\" content=\"Ben Pohl\" \/>\n\t<meta name=\"twitter:label2\" content=\"Gesch\u00e4tzte Lesezeit\" \/>\n\t<meta name=\"twitter:data2\" content=\"1\u00a0Minute\" \/>\n<script type=\"application\/ld+json\" class=\"yoast-schema-graph\">{\"@context\":\"https:\\\/\\\/schema.org\",\"@graph\":[{\"@type\":\"Article\",\"@id\":\"https:\\\/\\\/ziegelhof-liestal.ch\\\/?p=1233#article\",\"isPartOf\":{\"@id\":\"https:\\\/\\\/ziegelhof-liestal.ch\\\/?p=1233\"},\"author\":{\"name\":\"Ben Pohl\",\"@id\":\"https:\\\/\\\/ziegelhof-liestal.ch\\\/#\\\/schema\\\/person\\\/162963545808c0e8c0b33a6b6acb2e6e\"},\"headline\":\"EINE PV-ANLAGE AUF DER ABF\u00dcLLHALLE?\",\"datePublished\":\"2017-09-18T14:42:52+00:00\",\"dateModified\":\"2018-09-13T09:06:40+00:00\",\"mainEntityOfPage\":{\"@id\":\"https:\\\/\\\/ziegelhof-liestal.ch\\\/?p=1233\"},\"wordCount\":150,\"image\":{\"@id\":\"https:\\\/\\\/ziegelhof-liestal.ch\\\/?p=1233#primaryimage\"},\"thumbnailUrl\":\"https:\\\/\\\/ziegelhof-liestal.ch\\\/wp-content\\\/uploads\\\/2017\\\/09\\\/DSC07848.jpg\",\"articleSection\":[\"Arealentwicklung\"],\"inLanguage\":\"de\"},{\"@type\":\"WebPage\",\"@id\":\"https:\\\/\\\/ziegelhof-liestal.ch\\\/?p=1233\",\"url\":\"https:\\\/\\\/ziegelhof-liestal.ch\\\/?p=1233\",\"name\":\"EINE PV-ANLAGE AUF DER ABF\u00dcLLHALLE? - ZIEGELHOFAREAL\",\"isPartOf\":{\"@id\":\"https:\\\/\\\/ziegelhof-liestal.ch\\\/#website\"},\"primaryImageOfPage\":{\"@id\":\"https:\\\/\\\/ziegelhof-liestal.ch\\\/?p=1233#primaryimage\"},\"image\":{\"@id\":\"https:\\\/\\\/ziegelhof-liestal.ch\\\/?p=1233#primaryimage\"},\"thumbnailUrl\":\"https:\\\/\\\/ziegelhof-liestal.ch\\\/wp-content\\\/uploads\\\/2017\\\/09\\\/DSC07848.jpg\",\"datePublished\":\"2017-09-18T14:42:52+00:00\",\"dateModified\":\"2018-09-13T09:06:40+00:00\",\"author\":{\"@id\":\"https:\\\/\\\/ziegelhof-liestal.ch\\\/#\\\/schema\\\/person\\\/162963545808c0e8c0b33a6b6acb2e6e\"},\"breadcrumb\":{\"@id\":\"https:\\\/\\\/ziegelhof-liestal.ch\\\/?p=1233#breadcrumb\"},\"inLanguage\":\"de\",\"potentialAction\":[{\"@type\":\"ReadAction\",\"target\":[\"https:\\\/\\\/ziegelhof-liestal.ch\\\/?p=1233\"]}]},{\"@type\":\"ImageObject\",\"inLanguage\":\"de\",\"@id\":\"https:\\\/\\\/ziegelhof-liestal.ch\\\/?p=1233#primaryimage\",\"url\":\"https:\\\/\\\/ziegelhof-liestal.ch\\\/wp-content\\\/uploads\\\/2017\\\/09\\\/DSC07848.jpg\",\"contentUrl\":\"https:\\\/\\\/ziegelhof-liestal.ch\\\/wp-content\\\/uploads\\\/2017\\\/09\\\/DSC07848.jpg\",\"width\":2835,\"height\":1891},{\"@type\":\"BreadcrumbList\",\"@id\":\"https:\\\/\\\/ziegelhof-liestal.ch\\\/?p=1233#breadcrumb\",\"itemListElement\":[{\"@type\":\"ListItem\",\"position\":1,\"name\":\"Startseite\",\"item\":\"https:\\\/\\\/ziegelhof-liestal.ch\\\/\"},{\"@type\":\"ListItem\",\"position\":2,\"name\":\"EINE PV-ANLAGE AUF DER ABF\u00dcLLHALLE?\"}]},{\"@type\":\"WebSite\",\"@id\":\"https:\\\/\\\/ziegelhof-liestal.ch\\\/#website\",\"url\":\"https:\\\/\\\/ziegelhof-liestal.ch\\\/\",\"name\":\"ZIEGELHOFAREAL\",\"description\":\"\",\"potentialAction\":[{\"@type\":\"SearchAction\",\"target\":{\"@type\":\"EntryPoint\",\"urlTemplate\":\"https:\\\/\\\/ziegelhof-liestal.ch\\\/?s={search_term_string}\"},\"query-input\":{\"@type\":\"PropertyValueSpecification\",\"valueRequired\":true,\"valueName\":\"search_term_string\"}}],\"inLanguage\":\"de\"},{\"@type\":\"Person\",\"@id\":\"https:\\\/\\\/ziegelhof-liestal.ch\\\/#\\\/schema\\\/person\\\/162963545808c0e8c0b33a6b6acb2e6e\",\"name\":\"Ben Pohl\",\"url\":\"https:\\\/\\\/ziegelhof-liestal.ch\\\/?author=2\"}]}<\/script>\n<!-- \/ Yoast SEO plugin. -->","yoast_head_json":{"title":"EINE PV-ANLAGE AUF DER ABF\u00dcLLHALLE? - ZIEGELHOFAREAL","robots":{"index":"index","follow":"follow","max-snippet":"max-snippet:-1","max-image-preview":"max-image-preview:large","max-video-preview":"max-video-preview:-1"},"canonical":"https:\/\/ziegelhof-liestal.ch\/?p=1233","og_locale":"de_DE","og_type":"article","og_title":"EINE PV-ANLAGE AUF DER ABF\u00dcLLHALLE? - ZIEGELHOFAREAL","og_description":"EINE PV ANLAGE AUF DER ABF\u00dcLLHALLE EINE BACHELORTHESE","og_url":"https:\/\/ziegelhof-liestal.ch\/?p=1233","og_site_name":"ZIEGELHOFAREAL","article_published_time":"2017-09-18T14:42:52+00:00","article_modified_time":"2018-09-13T09:06:40+00:00","og_image":[{"width":1024,"height":683,"url":"https:\/\/ziegelhof-liestal.ch\/wp-content\/uploads\/2017\/09\/DSC07848-1024x683.jpg","type":"image\/jpeg"}],"author":"Ben Pohl","twitter_card":"summary_large_image","twitter_misc":{"Verfasst von":"Ben Pohl","Gesch\u00e4tzte Lesezeit":"1\u00a0Minute"},"schema":{"@context":"https:\/\/schema.org","@graph":[{"@type":"Article","@id":"https:\/\/ziegelhof-liestal.ch\/?p=1233#article","isPartOf":{"@id":"https:\/\/ziegelhof-liestal.ch\/?p=1233"},"author":{"name":"Ben Pohl","@id":"https:\/\/ziegelhof-liestal.ch\/#\/schema\/person\/162963545808c0e8c0b33a6b6acb2e6e"},"headline":"EINE PV-ANLAGE AUF DER ABF\u00dcLLHALLE?","datePublished":"2017-09-18T14:42:52+00:00","dateModified":"2018-09-13T09:06:40+00:00","mainEntityOfPage":{"@id":"https:\/\/ziegelhof-liestal.ch\/?p=1233"},"wordCount":150,"image":{"@id":"https:\/\/ziegelhof-liestal.ch\/?p=1233#primaryimage"},"thumbnailUrl":"https:\/\/ziegelhof-liestal.ch\/wp-content\/uploads\/2017\/09\/DSC07848.jpg","articleSection":["Arealentwicklung"],"inLanguage":"de"},{"@type":"WebPage","@id":"https:\/\/ziegelhof-liestal.ch\/?p=1233","url":"https:\/\/ziegelhof-liestal.ch\/?p=1233","name":"EINE PV-ANLAGE AUF DER ABF\u00dcLLHALLE? - ZIEGELHOFAREAL","isPartOf":{"@id":"https:\/\/ziegelhof-liestal.ch\/#website"},"primaryImageOfPage":{"@id":"https:\/\/ziegelhof-liestal.ch\/?p=1233#primaryimage"},"image":{"@id":"https:\/\/ziegelhof-liestal.ch\/?p=1233#primaryimage"},"thumbnailUrl":"https:\/\/ziegelhof-liestal.ch\/wp-content\/uploads\/2017\/09\/DSC07848.jpg","datePublished":"2017-09-18T14:42:52+00:00","dateModified":"2018-09-13T09:06:40+00:00","author":{"@id":"https:\/\/ziegelhof-liestal.ch\/#\/schema\/person\/162963545808c0e8c0b33a6b6acb2e6e"},"breadcrumb":{"@id":"https:\/\/ziegelhof-liestal.ch\/?p=1233#breadcrumb"},"inLanguage":"de","potentialAction":[{"@type":"ReadAction","target":["https:\/\/ziegelhof-liestal.ch\/?p=1233"]}]},{"@type":"ImageObject","inLanguage":"de","@id":"https:\/\/ziegelhof-liestal.ch\/?p=1233#primaryimage","url":"https:\/\/ziegelhof-liestal.ch\/wp-content\/uploads\/2017\/09\/DSC07848.jpg","contentUrl":"https:\/\/ziegelhof-liestal.ch\/wp-content\/uploads\/2017\/09\/DSC07848.jpg","width":2835,"height":1891},{"@type":"BreadcrumbList","@id":"https:\/\/ziegelhof-liestal.ch\/?p=1233#breadcrumb","itemListElement":[{"@type":"ListItem","position":1,"name":"Startseite","item":"https:\/\/ziegelhof-liestal.ch\/"},{"@type":"ListItem","position":2,"name":"EINE PV-ANLAGE AUF DER ABF\u00dcLLHALLE?"}]},{"@type":"WebSite","@id":"https:\/\/ziegelhof-liestal.ch\/#website","url":"https:\/\/ziegelhof-liestal.ch\/","name":"ZIEGELHOFAREAL","description":"","potentialAction":[{"@type":"SearchAction","target":{"@type":"EntryPoint","urlTemplate":"https:\/\/ziegelhof-liestal.ch\/?s={search_term_string}"},"query-input":{"@type":"PropertyValueSpecification","valueRequired":true,"valueName":"search_term_string"}}],"inLanguage":"de"},{"@type":"Person","@id":"https:\/\/ziegelhof-liestal.ch\/#\/schema\/person\/162963545808c0e8c0b33a6b6acb2e6e","name":"Ben Pohl","url":"https:\/\/ziegelhof-liestal.ch\/?author=2"}]}},"_links":{"self":[{"href":"https:\/\/ziegelhof-liestal.ch\/index.php?rest_route=\/wp\/v2\/posts\/1233","targetHints":{"allow":["GET"]}}],"collection":[{"href":"https:\/\/ziegelhof-liestal.ch\/index.php?rest_route=\/wp\/v2\/posts"}],"about":[{"href":"https:\/\/ziegelhof-liestal.ch\/index.php?rest_route=\/wp\/v2\/types\/post"}],"author":[{"embeddable":true,"href":"https:\/\/ziegelhof-liestal.ch\/index.php?rest_route=\/wp\/v2\/users\/2"}],"replies":[{"embeddable":true,"href":"https:\/\/ziegelhof-liestal.ch\/index.php?rest_route=%2Fwp%2Fv2%2Fcomments&post=1233"}],"version-history":[{"count":25,"href":"https:\/\/ziegelhof-liestal.ch\/index.php?rest_route=\/wp\/v2\/posts\/1233\/revisions"}],"predecessor-version":[{"id":2064,"href":"https:\/\/ziegelhof-liestal.ch\/index.php?rest_route=\/wp\/v2\/posts\/1233\/revisions\/2064"}],"wp:featuredmedia":[{"embeddable":true,"href":"https:\/\/ziegelhof-liestal.ch\/index.php?rest_route=\/wp\/v2\/media\/1266"}],"wp:attachment":[{"href":"https:\/\/ziegelhof-liestal.ch\/index.php?rest_route=%2Fwp%2Fv2%2Fmedia&parent=1233"}],"wp:term":[{"taxonomy":"category","embeddable":true,"href":"https:\/\/ziegelhof-liestal.ch\/index.php?rest_route=%2Fwp%2Fv2%2Fcategories&post=1233"},{"taxonomy":"post_tag","embeddable":true,"href":"https:\/\/ziegelhof-liestal.ch\/index.php?rest_route=%2Fwp%2Fv2%2Ftags&post=1233"}],"curies":[{"name":"wp","href":"https:\/\/api.w.org\/{rel}","templated":true}]}}