{"id":1720,"date":"2018-08-20T09:40:53","date_gmt":"2018-08-20T09:40:53","guid":{"rendered":"https:\/\/ziegelhof-liestal.ch\/?p=1720"},"modified":"2018-09-13T08:08:15","modified_gmt":"2018-09-13T08:08:15","slug":"1-baselbieter-biermarkt-01-02-06-2018-2","status":"publish","type":"post","link":"https:\/\/ziegelhof-liestal.ch\/?p=1720","title":{"rendered":"THEATERVORSTELLUNG: R\u00dbAH | 23.08. &#8211; 02.09.2018"},"content":{"rendered":"<div id=\"pl-1720\"  class=\"panel-layout\" ><div id=\"pg-1720-0\"  class=\"panel-grid panel-has-style\" ><div class=\"so-parallax siteorigin-panels-stretch panel-row-style panel-row-style-for-1720-0\" data-stretch-type=\"full-stretched\" ><img fetchpriority=\"high\" decoding=\"async\" width=\"2835\" height=\"1891\" src=\"https:\/\/ziegelhof-liestal.ch\/wp-content\/uploads\/2016\/10\/DSC07457.jpg\" class=\"attachment-full size-full\" alt=\"\" data-siteorigin-parallax=\"true\" loading=\"eager\" srcset=\"https:\/\/ziegelhof-liestal.ch\/wp-content\/uploads\/2016\/10\/DSC07457.jpg 2835w, https:\/\/ziegelhof-liestal.ch\/wp-content\/uploads\/2016\/10\/DSC07457-300x200.jpg 300w, https:\/\/ziegelhof-liestal.ch\/wp-content\/uploads\/2016\/10\/DSC07457-768x512.jpg 768w, https:\/\/ziegelhof-liestal.ch\/wp-content\/uploads\/2016\/10\/DSC07457-1024x683.jpg 1024w, https:\/\/ziegelhof-liestal.ch\/wp-content\/uploads\/2016\/10\/DSC07457-600x400.jpg 600w, https:\/\/ziegelhof-liestal.ch\/wp-content\/uploads\/2016\/10\/DSC07457-750x500.jpg 750w, https:\/\/ziegelhof-liestal.ch\/wp-content\/uploads\/2016\/10\/DSC07457-50x33.jpg 50w, https:\/\/ziegelhof-liestal.ch\/wp-content\/uploads\/2016\/10\/DSC07457-272x182.jpg 272w\" sizes=\"(max-width: 2835px) 100vw, 2835px\" \/><div id=\"pgc-1720-0-0\"  class=\"panel-grid-cell\" ><div id=\"panel-1720-0-0-0\" class=\"so-panel widget widget_sow-headline panel-first-child panel-last-child\" data-index=\"0\" ><div class=\"panel-widget-style panel-widget-style-for-1720-0-0-0\" ><div\n\t\t\t\n\t\t\tclass=\"so-widget-sow-headline so-widget-sow-headline-default-8fc5436c1158-1720 so-widget-fittext-wrapper\"\n\t\t\t data-fit-text-compressor=\"0.85\"\n\t\t><div class=\"sow-headline-container \">\n\t\t\t\t\t\t\t<h1 class=\"sow-headline\">\n\t\t\t\t\t\tTEXTE UND T\u00d6NE: R\u00dbAH | INSZENIERUNG | 23.08. &#8211; 02.09.2018\t\t\t\t\t\t<\/h1>\n\t\t\t\t\t\t\t\t\t\t\t<div class=\"decoration\">\n\t\t\t\t\t\t<div class=\"decoration-inside\"><\/div>\n\t\t\t\t\t<\/div>\n\t\t\t\t\t<\/div>\n<\/div><\/div><\/div><\/div><\/div><\/div><div id=\"pg-1720-1\"  class=\"panel-grid panel-no-style\" ><div id=\"pgc-1720-1-0\"  class=\"panel-grid-cell\" ><div id=\"panel-1720-1-0-0\" class=\"so-panel widget widget_sow-editor panel-first-child panel-last-child\" data-index=\"1\" ><div class=\"panel-widget-style panel-widget-style-for-1720-1-0-0\" ><div\n\t\t\t\n\t\t\tclass=\"so-widget-sow-editor so-widget-sow-editor-base\"\n\t\t\t\n\t\t>\n<div class=\"siteorigin-widget-tinymce textwidget\">\n\t<div class=\"page\" title=\"Page 1\"><code style=\"display: none;\"><br \/>\n<\/code><\/p>\n<div class=\"layoutArea\"><code style=\"display: none;\"><br \/>\n<\/code><\/p>\n<div class=\"column\"><code style=\"display: none;\"><br \/>\n<\/code><\/p>\n<h2 style=\"text-align: center;\"><em>R\u00dbAH <\/em>VON <em>TEXTE UND T\u00d6NE<\/em><\/h2>\n<h2 style=\"text-align: center;\">\n<\/h2>\n<p><code style=\"display: none;\"><br \/>\n<\/code><\/p>\n<\/div>\n<p><code style=\"display: none;\"><br \/>\n<\/code><\/p>\n<\/div>\n<p><code style=\"display: none;\"><br \/>\n<\/code><\/p>\n<\/div>\n<\/div>\n<\/div><\/div><\/div><\/div><\/div><div id=\"pg-1720-2\"  class=\"panel-grid panel-no-style\" ><div id=\"pgc-1720-2-0\"  class=\"panel-grid-cell\" ><div id=\"panel-1720-2-0-0\" class=\"so-panel widget widget_sow-editor panel-first-child panel-last-child\" data-index=\"2\" ><div class=\"panel-widget-style panel-widget-style-for-1720-2-0-0\" ><div\n\t\t\t\n\t\t\tclass=\"so-widget-sow-editor so-widget-sow-editor-base\"\n\t\t\t\n\t\t>\n<div class=\"siteorigin-widget-tinymce textwidget\">\n\t<div class=\"page\" title=\"Page 1\">\n<div class=\"column\"><span style=\"text-decoration: underline;\">Vorstellungen<\/span>:<\/div>\n<div class=\"column\">23. \u2013 26. August &amp; 30. August \u2013 02. September 2018; 20:30 Uhr<\/div>\n<div>*23. &amp; 30. August um 19:30 \u2013 Einf\u00fchrung mit Hans-Dieter Huellstrung<\/div>\n<\/div>\n<div>\n<div>\u00a0<\/div>\n<div><span style=\"text-decoration: underline;\">Veranstaltungsort<\/span>:<\/div>\n<div class=\"page\" title=\"Page 1\">\n<p>Abf\u00fcllhalle auf dem Ziegelhof Areal, Liestal<\/p>\n<\/div>\n<\/div>\n<div><span style=\"text-decoration: underline;\">Tickets<\/span>:<\/div>\n<div>unter <a class=\"\" href=\"https:\/\/www.ticketino.com\/de\/OrganizerShop\/1257956\/EventGroup\/ruah\/1703\">ticketino.ch<\/a> &amp; an allen schweizerischen Poststellen<\/div>\n<div>\u00a0<\/div>\n<div class=\"page\" title=\"Page 1\">\n<p>&nbsp;<\/p>\n<\/div><\/div>\n<\/div><\/div><\/div><\/div><div id=\"pgc-1720-2-1\"  class=\"panel-grid-cell\" ><div id=\"panel-1720-2-1-0\" class=\"so-panel widget widget_sow-editor panel-first-child panel-last-child\" data-index=\"3\" ><div class=\"panel-widget-style panel-widget-style-for-1720-2-1-0\" ><div\n\t\t\t\n\t\t\tclass=\"so-widget-sow-editor so-widget-sow-editor-base\"\n\t\t\t\n\t\t>\n<div class=\"siteorigin-widget-tinymce textwidget\">\n\t<p>Im Anfang\u2026 Wir nehmen die Geschichte, die berichtet, wie alles angefangen hat: die Sch\u00f6pfungsgeschichte, wie sie im Alten Testament \u00fcberliefert ist in einer \u00dcbersetzung, die verbl\u00fcfft (M.Buber\/F. Rosenzweig). In diesen kollektiven Mythos, der in unseren K\u00f6pfen steckt, h\u00f6ren wir hinein, wir erkunden ihn und wecken ihn zu neuem Leben. Dabei verlassen wir uns auf unsere Stimmen, sprechend, singend, in festgef\u00fcgten Tonfolgen und offenen Prozessen. Wie geht das zusammen, die Stimmen, die T\u00f6ne, die Bewegungen im Raum? Und was liegt dazwischen, zwischen dem Sprechen und dem Singen? Alle M\u00f6glichkeiten wollen ausprobiert sein: eine Stimme allein, nur M\u00e4nnerstimmen, nur Frauenstimmen, nur Bewegungen, Momentaufnahmen und immer wieder l\u00e4ngere, streng komponierte Passagen, entwickelt von der jungen schwedischen Komponistin Maja Linderoth. Das achtzehnk\u00f6pfige, professionelle Ensemble aus S\u00e4ngernInnen und SchauspielernInnen singt, erz\u00e4hlt und bewegt die Geschichte. Im selben Raum setzt sich parallel zum B\u00fchnengeschehen eine Rauminstallation, elektronische Musik und Perkusskion mit dem Stoff auseinander. \u00dcberlagerungen, Schichtungen als Darstellungsprinzip. Und dies an einem Ort, der am Ende seiner Bestimmung angelangt ist, in einer Industriebrache. In der Auseinandersetzung mit dem Sch\u00f6pfungsmythos wollen wir diese aus der Weltgeschichte gefallene Industriehalle neu entdecken, neu sehen, neu h\u00f6ren. Anfang und Ende miteinander verkn\u00fcpfen. In der Ursuppe r\u00fchren und sch\u00f6pfen, nicht nur Wasser, bis zur Ersch\u00f6pfung.<\/p>\n<p><a href=\"http:\/\/texteundtoene.ch\/projekte\/ruah\/\">Texte und T\u00f6ne | r\u00fbah<\/a><\/p><\/div>\n<\/div><\/div><\/div><\/div><\/div><\/div>","protected":false},"excerpt":{"rendered":"<p>R\u00dbAH VON TEXTE UND T\u00d6NE<\/p>\n","protected":false},"author":2,"featured_media":1721,"comment_status":"closed","ping_status":"closed","sticky":false,"template":"","format":"standard","meta":{"inline_featured_image":false,"footnotes":""},"categories":[3],"tags":[],"class_list":["post-1720","post","type-post","status-publish","format-standard","has-post-thumbnail","hentry","category-veranstaltungen"],"yoast_head":"<!-- This site is optimized with the Yoast SEO plugin v27.5 - https:\/\/yoast.com\/product\/yoast-seo-wordpress\/ -->\n<title>THEATERVORSTELLUNG: R\u00dbAH | 23.08. - 02.09.2018 - ZIEGELHOFAREAL<\/title>\n<meta name=\"robots\" content=\"index, follow, max-snippet:-1, max-image-preview:large, max-video-preview:-1\" \/>\n<link rel=\"canonical\" href=\"https:\/\/ziegelhof-liestal.ch\/?p=1720\" \/>\n<meta property=\"og:locale\" content=\"de_DE\" \/>\n<meta property=\"og:type\" content=\"article\" \/>\n<meta property=\"og:title\" content=\"THEATERVORSTELLUNG: R\u00dbAH | 23.08. - 02.09.2018 - ZIEGELHOFAREAL\" \/>\n<meta property=\"og:description\" content=\"R\u00dbAH VON TEXTE UND T\u00d6NE\" \/>\n<meta property=\"og:url\" content=\"https:\/\/ziegelhof-liestal.ch\/?p=1720\" \/>\n<meta property=\"og:site_name\" content=\"ZIEGELHOFAREAL\" \/>\n<meta property=\"article:published_time\" content=\"2018-08-20T09:40:53+00:00\" \/>\n<meta property=\"article:modified_time\" content=\"2018-09-13T08:08:15+00:00\" \/>\n<meta property=\"og:image\" content=\"https:\/\/ziegelhof-liestal.ch\/wp-content\/uploads\/2018\/07\/RUAH-e1532079432567.jpg\" \/>\n\t<meta property=\"og:image:width\" content=\"1241\" \/>\n\t<meta property=\"og:image:height\" content=\"891\" \/>\n\t<meta property=\"og:image:type\" content=\"image\/jpeg\" \/>\n<meta name=\"author\" content=\"Ben Pohl\" \/>\n<meta name=\"twitter:card\" content=\"summary_large_image\" \/>\n<meta name=\"twitter:label1\" content=\"Verfasst von\" \/>\n\t<meta name=\"twitter:data1\" content=\"Ben Pohl\" \/>\n\t<meta name=\"twitter:label2\" content=\"Gesch\u00e4tzte Lesezeit\" \/>\n\t<meta name=\"twitter:data2\" content=\"1\u00a0Minute\" \/>\n<script type=\"application\/ld+json\" class=\"yoast-schema-graph\">{\"@context\":\"https:\\\/\\\/schema.org\",\"@graph\":[{\"@type\":\"Article\",\"@id\":\"https:\\\/\\\/ziegelhof-liestal.ch\\\/?p=1720#article\",\"isPartOf\":{\"@id\":\"https:\\\/\\\/ziegelhof-liestal.ch\\\/?p=1720\"},\"author\":{\"name\":\"Ben Pohl\",\"@id\":\"https:\\\/\\\/ziegelhof-liestal.ch\\\/#\\\/schema\\\/person\\\/162963545808c0e8c0b33a6b6acb2e6e\"},\"headline\":\"THEATERVORSTELLUNG: R\u00dbAH | 23.08. &#8211; 02.09.2018\",\"datePublished\":\"2018-08-20T09:40:53+00:00\",\"dateModified\":\"2018-09-13T08:08:15+00:00\",\"mainEntityOfPage\":{\"@id\":\"https:\\\/\\\/ziegelhof-liestal.ch\\\/?p=1720\"},\"wordCount\":283,\"image\":{\"@id\":\"https:\\\/\\\/ziegelhof-liestal.ch\\\/?p=1720#primaryimage\"},\"thumbnailUrl\":\"https:\\\/\\\/ziegelhof-liestal.ch\\\/wp-content\\\/uploads\\\/2018\\\/07\\\/RUAH-e1532079432567.jpg\",\"articleSection\":[\"Veranstaltungen\"],\"inLanguage\":\"de\"},{\"@type\":\"WebPage\",\"@id\":\"https:\\\/\\\/ziegelhof-liestal.ch\\\/?p=1720\",\"url\":\"https:\\\/\\\/ziegelhof-liestal.ch\\\/?p=1720\",\"name\":\"THEATERVORSTELLUNG: R\u00dbAH | 23.08. - 02.09.2018 - ZIEGELHOFAREAL\",\"isPartOf\":{\"@id\":\"https:\\\/\\\/ziegelhof-liestal.ch\\\/#website\"},\"primaryImageOfPage\":{\"@id\":\"https:\\\/\\\/ziegelhof-liestal.ch\\\/?p=1720#primaryimage\"},\"image\":{\"@id\":\"https:\\\/\\\/ziegelhof-liestal.ch\\\/?p=1720#primaryimage\"},\"thumbnailUrl\":\"https:\\\/\\\/ziegelhof-liestal.ch\\\/wp-content\\\/uploads\\\/2018\\\/07\\\/RUAH-e1532079432567.jpg\",\"datePublished\":\"2018-08-20T09:40:53+00:00\",\"dateModified\":\"2018-09-13T08:08:15+00:00\",\"author\":{\"@id\":\"https:\\\/\\\/ziegelhof-liestal.ch\\\/#\\\/schema\\\/person\\\/162963545808c0e8c0b33a6b6acb2e6e\"},\"breadcrumb\":{\"@id\":\"https:\\\/\\\/ziegelhof-liestal.ch\\\/?p=1720#breadcrumb\"},\"inLanguage\":\"de\",\"potentialAction\":[{\"@type\":\"ReadAction\",\"target\":[\"https:\\\/\\\/ziegelhof-liestal.ch\\\/?p=1720\"]}]},{\"@type\":\"ImageObject\",\"inLanguage\":\"de\",\"@id\":\"https:\\\/\\\/ziegelhof-liestal.ch\\\/?p=1720#primaryimage\",\"url\":\"https:\\\/\\\/ziegelhof-liestal.ch\\\/wp-content\\\/uploads\\\/2018\\\/07\\\/RUAH-e1532079432567.jpg\",\"contentUrl\":\"https:\\\/\\\/ziegelhof-liestal.ch\\\/wp-content\\\/uploads\\\/2018\\\/07\\\/RUAH-e1532079432567.jpg\",\"width\":1241,\"height\":891,\"caption\":\"Rezension - r\u00fbah\"},{\"@type\":\"BreadcrumbList\",\"@id\":\"https:\\\/\\\/ziegelhof-liestal.ch\\\/?p=1720#breadcrumb\",\"itemListElement\":[{\"@type\":\"ListItem\",\"position\":1,\"name\":\"Startseite\",\"item\":\"https:\\\/\\\/ziegelhof-liestal.ch\\\/\"},{\"@type\":\"ListItem\",\"position\":2,\"name\":\"THEATERVORSTELLUNG: R\u00dbAH | 23.08. &#8211; 02.09.2018\"}]},{\"@type\":\"WebSite\",\"@id\":\"https:\\\/\\\/ziegelhof-liestal.ch\\\/#website\",\"url\":\"https:\\\/\\\/ziegelhof-liestal.ch\\\/\",\"name\":\"ZIEGELHOFAREAL\",\"description\":\"\",\"potentialAction\":[{\"@type\":\"SearchAction\",\"target\":{\"@type\":\"EntryPoint\",\"urlTemplate\":\"https:\\\/\\\/ziegelhof-liestal.ch\\\/?s={search_term_string}\"},\"query-input\":{\"@type\":\"PropertyValueSpecification\",\"valueRequired\":true,\"valueName\":\"search_term_string\"}}],\"inLanguage\":\"de\"},{\"@type\":\"Person\",\"@id\":\"https:\\\/\\\/ziegelhof-liestal.ch\\\/#\\\/schema\\\/person\\\/162963545808c0e8c0b33a6b6acb2e6e\",\"name\":\"Ben Pohl\",\"url\":\"https:\\\/\\\/ziegelhof-liestal.ch\\\/?author=2\"}]}<\/script>\n<!-- \/ Yoast SEO plugin. -->","yoast_head_json":{"title":"THEATERVORSTELLUNG: R\u00dbAH | 23.08. - 02.09.2018 - ZIEGELHOFAREAL","robots":{"index":"index","follow":"follow","max-snippet":"max-snippet:-1","max-image-preview":"max-image-preview:large","max-video-preview":"max-video-preview:-1"},"canonical":"https:\/\/ziegelhof-liestal.ch\/?p=1720","og_locale":"de_DE","og_type":"article","og_title":"THEATERVORSTELLUNG: R\u00dbAH | 23.08. - 02.09.2018 - ZIEGELHOFAREAL","og_description":"R\u00dbAH VON TEXTE UND T\u00d6NE","og_url":"https:\/\/ziegelhof-liestal.ch\/?p=1720","og_site_name":"ZIEGELHOFAREAL","article_published_time":"2018-08-20T09:40:53+00:00","article_modified_time":"2018-09-13T08:08:15+00:00","og_image":[{"width":1241,"height":891,"url":"https:\/\/ziegelhof-liestal.ch\/wp-content\/uploads\/2018\/07\/RUAH-e1532079432567.jpg","type":"image\/jpeg"}],"author":"Ben Pohl","twitter_card":"summary_large_image","twitter_misc":{"Verfasst von":"Ben Pohl","Gesch\u00e4tzte Lesezeit":"1\u00a0Minute"},"schema":{"@context":"https:\/\/schema.org","@graph":[{"@type":"Article","@id":"https:\/\/ziegelhof-liestal.ch\/?p=1720#article","isPartOf":{"@id":"https:\/\/ziegelhof-liestal.ch\/?p=1720"},"author":{"name":"Ben Pohl","@id":"https:\/\/ziegelhof-liestal.ch\/#\/schema\/person\/162963545808c0e8c0b33a6b6acb2e6e"},"headline":"THEATERVORSTELLUNG: R\u00dbAH | 23.08. &#8211; 02.09.2018","datePublished":"2018-08-20T09:40:53+00:00","dateModified":"2018-09-13T08:08:15+00:00","mainEntityOfPage":{"@id":"https:\/\/ziegelhof-liestal.ch\/?p=1720"},"wordCount":283,"image":{"@id":"https:\/\/ziegelhof-liestal.ch\/?p=1720#primaryimage"},"thumbnailUrl":"https:\/\/ziegelhof-liestal.ch\/wp-content\/uploads\/2018\/07\/RUAH-e1532079432567.jpg","articleSection":["Veranstaltungen"],"inLanguage":"de"},{"@type":"WebPage","@id":"https:\/\/ziegelhof-liestal.ch\/?p=1720","url":"https:\/\/ziegelhof-liestal.ch\/?p=1720","name":"THEATERVORSTELLUNG: R\u00dbAH | 23.08. - 02.09.2018 - ZIEGELHOFAREAL","isPartOf":{"@id":"https:\/\/ziegelhof-liestal.ch\/#website"},"primaryImageOfPage":{"@id":"https:\/\/ziegelhof-liestal.ch\/?p=1720#primaryimage"},"image":{"@id":"https:\/\/ziegelhof-liestal.ch\/?p=1720#primaryimage"},"thumbnailUrl":"https:\/\/ziegelhof-liestal.ch\/wp-content\/uploads\/2018\/07\/RUAH-e1532079432567.jpg","datePublished":"2018-08-20T09:40:53+00:00","dateModified":"2018-09-13T08:08:15+00:00","author":{"@id":"https:\/\/ziegelhof-liestal.ch\/#\/schema\/person\/162963545808c0e8c0b33a6b6acb2e6e"},"breadcrumb":{"@id":"https:\/\/ziegelhof-liestal.ch\/?p=1720#breadcrumb"},"inLanguage":"de","potentialAction":[{"@type":"ReadAction","target":["https:\/\/ziegelhof-liestal.ch\/?p=1720"]}]},{"@type":"ImageObject","inLanguage":"de","@id":"https:\/\/ziegelhof-liestal.ch\/?p=1720#primaryimage","url":"https:\/\/ziegelhof-liestal.ch\/wp-content\/uploads\/2018\/07\/RUAH-e1532079432567.jpg","contentUrl":"https:\/\/ziegelhof-liestal.ch\/wp-content\/uploads\/2018\/07\/RUAH-e1532079432567.jpg","width":1241,"height":891,"caption":"Rezension - r\u00fbah"},{"@type":"BreadcrumbList","@id":"https:\/\/ziegelhof-liestal.ch\/?p=1720#breadcrumb","itemListElement":[{"@type":"ListItem","position":1,"name":"Startseite","item":"https:\/\/ziegelhof-liestal.ch\/"},{"@type":"ListItem","position":2,"name":"THEATERVORSTELLUNG: R\u00dbAH | 23.08. &#8211; 02.09.2018"}]},{"@type":"WebSite","@id":"https:\/\/ziegelhof-liestal.ch\/#website","url":"https:\/\/ziegelhof-liestal.ch\/","name":"ZIEGELHOFAREAL","description":"","potentialAction":[{"@type":"SearchAction","target":{"@type":"EntryPoint","urlTemplate":"https:\/\/ziegelhof-liestal.ch\/?s={search_term_string}"},"query-input":{"@type":"PropertyValueSpecification","valueRequired":true,"valueName":"search_term_string"}}],"inLanguage":"de"},{"@type":"Person","@id":"https:\/\/ziegelhof-liestal.ch\/#\/schema\/person\/162963545808c0e8c0b33a6b6acb2e6e","name":"Ben Pohl","url":"https:\/\/ziegelhof-liestal.ch\/?author=2"}]}},"_links":{"self":[{"href":"https:\/\/ziegelhof-liestal.ch\/index.php?rest_route=\/wp\/v2\/posts\/1720","targetHints":{"allow":["GET"]}}],"collection":[{"href":"https:\/\/ziegelhof-liestal.ch\/index.php?rest_route=\/wp\/v2\/posts"}],"about":[{"href":"https:\/\/ziegelhof-liestal.ch\/index.php?rest_route=\/wp\/v2\/types\/post"}],"author":[{"embeddable":true,"href":"https:\/\/ziegelhof-liestal.ch\/index.php?rest_route=\/wp\/v2\/users\/2"}],"replies":[{"embeddable":true,"href":"https:\/\/ziegelhof-liestal.ch\/index.php?rest_route=%2Fwp%2Fv2%2Fcomments&post=1720"}],"version-history":[{"count":17,"href":"https:\/\/ziegelhof-liestal.ch\/index.php?rest_route=\/wp\/v2\/posts\/1720\/revisions"}],"predecessor-version":[{"id":2029,"href":"https:\/\/ziegelhof-liestal.ch\/index.php?rest_route=\/wp\/v2\/posts\/1720\/revisions\/2029"}],"wp:featuredmedia":[{"embeddable":true,"href":"https:\/\/ziegelhof-liestal.ch\/index.php?rest_route=\/wp\/v2\/media\/1721"}],"wp:attachment":[{"href":"https:\/\/ziegelhof-liestal.ch\/index.php?rest_route=%2Fwp%2Fv2%2Fmedia&parent=1720"}],"wp:term":[{"taxonomy":"category","embeddable":true,"href":"https:\/\/ziegelhof-liestal.ch\/index.php?rest_route=%2Fwp%2Fv2%2Fcategories&post=1720"},{"taxonomy":"post_tag","embeddable":true,"href":"https:\/\/ziegelhof-liestal.ch\/index.php?rest_route=%2Fwp%2Fv2%2Ftags&post=1720"}],"curies":[{"name":"wp","href":"https:\/\/api.w.org\/{rel}","templated":true}]}}