{"id":1861,"date":"2018-09-11T13:08:08","date_gmt":"2018-09-11T13:08:08","guid":{"rendered":"https:\/\/ziegelhof-liestal.ch\/?p=1861"},"modified":"2020-07-29T08:35:47","modified_gmt":"2020-07-29T08:35:47","slug":"stammtisch-14-03-2018-1930-uhr-2-3","status":"publish","type":"post","link":"https:\/\/ziegelhof-liestal.ch\/?p=1861","title":{"rendered":"F\u00dcHRUNG AUF DEM ZIEGELHOF | 24.10.18 | 19:00 UHR"},"content":{"rendered":"<div id=\"pl-1861\"  class=\"panel-layout\" ><div id=\"pg-1861-0\"  class=\"panel-grid panel-has-style\" ><div class=\"so-parallax siteorigin-panels-stretch panel-row-style panel-row-style-for-1861-0\" data-stretch-type=\"full-stretched\" ><img fetchpriority=\"high\" decoding=\"async\" width=\"2835\" height=\"1891\" src=\"https:\/\/ziegelhof-liestal.ch\/wp-content\/uploads\/2016\/10\/DSC07050.jpg\" class=\"attachment-full size-full\" alt=\"\" data-siteorigin-parallax=\"true\" loading=\"eager\" srcset=\"https:\/\/ziegelhof-liestal.ch\/wp-content\/uploads\/2016\/10\/DSC07050.jpg 2835w, https:\/\/ziegelhof-liestal.ch\/wp-content\/uploads\/2016\/10\/DSC07050-300x200.jpg 300w, https:\/\/ziegelhof-liestal.ch\/wp-content\/uploads\/2016\/10\/DSC07050-768x512.jpg 768w, https:\/\/ziegelhof-liestal.ch\/wp-content\/uploads\/2016\/10\/DSC07050-1024x683.jpg 1024w, https:\/\/ziegelhof-liestal.ch\/wp-content\/uploads\/2016\/10\/DSC07050-600x400.jpg 600w, https:\/\/ziegelhof-liestal.ch\/wp-content\/uploads\/2016\/10\/DSC07050-750x500.jpg 750w, https:\/\/ziegelhof-liestal.ch\/wp-content\/uploads\/2016\/10\/DSC07050-50x33.jpg 50w, https:\/\/ziegelhof-liestal.ch\/wp-content\/uploads\/2016\/10\/DSC07050-272x182.jpg 272w\" sizes=\"(max-width: 2835px) 100vw, 2835px\" \/><div id=\"pgc-1861-0-0\"  class=\"panel-grid-cell\" ><div id=\"panel-1861-0-0-0\" class=\"so-panel widget widget_sow-headline panel-first-child panel-last-child\" data-index=\"0\" ><div class=\"panel-widget-style panel-widget-style-for-1861-0-0-0\" ><div\n\t\t\t\n\t\t\tclass=\"so-widget-sow-headline so-widget-sow-headline-default-4c37d3d4075e-1861 so-widget-fittext-wrapper\"\n\t\t\t data-fit-text-compressor=\"0.85\"\n\t\t><div class=\"sow-headline-container \">\n\t\t\t\t\t\t\t<h1 class=\"sow-headline\">\n\t\t\t\t\t\tF\u00dcHRUNG | 24.10.18 | 19:00 UHR\t\t\t\t\t\t<\/h1>\n\t\t\t\t\t\t\t\t\t\t\t<div class=\"decoration\">\n\t\t\t\t\t\t<div class=\"decoration-inside\"><\/div>\n\t\t\t\t\t<\/div>\n\t\t\t\t\t<\/div>\n<\/div><\/div><\/div><\/div><\/div><\/div><div id=\"pg-1861-1\"  class=\"panel-grid panel-no-style\" ><div id=\"pgc-1861-1-0\"  class=\"panel-grid-cell\" ><div id=\"panel-1861-1-0-0\" class=\"so-panel widget widget_sow-editor panel-first-child\" data-index=\"1\" ><div class=\"panel-widget-style panel-widget-style-for-1861-1-0-0\" ><div\n\t\t\t\n\t\t\tclass=\"so-widget-sow-editor so-widget-sow-editor-base\"\n\t\t\t\n\t\t>\n<div class=\"siteorigin-widget-tinymce textwidget\">\n\t<div class=\"page\" title=\"Page 1\"><code style=\"display: none;\"><br \/>\n<\/code><\/p>\n<div class=\"layoutArea\"><code style=\"display: none;\"><br \/>\n<\/code><\/p>\n<div class=\"column\"><code style=\"display: none;\"><br \/>\n<\/code><\/p>\n<h2 style=\"text-align: center;\">F\u00dcHRUNG AUF DEM ZIEGELHOF<\/h2>\n<p style=\"text-align: center;\">GESTERN &#8211; HEUTE &#8211; MORGEN<\/p>\n<p><code style=\"display: none;\"><br \/>\n<\/code><\/p>\n<\/div>\n<p><code style=\"display: none;\"><br \/>\n<\/code><\/p>\n<\/div>\n<p><code style=\"display: none;\"><br \/>\n<\/code><\/p>\n<\/div>\n<\/div>\n<\/div><\/div><\/div><div id=\"panel-1861-1-0-1\" class=\"so-panel widget widget_sow-editor panel-last-child\" data-index=\"2\" ><div class=\"panel-widget-style panel-widget-style-for-1861-1-0-1\" ><div\n\t\t\t\n\t\t\tclass=\"so-widget-sow-editor so-widget-sow-editor-base\"\n\t\t\t\n\t\t>\n<div class=\"siteorigin-widget-tinymce textwidget\">\n\t<p>Der Verein Pro Ziegelhof l\u00e4dt wieder ein zu einem Stammtisch. Ivo Balmer, Projektbegleitung Ziegelhofareal, denkstatt, wird unter dem Motto &#8222;Gestern &#8211; Heute &#8211; Morgen&#8220; durch das Areal f\u00fchren. Dabei bringen wir Ihnen das Ziegelhofareal n\u00e4her und informieren \u00fcber die Entwicklungen auf dem Areal. Anschliessend findet ein Austausch im Bierst\u00fcbli statt.<\/p>\n<p>Der Vorstand freut sich auf eine rege Teilnahme!<\/p>\n<p>&nbsp;<\/p>\n<div class=\"column\"><strong>Datum: <\/strong>24.10.18 | <strong>Uhrzeit: <\/strong>um 19:00 Uhr | <strong>Treffpunkt: <\/strong>Vor dem B\u00fcrogeb\u00e4ude, Gerberstrasse 4<\/div>\n<div>\u00a0<\/div>\n<div>\u00a0<\/div>\n\n\n\n\n<div>\n<p>Hier finden Sie die Einladung zu F\u00fchrung und Stammtisch:<\/p>\n<p><a href=\"https:\/\/ziegelhof-liestal.ch\/wp-content\/uploads\/2018\/09\/10.-Stammtisch_Verein-Pro-Ziegelhof.pdf\">10. Stammtisch_Verein Pro Ziegelhof<\/a><\/p>\n<\/div>\n<\/div>\n<\/div><\/div><\/div><\/div><\/div><\/div>","protected":false},"excerpt":{"rendered":"<p>F\u00dcHRUNG AUF DEM ZIEGELHOF GESTERN &#8211; HEUTE &#8211; MORGEN Der Verein Pro Ziegelhof l\u00e4dt wieder ein zu einem Stammtisch. Ivo Balmer, Projektbegleitung Ziegelhofareal, denkstatt, wird unter dem Motto &#8222;Gestern &#8211; &#8230;<\/p>\n","protected":false},"author":2,"featured_media":577,"comment_status":"closed","ping_status":"closed","sticky":false,"template":"","format":"standard","meta":{"inline_featured_image":false,"footnotes":""},"categories":[3],"tags":[],"class_list":["post-1861","post","type-post","status-publish","format-standard","has-post-thumbnail","hentry","category-veranstaltungen"],"yoast_head":"<!-- This site is optimized with the Yoast SEO plugin v27.5 - https:\/\/yoast.com\/product\/yoast-seo-wordpress\/ -->\n<title>F\u00dcHRUNG AUF DEM ZIEGELHOF | 24.10.18 | 19:00 UHR - ZIEGELHOFAREAL<\/title>\n<meta name=\"robots\" content=\"index, follow, max-snippet:-1, max-image-preview:large, max-video-preview:-1\" \/>\n<link rel=\"canonical\" href=\"https:\/\/ziegelhof-liestal.ch\/?p=1861\" \/>\n<meta property=\"og:locale\" content=\"de_DE\" \/>\n<meta property=\"og:type\" content=\"article\" \/>\n<meta property=\"og:title\" content=\"F\u00dcHRUNG AUF DEM ZIEGELHOF | 24.10.18 | 19:00 UHR - ZIEGELHOFAREAL\" \/>\n<meta property=\"og:description\" content=\"F\u00dcHRUNG AUF DEM ZIEGELHOF GESTERN - HEUTE - MORGEN Der Verein Pro Ziegelhof l\u00e4dt wieder ein zu einem Stammtisch. Ivo Balmer, Projektbegleitung Ziegelhofareal, denkstatt, wird unter dem Motto &quot;Gestern - ...\" \/>\n<meta property=\"og:url\" content=\"https:\/\/ziegelhof-liestal.ch\/?p=1861\" \/>\n<meta property=\"og:site_name\" content=\"ZIEGELHOFAREAL\" \/>\n<meta property=\"article:published_time\" content=\"2018-09-11T13:08:08+00:00\" \/>\n<meta property=\"article:modified_time\" content=\"2020-07-29T08:35:47+00:00\" \/>\n<meta property=\"og:image\" content=\"https:\/\/ziegelhof-liestal.ch\/wp-content\/uploads\/2016\/10\/Ziegel-Areal-Header-Fallback-1024x683.jpg\" \/>\n\t<meta property=\"og:image:width\" content=\"1024\" \/>\n\t<meta property=\"og:image:height\" content=\"683\" \/>\n\t<meta property=\"og:image:type\" content=\"image\/jpeg\" \/>\n<meta name=\"author\" content=\"Ben Pohl\" \/>\n<meta name=\"twitter:card\" content=\"summary_large_image\" \/>\n<meta name=\"twitter:label1\" content=\"Verfasst von\" \/>\n\t<meta name=\"twitter:data1\" content=\"Ben Pohl\" \/>\n\t<meta name=\"twitter:label2\" content=\"Gesch\u00e4tzte Lesezeit\" \/>\n\t<meta name=\"twitter:data2\" content=\"1\u00a0Minute\" \/>\n<script type=\"application\/ld+json\" class=\"yoast-schema-graph\">{\"@context\":\"https:\\\/\\\/schema.org\",\"@graph\":[{\"@type\":\"Article\",\"@id\":\"https:\\\/\\\/ziegelhof-liestal.ch\\\/?p=1861#article\",\"isPartOf\":{\"@id\":\"https:\\\/\\\/ziegelhof-liestal.ch\\\/?p=1861\"},\"author\":{\"name\":\"Ben Pohl\",\"@id\":\"https:\\\/\\\/ziegelhof-liestal.ch\\\/#\\\/schema\\\/person\\\/162963545808c0e8c0b33a6b6acb2e6e\"},\"headline\":\"F\u00dcHRUNG AUF DEM ZIEGELHOF | 24.10.18 | 19:00 UHR\",\"datePublished\":\"2018-09-11T13:08:08+00:00\",\"dateModified\":\"2020-07-29T08:35:47+00:00\",\"mainEntityOfPage\":{\"@id\":\"https:\\\/\\\/ziegelhof-liestal.ch\\\/?p=1861\"},\"wordCount\":113,\"image\":{\"@id\":\"https:\\\/\\\/ziegelhof-liestal.ch\\\/?p=1861#primaryimage\"},\"thumbnailUrl\":\"https:\\\/\\\/ziegelhof-liestal.ch\\\/wp-content\\\/uploads\\\/2016\\\/10\\\/Ziegel-Areal-Header-Fallback.jpg\",\"articleSection\":[\"Veranstaltungen\"],\"inLanguage\":\"de\"},{\"@type\":\"WebPage\",\"@id\":\"https:\\\/\\\/ziegelhof-liestal.ch\\\/?p=1861\",\"url\":\"https:\\\/\\\/ziegelhof-liestal.ch\\\/?p=1861\",\"name\":\"F\u00dcHRUNG AUF DEM ZIEGELHOF | 24.10.18 | 19:00 UHR - ZIEGELHOFAREAL\",\"isPartOf\":{\"@id\":\"https:\\\/\\\/ziegelhof-liestal.ch\\\/#website\"},\"primaryImageOfPage\":{\"@id\":\"https:\\\/\\\/ziegelhof-liestal.ch\\\/?p=1861#primaryimage\"},\"image\":{\"@id\":\"https:\\\/\\\/ziegelhof-liestal.ch\\\/?p=1861#primaryimage\"},\"thumbnailUrl\":\"https:\\\/\\\/ziegelhof-liestal.ch\\\/wp-content\\\/uploads\\\/2016\\\/10\\\/Ziegel-Areal-Header-Fallback.jpg\",\"datePublished\":\"2018-09-11T13:08:08+00:00\",\"dateModified\":\"2020-07-29T08:35:47+00:00\",\"author\":{\"@id\":\"https:\\\/\\\/ziegelhof-liestal.ch\\\/#\\\/schema\\\/person\\\/162963545808c0e8c0b33a6b6acb2e6e\"},\"breadcrumb\":{\"@id\":\"https:\\\/\\\/ziegelhof-liestal.ch\\\/?p=1861#breadcrumb\"},\"inLanguage\":\"de\",\"potentialAction\":[{\"@type\":\"ReadAction\",\"target\":[\"https:\\\/\\\/ziegelhof-liestal.ch\\\/?p=1861\"]}]},{\"@type\":\"ImageObject\",\"inLanguage\":\"de\",\"@id\":\"https:\\\/\\\/ziegelhof-liestal.ch\\\/?p=1861#primaryimage\",\"url\":\"https:\\\/\\\/ziegelhof-liestal.ch\\\/wp-content\\\/uploads\\\/2016\\\/10\\\/Ziegel-Areal-Header-Fallback.jpg\",\"contentUrl\":\"https:\\\/\\\/ziegelhof-liestal.ch\\\/wp-content\\\/uploads\\\/2016\\\/10\\\/Ziegel-Areal-Header-Fallback.jpg\",\"width\":2835,\"height\":1891},{\"@type\":\"BreadcrumbList\",\"@id\":\"https:\\\/\\\/ziegelhof-liestal.ch\\\/?p=1861#breadcrumb\",\"itemListElement\":[{\"@type\":\"ListItem\",\"position\":1,\"name\":\"Startseite\",\"item\":\"https:\\\/\\\/ziegelhof-liestal.ch\\\/\"},{\"@type\":\"ListItem\",\"position\":2,\"name\":\"F\u00dcHRUNG AUF DEM ZIEGELHOF | 24.10.18 | 19:00 UHR\"}]},{\"@type\":\"WebSite\",\"@id\":\"https:\\\/\\\/ziegelhof-liestal.ch\\\/#website\",\"url\":\"https:\\\/\\\/ziegelhof-liestal.ch\\\/\",\"name\":\"ZIEGELHOFAREAL\",\"description\":\"\",\"potentialAction\":[{\"@type\":\"SearchAction\",\"target\":{\"@type\":\"EntryPoint\",\"urlTemplate\":\"https:\\\/\\\/ziegelhof-liestal.ch\\\/?s={search_term_string}\"},\"query-input\":{\"@type\":\"PropertyValueSpecification\",\"valueRequired\":true,\"valueName\":\"search_term_string\"}}],\"inLanguage\":\"de\"},{\"@type\":\"Person\",\"@id\":\"https:\\\/\\\/ziegelhof-liestal.ch\\\/#\\\/schema\\\/person\\\/162963545808c0e8c0b33a6b6acb2e6e\",\"name\":\"Ben Pohl\",\"url\":\"https:\\\/\\\/ziegelhof-liestal.ch\\\/?author=2\"}]}<\/script>\n<!-- \/ Yoast SEO plugin. -->","yoast_head_json":{"title":"F\u00dcHRUNG AUF DEM ZIEGELHOF | 24.10.18 | 19:00 UHR - ZIEGELHOFAREAL","robots":{"index":"index","follow":"follow","max-snippet":"max-snippet:-1","max-image-preview":"max-image-preview:large","max-video-preview":"max-video-preview:-1"},"canonical":"https:\/\/ziegelhof-liestal.ch\/?p=1861","og_locale":"de_DE","og_type":"article","og_title":"F\u00dcHRUNG AUF DEM ZIEGELHOF | 24.10.18 | 19:00 UHR - ZIEGELHOFAREAL","og_description":"F\u00dcHRUNG AUF DEM ZIEGELHOF GESTERN - HEUTE - MORGEN Der Verein Pro Ziegelhof l\u00e4dt wieder ein zu einem Stammtisch. Ivo Balmer, Projektbegleitung Ziegelhofareal, denkstatt, wird unter dem Motto \"Gestern - ...","og_url":"https:\/\/ziegelhof-liestal.ch\/?p=1861","og_site_name":"ZIEGELHOFAREAL","article_published_time":"2018-09-11T13:08:08+00:00","article_modified_time":"2020-07-29T08:35:47+00:00","og_image":[{"width":1024,"height":683,"url":"https:\/\/ziegelhof-liestal.ch\/wp-content\/uploads\/2016\/10\/Ziegel-Areal-Header-Fallback-1024x683.jpg","type":"image\/jpeg"}],"author":"Ben Pohl","twitter_card":"summary_large_image","twitter_misc":{"Verfasst von":"Ben Pohl","Gesch\u00e4tzte Lesezeit":"1\u00a0Minute"},"schema":{"@context":"https:\/\/schema.org","@graph":[{"@type":"Article","@id":"https:\/\/ziegelhof-liestal.ch\/?p=1861#article","isPartOf":{"@id":"https:\/\/ziegelhof-liestal.ch\/?p=1861"},"author":{"name":"Ben Pohl","@id":"https:\/\/ziegelhof-liestal.ch\/#\/schema\/person\/162963545808c0e8c0b33a6b6acb2e6e"},"headline":"F\u00dcHRUNG AUF DEM ZIEGELHOF | 24.10.18 | 19:00 UHR","datePublished":"2018-09-11T13:08:08+00:00","dateModified":"2020-07-29T08:35:47+00:00","mainEntityOfPage":{"@id":"https:\/\/ziegelhof-liestal.ch\/?p=1861"},"wordCount":113,"image":{"@id":"https:\/\/ziegelhof-liestal.ch\/?p=1861#primaryimage"},"thumbnailUrl":"https:\/\/ziegelhof-liestal.ch\/wp-content\/uploads\/2016\/10\/Ziegel-Areal-Header-Fallback.jpg","articleSection":["Veranstaltungen"],"inLanguage":"de"},{"@type":"WebPage","@id":"https:\/\/ziegelhof-liestal.ch\/?p=1861","url":"https:\/\/ziegelhof-liestal.ch\/?p=1861","name":"F\u00dcHRUNG AUF DEM ZIEGELHOF | 24.10.18 | 19:00 UHR - ZIEGELHOFAREAL","isPartOf":{"@id":"https:\/\/ziegelhof-liestal.ch\/#website"},"primaryImageOfPage":{"@id":"https:\/\/ziegelhof-liestal.ch\/?p=1861#primaryimage"},"image":{"@id":"https:\/\/ziegelhof-liestal.ch\/?p=1861#primaryimage"},"thumbnailUrl":"https:\/\/ziegelhof-liestal.ch\/wp-content\/uploads\/2016\/10\/Ziegel-Areal-Header-Fallback.jpg","datePublished":"2018-09-11T13:08:08+00:00","dateModified":"2020-07-29T08:35:47+00:00","author":{"@id":"https:\/\/ziegelhof-liestal.ch\/#\/schema\/person\/162963545808c0e8c0b33a6b6acb2e6e"},"breadcrumb":{"@id":"https:\/\/ziegelhof-liestal.ch\/?p=1861#breadcrumb"},"inLanguage":"de","potentialAction":[{"@type":"ReadAction","target":["https:\/\/ziegelhof-liestal.ch\/?p=1861"]}]},{"@type":"ImageObject","inLanguage":"de","@id":"https:\/\/ziegelhof-liestal.ch\/?p=1861#primaryimage","url":"https:\/\/ziegelhof-liestal.ch\/wp-content\/uploads\/2016\/10\/Ziegel-Areal-Header-Fallback.jpg","contentUrl":"https:\/\/ziegelhof-liestal.ch\/wp-content\/uploads\/2016\/10\/Ziegel-Areal-Header-Fallback.jpg","width":2835,"height":1891},{"@type":"BreadcrumbList","@id":"https:\/\/ziegelhof-liestal.ch\/?p=1861#breadcrumb","itemListElement":[{"@type":"ListItem","position":1,"name":"Startseite","item":"https:\/\/ziegelhof-liestal.ch\/"},{"@type":"ListItem","position":2,"name":"F\u00dcHRUNG AUF DEM ZIEGELHOF | 24.10.18 | 19:00 UHR"}]},{"@type":"WebSite","@id":"https:\/\/ziegelhof-liestal.ch\/#website","url":"https:\/\/ziegelhof-liestal.ch\/","name":"ZIEGELHOFAREAL","description":"","potentialAction":[{"@type":"SearchAction","target":{"@type":"EntryPoint","urlTemplate":"https:\/\/ziegelhof-liestal.ch\/?s={search_term_string}"},"query-input":{"@type":"PropertyValueSpecification","valueRequired":true,"valueName":"search_term_string"}}],"inLanguage":"de"},{"@type":"Person","@id":"https:\/\/ziegelhof-liestal.ch\/#\/schema\/person\/162963545808c0e8c0b33a6b6acb2e6e","name":"Ben Pohl","url":"https:\/\/ziegelhof-liestal.ch\/?author=2"}]}},"_links":{"self":[{"href":"https:\/\/ziegelhof-liestal.ch\/index.php?rest_route=\/wp\/v2\/posts\/1861","targetHints":{"allow":["GET"]}}],"collection":[{"href":"https:\/\/ziegelhof-liestal.ch\/index.php?rest_route=\/wp\/v2\/posts"}],"about":[{"href":"https:\/\/ziegelhof-liestal.ch\/index.php?rest_route=\/wp\/v2\/types\/post"}],"author":[{"embeddable":true,"href":"https:\/\/ziegelhof-liestal.ch\/index.php?rest_route=\/wp\/v2\/users\/2"}],"replies":[{"embeddable":true,"href":"https:\/\/ziegelhof-liestal.ch\/index.php?rest_route=%2Fwp%2Fv2%2Fcomments&post=1861"}],"version-history":[{"count":33,"href":"https:\/\/ziegelhof-liestal.ch\/index.php?rest_route=\/wp\/v2\/posts\/1861\/revisions"}],"predecessor-version":[{"id":2075,"href":"https:\/\/ziegelhof-liestal.ch\/index.php?rest_route=\/wp\/v2\/posts\/1861\/revisions\/2075"}],"wp:featuredmedia":[{"embeddable":true,"href":"https:\/\/ziegelhof-liestal.ch\/index.php?rest_route=\/wp\/v2\/media\/577"}],"wp:attachment":[{"href":"https:\/\/ziegelhof-liestal.ch\/index.php?rest_route=%2Fwp%2Fv2%2Fmedia&parent=1861"}],"wp:term":[{"taxonomy":"category","embeddable":true,"href":"https:\/\/ziegelhof-liestal.ch\/index.php?rest_route=%2Fwp%2Fv2%2Fcategories&post=1861"},{"taxonomy":"post_tag","embeddable":true,"href":"https:\/\/ziegelhof-liestal.ch\/index.php?rest_route=%2Fwp%2Fv2%2Ftags&post=1861"}],"curies":[{"name":"wp","href":"https:\/\/api.w.org\/{rel}","templated":true}]}}