{"id":1929,"date":"2018-09-11T13:13:19","date_gmt":"2018-09-11T13:13:19","guid":{"rendered":"https:\/\/ziegelhof-liestal.ch\/?p=1929"},"modified":"2018-09-17T12:07:48","modified_gmt":"2018-09-17T12:07:48","slug":"1-baselbieter-biermarkt-01-02-06-2018-4","status":"publish","type":"post","link":"https:\/\/ziegelhof-liestal.ch\/?p=1929","title":{"rendered":"VERANSTALTUNGEN IM HILMIG | HERBST &#038; WINTER 2018"},"content":{"rendered":"<div id=\"pl-1929\"  class=\"panel-layout\" ><div id=\"pg-1929-0\"  class=\"panel-grid panel-has-style\" ><div class=\"so-parallax siteorigin-panels-stretch panel-row-style panel-row-style-for-1929-0\" data-stretch-type=\"full-stretched\" ><img fetchpriority=\"high\" decoding=\"async\" width=\"2835\" height=\"1891\" src=\"https:\/\/ziegelhof-liestal.ch\/wp-content\/uploads\/2016\/10\/DSC07457.jpg\" class=\"attachment-full size-full\" alt=\"\" data-siteorigin-parallax=\"true\" loading=\"eager\" srcset=\"https:\/\/ziegelhof-liestal.ch\/wp-content\/uploads\/2016\/10\/DSC07457.jpg 2835w, https:\/\/ziegelhof-liestal.ch\/wp-content\/uploads\/2016\/10\/DSC07457-300x200.jpg 300w, https:\/\/ziegelhof-liestal.ch\/wp-content\/uploads\/2016\/10\/DSC07457-768x512.jpg 768w, https:\/\/ziegelhof-liestal.ch\/wp-content\/uploads\/2016\/10\/DSC07457-1024x683.jpg 1024w, https:\/\/ziegelhof-liestal.ch\/wp-content\/uploads\/2016\/10\/DSC07457-600x400.jpg 600w, https:\/\/ziegelhof-liestal.ch\/wp-content\/uploads\/2016\/10\/DSC07457-750x500.jpg 750w, https:\/\/ziegelhof-liestal.ch\/wp-content\/uploads\/2016\/10\/DSC07457-50x33.jpg 50w, https:\/\/ziegelhof-liestal.ch\/wp-content\/uploads\/2016\/10\/DSC07457-272x182.jpg 272w\" sizes=\"(max-width: 2835px) 100vw, 2835px\" \/><div id=\"pgc-1929-0-0\"  class=\"panel-grid-cell\" ><div id=\"panel-1929-0-0-0\" class=\"so-panel widget widget_sow-headline panel-first-child panel-last-child\" data-index=\"0\" ><div class=\"panel-widget-style panel-widget-style-for-1929-0-0-0\" ><div\n\t\t\t\n\t\t\tclass=\"so-widget-sow-headline so-widget-sow-headline-default-8fc5436c1158-1929 so-widget-fittext-wrapper\"\n\t\t\t data-fit-text-compressor=\"0.85\"\n\t\t><div class=\"sow-headline-container \">\n\t\t\t\t\t\t\t<h1 class=\"sow-headline\">\n\t\t\t\t\t\tHILMIG | HERBST &amp; WINTER 2018 \t\t\t\t\t\t<\/h1>\n\t\t\t\t\t\t\t\t\t\t\t<div class=\"decoration\">\n\t\t\t\t\t\t<div class=\"decoration-inside\"><\/div>\n\t\t\t\t\t<\/div>\n\t\t\t\t\t<\/div>\n<\/div><\/div><\/div><\/div><\/div><\/div><div id=\"pg-1929-1\"  class=\"panel-grid panel-no-style\" ><div id=\"pgc-1929-1-0\"  class=\"panel-grid-cell\" ><div id=\"panel-1929-1-0-0\" class=\"so-panel widget widget_sow-editor panel-first-child panel-last-child\" data-index=\"1\" ><div class=\"panel-widget-style panel-widget-style-for-1929-1-0-0\" ><div\n\t\t\t\n\t\t\tclass=\"so-widget-sow-editor so-widget-sow-editor-base\"\n\t\t\t\n\t\t>\n<div class=\"siteorigin-widget-tinymce textwidget\">\n\t<div class=\"page\" title=\"Page 1\"><code style=\"display: none;\"><br \/>\n<\/code><\/p>\n<div class=\"layoutArea\"><code style=\"display: none;\"><br \/>\n<\/code><\/p>\n<div class=\"column\"><code style=\"display: none;\"><br \/>\n<\/code><\/p>\n<h2 style=\"text-align: center;\">VERANSTALTUNGEN IM HILMIG<\/h2>\n<h3 style=\"text-align: center;\">HERBST UND WINTER 2018<\/h3>\n<p>&nbsp;<\/p>\n<p><code style=\"display: none;\"><br \/>\n<\/code><\/p>\n<\/div>\n<p><code style=\"display: none;\"><br \/>\n<\/code><\/p>\n<\/div>\n<p><code style=\"display: none;\"><br \/>\n<\/code><\/p>\n<\/div>\n<\/div>\n<\/div><\/div><\/div><\/div><\/div><div id=\"pg-1929-2\"  class=\"panel-grid panel-no-style\" ><div id=\"pgc-1929-2-0\"  class=\"panel-grid-cell\" ><div id=\"panel-1929-2-0-0\" class=\"so-panel widget widget_sow-editor panel-first-child panel-last-child\" data-index=\"2\" ><div class=\"panel-widget-style panel-widget-style-for-1929-2-0-0\" ><div\n\t\t\t\n\t\t\tclass=\"so-widget-sow-editor so-widget-sow-editor-base\"\n\t\t\t\n\t\t>\n<div class=\"siteorigin-widget-tinymce textwidget\">\n\t<div class=\"page\" style=\"text-align: left;\" title=\"Page 1\"><code style=\"display: none;\"><br \/>\n<\/code><\/p>\n<div class=\"column\">\n<\/div>\n<p><strong>*Heute Hilmig. <\/strong>| Jeden ersten Freitag im Monat (5.10. \/ 2.11. \/ 7.12. \/ 4.1.)<strong><br \/><\/strong><\/p>\n<p>Die Hilmig-T\u00fcren stehen allen offen und die Tische sollen bespielt werden! Sei es mit Tischtennis oder anderen Gesellschaftsspielen. Der Kiosk ist ge\u00f6ffnet und Musik gibt es auch!\u00a0<\/p>\n<p>&nbsp;<\/p>\n<p><strong>*Flash goes Hilmig | Samstag, 27. Oktober 2018<\/strong><\/p>\n<p>Die Afro-Soul-Partyreihe macht Halt im Hilmig! Yiiiiha \u2013 put on your dancing shoes!\u00a0<\/p>\n<p>&nbsp;<\/p>\n<p><strong>*Kulturnacht Lichtblicke | Freitag, 30. November 2018<br \/><\/strong><\/p>\n<p><strong>Hilmig l\u00e4dt ein<\/strong>! Und dies gleich mehrmals:<\/p>\n<ul>\n<li>Konzert von<strong> &#8218;MadebyK&#8216;<\/strong>, der sympathischen jungen Newcomerband aus der Region<\/li>\n<li>mit einem Teil unseren Nachbarn <strong>&#8218;We Invented Paris&#8216;<\/strong>. Sie werden Musik im Rundlauf spielen.<\/li>\n<li>Nach den Konzerten geht es mit der <strong>*Hilmig l\u00e4dt ein*<\/strong> Afterparty weiter.<\/li>\n<li>\u00dcber den ganzen Abend l\u00e4dt Hilmig auch in den Nebenraum zur Ausstellung <strong><em>#heschd\u00e4\u00e4g?<\/em><\/strong>\u00a0ein.\u00a0<strong><em>#heschd\u00e4\u00e4g?\u00a0<\/em><\/strong>informiert \u00fcber historische und aktuelle\u00a0Methoden der Verh\u00fctung und des Schwangerschaftsabbruchs und ist\u00a0Teil des Projekts <strong><em>Wondervulva.\u00a0<\/em><\/strong><\/li>\n<\/ul>\n<p><code style=\"display: none;\"><br \/>\n<\/code><code style=\"display: none;\"><br \/>\n<\/code><\/div>\n<\/div>\n<\/div><\/div><\/div><\/div><div id=\"pgc-1929-2-1\"  class=\"panel-grid-cell\" ><div id=\"panel-1929-2-1-0\" class=\"so-panel widget widget_sow-editor panel-first-child panel-last-child\" data-index=\"3\" ><div class=\"panel-widget-style panel-widget-style-for-1929-2-1-0\" ><div\n\t\t\t\n\t\t\tclass=\"so-widget-sow-editor so-widget-sow-editor-base\"\n\t\t\t\n\t\t>\n<div class=\"siteorigin-widget-tinymce textwidget\">\n\t<p>&nbsp;<\/p>\n<p>Adresse | Meyer-Wiggli-Strasse 15; 4410 Liestal<\/p>\n<p>Mail | pong@hilmig.ch<\/p>\n<p>Facebook | <a href=\"https:\/\/www.facebook.com\/hilmig44\/\">Hilmig<\/a><\/p>\n<\/div>\n<\/div><\/div><\/div><\/div><\/div><\/div>","protected":false},"excerpt":{"rendered":"<p>VERANSTALTUNGEN IM HILMIG HERBST UND WINTER 2018 &nbsp;<\/p>\n","protected":false},"author":2,"featured_media":365,"comment_status":"closed","ping_status":"closed","sticky":false,"template":"","format":"standard","meta":{"inline_featured_image":false,"footnotes":""},"categories":[3],"tags":[],"class_list":["post-1929","post","type-post","status-publish","format-standard","has-post-thumbnail","hentry","category-veranstaltungen"],"yoast_head":"<!-- This site is optimized with the Yoast SEO plugin v27.5 - https:\/\/yoast.com\/product\/yoast-seo-wordpress\/ -->\n<title>VERANSTALTUNGEN IM HILMIG | HERBST &amp; WINTER 2018 - ZIEGELHOFAREAL<\/title>\n<meta name=\"robots\" content=\"index, follow, max-snippet:-1, max-image-preview:large, max-video-preview:-1\" \/>\n<link rel=\"canonical\" href=\"https:\/\/ziegelhof-liestal.ch\/?p=1929\" \/>\n<meta property=\"og:locale\" content=\"de_DE\" \/>\n<meta property=\"og:type\" content=\"article\" \/>\n<meta property=\"og:title\" content=\"VERANSTALTUNGEN IM HILMIG | HERBST &amp; WINTER 2018 - ZIEGELHOFAREAL\" \/>\n<meta property=\"og:description\" content=\"VERANSTALTUNGEN IM HILMIG HERBST UND WINTER 2018 &nbsp;\" \/>\n<meta property=\"og:url\" content=\"https:\/\/ziegelhof-liestal.ch\/?p=1929\" \/>\n<meta property=\"og:site_name\" content=\"ZIEGELHOFAREAL\" \/>\n<meta property=\"article:published_time\" content=\"2018-09-11T13:13:19+00:00\" \/>\n<meta property=\"article:modified_time\" content=\"2018-09-17T12:07:48+00:00\" \/>\n<meta property=\"og:image\" content=\"https:\/\/ziegelhof-liestal.ch\/wp-content\/uploads\/2016\/10\/DSC01344.jpg\" \/>\n\t<meta property=\"og:image:width\" content=\"2835\" \/>\n\t<meta property=\"og:image:height\" content=\"1891\" \/>\n\t<meta property=\"og:image:type\" content=\"image\/jpeg\" \/>\n<meta name=\"author\" content=\"Ben Pohl\" \/>\n<meta name=\"twitter:card\" content=\"summary_large_image\" \/>\n<meta name=\"twitter:label1\" content=\"Verfasst von\" \/>\n\t<meta name=\"twitter:data1\" content=\"Ben Pohl\" \/>\n\t<meta name=\"twitter:label2\" content=\"Gesch\u00e4tzte Lesezeit\" \/>\n\t<meta name=\"twitter:data2\" content=\"1\u00a0Minute\" \/>\n<script type=\"application\/ld+json\" class=\"yoast-schema-graph\">{\"@context\":\"https:\\\/\\\/schema.org\",\"@graph\":[{\"@type\":\"Article\",\"@id\":\"https:\\\/\\\/ziegelhof-liestal.ch\\\/?p=1929#article\",\"isPartOf\":{\"@id\":\"https:\\\/\\\/ziegelhof-liestal.ch\\\/?p=1929\"},\"author\":{\"name\":\"Ben Pohl\",\"@id\":\"https:\\\/\\\/ziegelhof-liestal.ch\\\/#\\\/schema\\\/person\\\/162963545808c0e8c0b33a6b6acb2e6e\"},\"headline\":\"VERANSTALTUNGEN IM HILMIG | HERBST &#038; WINTER 2018\",\"datePublished\":\"2018-09-11T13:13:19+00:00\",\"dateModified\":\"2018-09-17T12:07:48+00:00\",\"mainEntityOfPage\":{\"@id\":\"https:\\\/\\\/ziegelhof-liestal.ch\\\/?p=1929\"},\"wordCount\":171,\"image\":{\"@id\":\"https:\\\/\\\/ziegelhof-liestal.ch\\\/?p=1929#primaryimage\"},\"thumbnailUrl\":\"https:\\\/\\\/ziegelhof-liestal.ch\\\/wp-content\\\/uploads\\\/2016\\\/10\\\/DSC01344.jpg\",\"articleSection\":[\"Veranstaltungen\"],\"inLanguage\":\"de\"},{\"@type\":\"WebPage\",\"@id\":\"https:\\\/\\\/ziegelhof-liestal.ch\\\/?p=1929\",\"url\":\"https:\\\/\\\/ziegelhof-liestal.ch\\\/?p=1929\",\"name\":\"VERANSTALTUNGEN IM HILMIG | HERBST & WINTER 2018 - ZIEGELHOFAREAL\",\"isPartOf\":{\"@id\":\"https:\\\/\\\/ziegelhof-liestal.ch\\\/#website\"},\"primaryImageOfPage\":{\"@id\":\"https:\\\/\\\/ziegelhof-liestal.ch\\\/?p=1929#primaryimage\"},\"image\":{\"@id\":\"https:\\\/\\\/ziegelhof-liestal.ch\\\/?p=1929#primaryimage\"},\"thumbnailUrl\":\"https:\\\/\\\/ziegelhof-liestal.ch\\\/wp-content\\\/uploads\\\/2016\\\/10\\\/DSC01344.jpg\",\"datePublished\":\"2018-09-11T13:13:19+00:00\",\"dateModified\":\"2018-09-17T12:07:48+00:00\",\"author\":{\"@id\":\"https:\\\/\\\/ziegelhof-liestal.ch\\\/#\\\/schema\\\/person\\\/162963545808c0e8c0b33a6b6acb2e6e\"},\"breadcrumb\":{\"@id\":\"https:\\\/\\\/ziegelhof-liestal.ch\\\/?p=1929#breadcrumb\"},\"inLanguage\":\"de\",\"potentialAction\":[{\"@type\":\"ReadAction\",\"target\":[\"https:\\\/\\\/ziegelhof-liestal.ch\\\/?p=1929\"]}]},{\"@type\":\"ImageObject\",\"inLanguage\":\"de\",\"@id\":\"https:\\\/\\\/ziegelhof-liestal.ch\\\/?p=1929#primaryimage\",\"url\":\"https:\\\/\\\/ziegelhof-liestal.ch\\\/wp-content\\\/uploads\\\/2016\\\/10\\\/DSC01344.jpg\",\"contentUrl\":\"https:\\\/\\\/ziegelhof-liestal.ch\\\/wp-content\\\/uploads\\\/2016\\\/10\\\/DSC01344.jpg\",\"width\":2835,\"height\":1891},{\"@type\":\"BreadcrumbList\",\"@id\":\"https:\\\/\\\/ziegelhof-liestal.ch\\\/?p=1929#breadcrumb\",\"itemListElement\":[{\"@type\":\"ListItem\",\"position\":1,\"name\":\"Startseite\",\"item\":\"https:\\\/\\\/ziegelhof-liestal.ch\\\/\"},{\"@type\":\"ListItem\",\"position\":2,\"name\":\"VERANSTALTUNGEN IM HILMIG | HERBST &#038; WINTER 2018\"}]},{\"@type\":\"WebSite\",\"@id\":\"https:\\\/\\\/ziegelhof-liestal.ch\\\/#website\",\"url\":\"https:\\\/\\\/ziegelhof-liestal.ch\\\/\",\"name\":\"ZIEGELHOFAREAL\",\"description\":\"\",\"potentialAction\":[{\"@type\":\"SearchAction\",\"target\":{\"@type\":\"EntryPoint\",\"urlTemplate\":\"https:\\\/\\\/ziegelhof-liestal.ch\\\/?s={search_term_string}\"},\"query-input\":{\"@type\":\"PropertyValueSpecification\",\"valueRequired\":true,\"valueName\":\"search_term_string\"}}],\"inLanguage\":\"de\"},{\"@type\":\"Person\",\"@id\":\"https:\\\/\\\/ziegelhof-liestal.ch\\\/#\\\/schema\\\/person\\\/162963545808c0e8c0b33a6b6acb2e6e\",\"name\":\"Ben Pohl\",\"url\":\"https:\\\/\\\/ziegelhof-liestal.ch\\\/?author=2\"}]}<\/script>\n<!-- \/ Yoast SEO plugin. -->","yoast_head_json":{"title":"VERANSTALTUNGEN IM HILMIG | HERBST & WINTER 2018 - ZIEGELHOFAREAL","robots":{"index":"index","follow":"follow","max-snippet":"max-snippet:-1","max-image-preview":"max-image-preview:large","max-video-preview":"max-video-preview:-1"},"canonical":"https:\/\/ziegelhof-liestal.ch\/?p=1929","og_locale":"de_DE","og_type":"article","og_title":"VERANSTALTUNGEN IM HILMIG | HERBST & WINTER 2018 - ZIEGELHOFAREAL","og_description":"VERANSTALTUNGEN IM HILMIG HERBST UND WINTER 2018 &nbsp;","og_url":"https:\/\/ziegelhof-liestal.ch\/?p=1929","og_site_name":"ZIEGELHOFAREAL","article_published_time":"2018-09-11T13:13:19+00:00","article_modified_time":"2018-09-17T12:07:48+00:00","og_image":[{"width":2835,"height":1891,"url":"https:\/\/ziegelhof-liestal.ch\/wp-content\/uploads\/2016\/10\/DSC01344.jpg","type":"image\/jpeg"}],"author":"Ben Pohl","twitter_card":"summary_large_image","twitter_misc":{"Verfasst von":"Ben Pohl","Gesch\u00e4tzte Lesezeit":"1\u00a0Minute"},"schema":{"@context":"https:\/\/schema.org","@graph":[{"@type":"Article","@id":"https:\/\/ziegelhof-liestal.ch\/?p=1929#article","isPartOf":{"@id":"https:\/\/ziegelhof-liestal.ch\/?p=1929"},"author":{"name":"Ben Pohl","@id":"https:\/\/ziegelhof-liestal.ch\/#\/schema\/person\/162963545808c0e8c0b33a6b6acb2e6e"},"headline":"VERANSTALTUNGEN IM HILMIG | HERBST &#038; WINTER 2018","datePublished":"2018-09-11T13:13:19+00:00","dateModified":"2018-09-17T12:07:48+00:00","mainEntityOfPage":{"@id":"https:\/\/ziegelhof-liestal.ch\/?p=1929"},"wordCount":171,"image":{"@id":"https:\/\/ziegelhof-liestal.ch\/?p=1929#primaryimage"},"thumbnailUrl":"https:\/\/ziegelhof-liestal.ch\/wp-content\/uploads\/2016\/10\/DSC01344.jpg","articleSection":["Veranstaltungen"],"inLanguage":"de"},{"@type":"WebPage","@id":"https:\/\/ziegelhof-liestal.ch\/?p=1929","url":"https:\/\/ziegelhof-liestal.ch\/?p=1929","name":"VERANSTALTUNGEN IM HILMIG | HERBST & WINTER 2018 - ZIEGELHOFAREAL","isPartOf":{"@id":"https:\/\/ziegelhof-liestal.ch\/#website"},"primaryImageOfPage":{"@id":"https:\/\/ziegelhof-liestal.ch\/?p=1929#primaryimage"},"image":{"@id":"https:\/\/ziegelhof-liestal.ch\/?p=1929#primaryimage"},"thumbnailUrl":"https:\/\/ziegelhof-liestal.ch\/wp-content\/uploads\/2016\/10\/DSC01344.jpg","datePublished":"2018-09-11T13:13:19+00:00","dateModified":"2018-09-17T12:07:48+00:00","author":{"@id":"https:\/\/ziegelhof-liestal.ch\/#\/schema\/person\/162963545808c0e8c0b33a6b6acb2e6e"},"breadcrumb":{"@id":"https:\/\/ziegelhof-liestal.ch\/?p=1929#breadcrumb"},"inLanguage":"de","potentialAction":[{"@type":"ReadAction","target":["https:\/\/ziegelhof-liestal.ch\/?p=1929"]}]},{"@type":"ImageObject","inLanguage":"de","@id":"https:\/\/ziegelhof-liestal.ch\/?p=1929#primaryimage","url":"https:\/\/ziegelhof-liestal.ch\/wp-content\/uploads\/2016\/10\/DSC01344.jpg","contentUrl":"https:\/\/ziegelhof-liestal.ch\/wp-content\/uploads\/2016\/10\/DSC01344.jpg","width":2835,"height":1891},{"@type":"BreadcrumbList","@id":"https:\/\/ziegelhof-liestal.ch\/?p=1929#breadcrumb","itemListElement":[{"@type":"ListItem","position":1,"name":"Startseite","item":"https:\/\/ziegelhof-liestal.ch\/"},{"@type":"ListItem","position":2,"name":"VERANSTALTUNGEN IM HILMIG | HERBST &#038; WINTER 2018"}]},{"@type":"WebSite","@id":"https:\/\/ziegelhof-liestal.ch\/#website","url":"https:\/\/ziegelhof-liestal.ch\/","name":"ZIEGELHOFAREAL","description":"","potentialAction":[{"@type":"SearchAction","target":{"@type":"EntryPoint","urlTemplate":"https:\/\/ziegelhof-liestal.ch\/?s={search_term_string}"},"query-input":{"@type":"PropertyValueSpecification","valueRequired":true,"valueName":"search_term_string"}}],"inLanguage":"de"},{"@type":"Person","@id":"https:\/\/ziegelhof-liestal.ch\/#\/schema\/person\/162963545808c0e8c0b33a6b6acb2e6e","name":"Ben Pohl","url":"https:\/\/ziegelhof-liestal.ch\/?author=2"}]}},"_links":{"self":[{"href":"https:\/\/ziegelhof-liestal.ch\/index.php?rest_route=\/wp\/v2\/posts\/1929","targetHints":{"allow":["GET"]}}],"collection":[{"href":"https:\/\/ziegelhof-liestal.ch\/index.php?rest_route=\/wp\/v2\/posts"}],"about":[{"href":"https:\/\/ziegelhof-liestal.ch\/index.php?rest_route=\/wp\/v2\/types\/post"}],"author":[{"embeddable":true,"href":"https:\/\/ziegelhof-liestal.ch\/index.php?rest_route=\/wp\/v2\/users\/2"}],"replies":[{"embeddable":true,"href":"https:\/\/ziegelhof-liestal.ch\/index.php?rest_route=%2Fwp%2Fv2%2Fcomments&post=1929"}],"version-history":[{"count":19,"href":"https:\/\/ziegelhof-liestal.ch\/index.php?rest_route=\/wp\/v2\/posts\/1929\/revisions"}],"predecessor-version":[{"id":2069,"href":"https:\/\/ziegelhof-liestal.ch\/index.php?rest_route=\/wp\/v2\/posts\/1929\/revisions\/2069"}],"wp:featuredmedia":[{"embeddable":true,"href":"https:\/\/ziegelhof-liestal.ch\/index.php?rest_route=\/wp\/v2\/media\/365"}],"wp:attachment":[{"href":"https:\/\/ziegelhof-liestal.ch\/index.php?rest_route=%2Fwp%2Fv2%2Fmedia&parent=1929"}],"wp:term":[{"taxonomy":"category","embeddable":true,"href":"https:\/\/ziegelhof-liestal.ch\/index.php?rest_route=%2Fwp%2Fv2%2Fcategories&post=1929"},{"taxonomy":"post_tag","embeddable":true,"href":"https:\/\/ziegelhof-liestal.ch\/index.php?rest_route=%2Fwp%2Fv2%2Ftags&post=1929"}],"curies":[{"name":"wp","href":"https:\/\/api.w.org\/{rel}","templated":true}]}}