{"id":1965,"date":"2018-07-11T09:11:39","date_gmt":"2018-07-11T09:11:39","guid":{"rendered":"https:\/\/ziegelhof-liestal.ch\/?p=1965"},"modified":"2020-07-29T08:18:39","modified_gmt":"2020-07-29T08:18:39","slug":"1-baselbieter-biermarkt-01-02-06-2018-3-3","status":"publish","type":"post","link":"https:\/\/ziegelhof-liestal.ch\/?p=1965","title":{"rendered":"NEUES AUS DEM AREALTEIL &#8222;ZUM ECK&#8220;"},"content":{"rendered":"<div id=\"pl-1965\"  class=\"panel-layout\" ><div id=\"pg-1965-0\"  class=\"panel-grid panel-has-style\" ><div class=\"so-parallax siteorigin-panels-stretch panel-row-style panel-row-style-for-1965-0\" data-stretch-type=\"full-stretched\" ><img fetchpriority=\"high\" decoding=\"async\" width=\"2835\" height=\"1891\" src=\"https:\/\/ziegelhof-liestal.ch\/wp-content\/uploads\/2016\/10\/DSC07457.jpg\" class=\"attachment-full size-full\" alt=\"\" data-siteorigin-parallax=\"true\" loading=\"eager\" srcset=\"https:\/\/ziegelhof-liestal.ch\/wp-content\/uploads\/2016\/10\/DSC07457.jpg 2835w, https:\/\/ziegelhof-liestal.ch\/wp-content\/uploads\/2016\/10\/DSC07457-300x200.jpg 300w, https:\/\/ziegelhof-liestal.ch\/wp-content\/uploads\/2016\/10\/DSC07457-768x512.jpg 768w, https:\/\/ziegelhof-liestal.ch\/wp-content\/uploads\/2016\/10\/DSC07457-1024x683.jpg 1024w, https:\/\/ziegelhof-liestal.ch\/wp-content\/uploads\/2016\/10\/DSC07457-600x400.jpg 600w, https:\/\/ziegelhof-liestal.ch\/wp-content\/uploads\/2016\/10\/DSC07457-750x500.jpg 750w, https:\/\/ziegelhof-liestal.ch\/wp-content\/uploads\/2016\/10\/DSC07457-50x33.jpg 50w, https:\/\/ziegelhof-liestal.ch\/wp-content\/uploads\/2016\/10\/DSC07457-272x182.jpg 272w\" sizes=\"(max-width: 2835px) 100vw, 2835px\" \/><div id=\"pgc-1965-0-0\"  class=\"panel-grid-cell\" ><div id=\"panel-1965-0-0-0\" class=\"so-panel widget widget_sow-headline panel-first-child panel-last-child\" data-index=\"0\" ><div class=\"panel-widget-style panel-widget-style-for-1965-0-0-0\" ><div\n\t\t\t\n\t\t\tclass=\"so-widget-sow-headline so-widget-sow-headline-default-8fc5436c1158-1965 so-widget-fittext-wrapper\"\n\t\t\t data-fit-text-compressor=\"0.85\"\n\t\t><div class=\"sow-headline-container \">\n\t\t\t\t\t\t\t<h1 class=\"sow-headline\">\n\t\t\t\t\t\tAREALTEIL &#8222;ZUM ECK&#8220; \t\t\t\t\t\t<\/h1>\n\t\t\t\t\t\t\t\t\t\t\t<div class=\"decoration\">\n\t\t\t\t\t\t<div class=\"decoration-inside\"><\/div>\n\t\t\t\t\t<\/div>\n\t\t\t\t\t<\/div>\n<\/div><\/div><\/div><\/div><\/div><\/div><div id=\"pg-1965-1\"  class=\"panel-grid panel-no-style\" ><div id=\"pgc-1965-1-0\"  class=\"panel-grid-cell\" ><div id=\"panel-1965-1-0-0\" class=\"so-panel widget widget_sow-editor panel-first-child panel-last-child\" data-index=\"1\" ><div class=\"panel-widget-style panel-widget-style-for-1965-1-0-0\" ><div\n\t\t\t\n\t\t\tclass=\"so-widget-sow-editor so-widget-sow-editor-base\"\n\t\t\t\n\t\t>\n<div class=\"siteorigin-widget-tinymce textwidget\">\n\t<div class=\"page\" title=\"Page 1\"><code style=\"display: none;\"><br \/>\n<\/code><\/p>\n<div class=\"layoutArea\"><code style=\"display: none;\"><br \/>\n<\/code><\/p>\n<h2 class=\"column\" style=\"text-align: center;\"><code style=\"display: none;\"><br \/>\n<\/code><br \/>\nNEUES AUS DEM AREALTEIL &#8222;ZUM ECK&#8220; <br \/>\n<\/h2>\n<p>&nbsp;<\/p>\n<h2 class=\"column\" style=\"text-align: center;\">\n<\/h2>\n<p><code style=\"display: none;\"><br \/>\n<\/code><\/p>\n<p><code style=\"display: none;\"><br \/>\n<\/code><\/p>\n<\/div>\n<p><code style=\"display: none;\"><br \/>\n<\/code><\/p>\n<\/div>\n<\/div>\n<\/div><\/div><\/div><\/div><\/div><div id=\"pg-1965-2\"  class=\"panel-grid panel-no-style\" ><div id=\"pgc-1965-2-0\"  class=\"panel-grid-cell\" ><div id=\"panel-1965-2-0-0\" class=\"so-panel widget widget_sow-editor panel-first-child panel-last-child\" data-index=\"2\" ><div class=\"panel-widget-style panel-widget-style-for-1965-2-0-0\" ><div\n\t\t\t\n\t\t\tclass=\"so-widget-sow-editor so-widget-sow-editor-base\"\n\t\t\t\n\t\t>\n<div class=\"siteorigin-widget-tinymce textwidget\">\n\t<p>Im Arealteil \u00abzum Eck\u00bb an der Meyer-Wiggli-Strasse laufen w\u00e4hrend den n\u00e4chsten Monaten minimale Instandstellungsarbeiten. <br \/>Neu k\u00f6nnen nun Fl\u00e4chen auf allen Stockwerken zu g\u00fcnstigen Konditionen angemietet werden. Das obere Stockwerk eignet sich besonders f\u00fcr Ateliers \/ B\u00fcros \/ Werkr\u00e4ume.<\/p>\n<p>&nbsp;<\/p>\n<\/div>\n<\/div><\/div><\/div><\/div><div id=\"pgc-1965-2-1\"  class=\"panel-grid-cell\" ><div id=\"panel-1965-2-1-0\" class=\"so-panel widget widget_sow-editor panel-first-child panel-last-child\" data-index=\"3\" ><div class=\"panel-widget-style panel-widget-style-for-1965-2-1-0\" ><div\n\t\t\t\n\t\t\tclass=\"so-widget-sow-editor so-widget-sow-editor-base\"\n\t\t\t\n\t\t>\n<div class=\"siteorigin-widget-tinymce textwidget\">\n\t<p>Sind Sie an einer Nutzung interessiert? Melden Sie sich \u00fcber das <a href=\"https:\/\/ziegelhof-liestal.ch\/?page_id=1285#formular\">Anmeldeformular<\/a> bei uns!<\/p>\n<\/div>\n<\/div><\/div><\/div><\/div><\/div><\/div>","protected":false},"excerpt":{"rendered":"<p>NEUES AUS DEM AREALTEIL &#8222;ZUM ECK&#8220; &nbsp;<\/p>\n","protected":false},"author":2,"featured_media":1694,"comment_status":"closed","ping_status":"closed","sticky":false,"template":"","format":"standard","meta":{"inline_featured_image":false,"footnotes":""},"categories":[23],"tags":[],"class_list":["post-1965","post","type-post","status-publish","format-standard","has-post-thumbnail","hentry","category-nutzungen"],"yoast_head":"<!-- This site is optimized with the Yoast SEO plugin v27.5 - https:\/\/yoast.com\/product\/yoast-seo-wordpress\/ -->\n<title>NEUES AUS DEM AREALTEIL &quot;ZUM ECK&quot; - ZIEGELHOFAREAL<\/title>\n<meta name=\"robots\" content=\"index, follow, max-snippet:-1, max-image-preview:large, max-video-preview:-1\" \/>\n<link rel=\"canonical\" href=\"https:\/\/ziegelhof-liestal.ch\/?p=1965\" \/>\n<meta property=\"og:locale\" content=\"de_DE\" \/>\n<meta property=\"og:type\" content=\"article\" \/>\n<meta property=\"og:title\" content=\"NEUES AUS DEM AREALTEIL &quot;ZUM ECK&quot; - ZIEGELHOFAREAL\" \/>\n<meta property=\"og:description\" content=\"NEUES AUS DEM AREALTEIL &quot;ZUM ECK&quot; &nbsp;\" \/>\n<meta property=\"og:url\" content=\"https:\/\/ziegelhof-liestal.ch\/?p=1965\" \/>\n<meta property=\"og:site_name\" content=\"ZIEGELHOFAREAL\" \/>\n<meta property=\"article:published_time\" content=\"2018-07-11T09:11:39+00:00\" \/>\n<meta property=\"article:modified_time\" content=\"2020-07-29T08:18:39+00:00\" \/>\n<meta property=\"og:image\" content=\"https:\/\/ziegelhof-liestal.ch\/wp-content\/uploads\/2018\/07\/DSC057121-e1531303691458.jpg\" \/>\n\t<meta property=\"og:image:width\" content=\"1892\" \/>\n\t<meta property=\"og:image:height\" content=\"1495\" \/>\n\t<meta property=\"og:image:type\" content=\"image\/jpeg\" \/>\n<meta name=\"author\" content=\"Ben Pohl\" \/>\n<meta name=\"twitter:card\" content=\"summary_large_image\" \/>\n<meta name=\"twitter:label1\" content=\"Verfasst von\" \/>\n\t<meta name=\"twitter:data1\" content=\"Ben Pohl\" \/>\n<script type=\"application\/ld+json\" class=\"yoast-schema-graph\">{\"@context\":\"https:\\\/\\\/schema.org\",\"@graph\":[{\"@type\":\"Article\",\"@id\":\"https:\\\/\\\/ziegelhof-liestal.ch\\\/?p=1965#article\",\"isPartOf\":{\"@id\":\"https:\\\/\\\/ziegelhof-liestal.ch\\\/?p=1965\"},\"author\":{\"name\":\"Ben Pohl\",\"@id\":\"https:\\\/\\\/ziegelhof-liestal.ch\\\/#\\\/schema\\\/person\\\/162963545808c0e8c0b33a6b6acb2e6e\"},\"headline\":\"NEUES AUS DEM AREALTEIL &#8222;ZUM ECK&#8220;\",\"datePublished\":\"2018-07-11T09:11:39+00:00\",\"dateModified\":\"2020-07-29T08:18:39+00:00\",\"mainEntityOfPage\":{\"@id\":\"https:\\\/\\\/ziegelhof-liestal.ch\\\/?p=1965\"},\"wordCount\":81,\"image\":{\"@id\":\"https:\\\/\\\/ziegelhof-liestal.ch\\\/?p=1965#primaryimage\"},\"thumbnailUrl\":\"https:\\\/\\\/ziegelhof-liestal.ch\\\/wp-content\\\/uploads\\\/2018\\\/07\\\/DSC057121-e1531303691458.jpg\",\"articleSection\":[\"Nutzungen\"],\"inLanguage\":\"de\"},{\"@type\":\"WebPage\",\"@id\":\"https:\\\/\\\/ziegelhof-liestal.ch\\\/?p=1965\",\"url\":\"https:\\\/\\\/ziegelhof-liestal.ch\\\/?p=1965\",\"name\":\"NEUES AUS DEM AREALTEIL \\\"ZUM ECK\\\" - ZIEGELHOFAREAL\",\"isPartOf\":{\"@id\":\"https:\\\/\\\/ziegelhof-liestal.ch\\\/#website\"},\"primaryImageOfPage\":{\"@id\":\"https:\\\/\\\/ziegelhof-liestal.ch\\\/?p=1965#primaryimage\"},\"image\":{\"@id\":\"https:\\\/\\\/ziegelhof-liestal.ch\\\/?p=1965#primaryimage\"},\"thumbnailUrl\":\"https:\\\/\\\/ziegelhof-liestal.ch\\\/wp-content\\\/uploads\\\/2018\\\/07\\\/DSC057121-e1531303691458.jpg\",\"datePublished\":\"2018-07-11T09:11:39+00:00\",\"dateModified\":\"2020-07-29T08:18:39+00:00\",\"author\":{\"@id\":\"https:\\\/\\\/ziegelhof-liestal.ch\\\/#\\\/schema\\\/person\\\/162963545808c0e8c0b33a6b6acb2e6e\"},\"breadcrumb\":{\"@id\":\"https:\\\/\\\/ziegelhof-liestal.ch\\\/?p=1965#breadcrumb\"},\"inLanguage\":\"de\",\"potentialAction\":[{\"@type\":\"ReadAction\",\"target\":[\"https:\\\/\\\/ziegelhof-liestal.ch\\\/?p=1965\"]}]},{\"@type\":\"ImageObject\",\"inLanguage\":\"de\",\"@id\":\"https:\\\/\\\/ziegelhof-liestal.ch\\\/?p=1965#primaryimage\",\"url\":\"https:\\\/\\\/ziegelhof-liestal.ch\\\/wp-content\\\/uploads\\\/2018\\\/07\\\/DSC057121-e1531303691458.jpg\",\"contentUrl\":\"https:\\\/\\\/ziegelhof-liestal.ch\\\/wp-content\\\/uploads\\\/2018\\\/07\\\/DSC057121-e1531303691458.jpg\",\"width\":1892,\"height\":1495},{\"@type\":\"BreadcrumbList\",\"@id\":\"https:\\\/\\\/ziegelhof-liestal.ch\\\/?p=1965#breadcrumb\",\"itemListElement\":[{\"@type\":\"ListItem\",\"position\":1,\"name\":\"Startseite\",\"item\":\"https:\\\/\\\/ziegelhof-liestal.ch\\\/\"},{\"@type\":\"ListItem\",\"position\":2,\"name\":\"NEUES AUS DEM AREALTEIL &#8222;ZUM ECK&#8220;\"}]},{\"@type\":\"WebSite\",\"@id\":\"https:\\\/\\\/ziegelhof-liestal.ch\\\/#website\",\"url\":\"https:\\\/\\\/ziegelhof-liestal.ch\\\/\",\"name\":\"ZIEGELHOFAREAL\",\"description\":\"\",\"potentialAction\":[{\"@type\":\"SearchAction\",\"target\":{\"@type\":\"EntryPoint\",\"urlTemplate\":\"https:\\\/\\\/ziegelhof-liestal.ch\\\/?s={search_term_string}\"},\"query-input\":{\"@type\":\"PropertyValueSpecification\",\"valueRequired\":true,\"valueName\":\"search_term_string\"}}],\"inLanguage\":\"de\"},{\"@type\":\"Person\",\"@id\":\"https:\\\/\\\/ziegelhof-liestal.ch\\\/#\\\/schema\\\/person\\\/162963545808c0e8c0b33a6b6acb2e6e\",\"name\":\"Ben Pohl\",\"url\":\"https:\\\/\\\/ziegelhof-liestal.ch\\\/?author=2\"}]}<\/script>\n<!-- \/ Yoast SEO plugin. -->","yoast_head_json":{"title":"NEUES AUS DEM AREALTEIL \"ZUM ECK\" - ZIEGELHOFAREAL","robots":{"index":"index","follow":"follow","max-snippet":"max-snippet:-1","max-image-preview":"max-image-preview:large","max-video-preview":"max-video-preview:-1"},"canonical":"https:\/\/ziegelhof-liestal.ch\/?p=1965","og_locale":"de_DE","og_type":"article","og_title":"NEUES AUS DEM AREALTEIL \"ZUM ECK\" - ZIEGELHOFAREAL","og_description":"NEUES AUS DEM AREALTEIL \"ZUM ECK\" &nbsp;","og_url":"https:\/\/ziegelhof-liestal.ch\/?p=1965","og_site_name":"ZIEGELHOFAREAL","article_published_time":"2018-07-11T09:11:39+00:00","article_modified_time":"2020-07-29T08:18:39+00:00","og_image":[{"width":1892,"height":1495,"url":"https:\/\/ziegelhof-liestal.ch\/wp-content\/uploads\/2018\/07\/DSC057121-e1531303691458.jpg","type":"image\/jpeg"}],"author":"Ben Pohl","twitter_card":"summary_large_image","twitter_misc":{"Verfasst von":"Ben Pohl"},"schema":{"@context":"https:\/\/schema.org","@graph":[{"@type":"Article","@id":"https:\/\/ziegelhof-liestal.ch\/?p=1965#article","isPartOf":{"@id":"https:\/\/ziegelhof-liestal.ch\/?p=1965"},"author":{"name":"Ben Pohl","@id":"https:\/\/ziegelhof-liestal.ch\/#\/schema\/person\/162963545808c0e8c0b33a6b6acb2e6e"},"headline":"NEUES AUS DEM AREALTEIL &#8222;ZUM ECK&#8220;","datePublished":"2018-07-11T09:11:39+00:00","dateModified":"2020-07-29T08:18:39+00:00","mainEntityOfPage":{"@id":"https:\/\/ziegelhof-liestal.ch\/?p=1965"},"wordCount":81,"image":{"@id":"https:\/\/ziegelhof-liestal.ch\/?p=1965#primaryimage"},"thumbnailUrl":"https:\/\/ziegelhof-liestal.ch\/wp-content\/uploads\/2018\/07\/DSC057121-e1531303691458.jpg","articleSection":["Nutzungen"],"inLanguage":"de"},{"@type":"WebPage","@id":"https:\/\/ziegelhof-liestal.ch\/?p=1965","url":"https:\/\/ziegelhof-liestal.ch\/?p=1965","name":"NEUES AUS DEM AREALTEIL \"ZUM ECK\" - ZIEGELHOFAREAL","isPartOf":{"@id":"https:\/\/ziegelhof-liestal.ch\/#website"},"primaryImageOfPage":{"@id":"https:\/\/ziegelhof-liestal.ch\/?p=1965#primaryimage"},"image":{"@id":"https:\/\/ziegelhof-liestal.ch\/?p=1965#primaryimage"},"thumbnailUrl":"https:\/\/ziegelhof-liestal.ch\/wp-content\/uploads\/2018\/07\/DSC057121-e1531303691458.jpg","datePublished":"2018-07-11T09:11:39+00:00","dateModified":"2020-07-29T08:18:39+00:00","author":{"@id":"https:\/\/ziegelhof-liestal.ch\/#\/schema\/person\/162963545808c0e8c0b33a6b6acb2e6e"},"breadcrumb":{"@id":"https:\/\/ziegelhof-liestal.ch\/?p=1965#breadcrumb"},"inLanguage":"de","potentialAction":[{"@type":"ReadAction","target":["https:\/\/ziegelhof-liestal.ch\/?p=1965"]}]},{"@type":"ImageObject","inLanguage":"de","@id":"https:\/\/ziegelhof-liestal.ch\/?p=1965#primaryimage","url":"https:\/\/ziegelhof-liestal.ch\/wp-content\/uploads\/2018\/07\/DSC057121-e1531303691458.jpg","contentUrl":"https:\/\/ziegelhof-liestal.ch\/wp-content\/uploads\/2018\/07\/DSC057121-e1531303691458.jpg","width":1892,"height":1495},{"@type":"BreadcrumbList","@id":"https:\/\/ziegelhof-liestal.ch\/?p=1965#breadcrumb","itemListElement":[{"@type":"ListItem","position":1,"name":"Startseite","item":"https:\/\/ziegelhof-liestal.ch\/"},{"@type":"ListItem","position":2,"name":"NEUES AUS DEM AREALTEIL &#8222;ZUM ECK&#8220;"}]},{"@type":"WebSite","@id":"https:\/\/ziegelhof-liestal.ch\/#website","url":"https:\/\/ziegelhof-liestal.ch\/","name":"ZIEGELHOFAREAL","description":"","potentialAction":[{"@type":"SearchAction","target":{"@type":"EntryPoint","urlTemplate":"https:\/\/ziegelhof-liestal.ch\/?s={search_term_string}"},"query-input":{"@type":"PropertyValueSpecification","valueRequired":true,"valueName":"search_term_string"}}],"inLanguage":"de"},{"@type":"Person","@id":"https:\/\/ziegelhof-liestal.ch\/#\/schema\/person\/162963545808c0e8c0b33a6b6acb2e6e","name":"Ben Pohl","url":"https:\/\/ziegelhof-liestal.ch\/?author=2"}]}},"_links":{"self":[{"href":"https:\/\/ziegelhof-liestal.ch\/index.php?rest_route=\/wp\/v2\/posts\/1965","targetHints":{"allow":["GET"]}}],"collection":[{"href":"https:\/\/ziegelhof-liestal.ch\/index.php?rest_route=\/wp\/v2\/posts"}],"about":[{"href":"https:\/\/ziegelhof-liestal.ch\/index.php?rest_route=\/wp\/v2\/types\/post"}],"author":[{"embeddable":true,"href":"https:\/\/ziegelhof-liestal.ch\/index.php?rest_route=\/wp\/v2\/users\/2"}],"replies":[{"embeddable":true,"href":"https:\/\/ziegelhof-liestal.ch\/index.php?rest_route=%2Fwp%2Fv2%2Fcomments&post=1965"}],"version-history":[{"count":7,"href":"https:\/\/ziegelhof-liestal.ch\/index.php?rest_route=\/wp\/v2\/posts\/1965\/revisions"}],"predecessor-version":[{"id":1972,"href":"https:\/\/ziegelhof-liestal.ch\/index.php?rest_route=\/wp\/v2\/posts\/1965\/revisions\/1972"}],"wp:featuredmedia":[{"embeddable":true,"href":"https:\/\/ziegelhof-liestal.ch\/index.php?rest_route=\/wp\/v2\/media\/1694"}],"wp:attachment":[{"href":"https:\/\/ziegelhof-liestal.ch\/index.php?rest_route=%2Fwp%2Fv2%2Fmedia&parent=1965"}],"wp:term":[{"taxonomy":"category","embeddable":true,"href":"https:\/\/ziegelhof-liestal.ch\/index.php?rest_route=%2Fwp%2Fv2%2Fcategories&post=1965"},{"taxonomy":"post_tag","embeddable":true,"href":"https:\/\/ziegelhof-liestal.ch\/index.php?rest_route=%2Fwp%2Fv2%2Ftags&post=1965"}],"curies":[{"name":"wp","href":"https:\/\/api.w.org\/{rel}","templated":true}]}}