{"id":2183,"date":"2018-11-23T10:09:14","date_gmt":"2018-11-23T10:09:14","guid":{"rendered":"https:\/\/ziegelhof-liestal.ch\/?p=2183"},"modified":"2020-07-29T08:12:45","modified_gmt":"2020-07-29T08:12:45","slug":"1-baselbieter-biermarkt-01-02-06-2018-4-2-2-2-3-2","status":"publish","type":"post","link":"https:\/\/ziegelhof-liestal.ch\/?p=2183","title":{"rendered":"&#8222;BASELBIETER KANTONSVERLAG F\u00c4HRT REKORDHOCH AUF&#8220; | EIN BERICHT"},"content":{"rendered":"<div id=\"pl-2183\"  class=\"panel-layout\" ><div id=\"pg-2183-0\"  class=\"panel-grid panel-has-style\" ><div class=\"so-parallax siteorigin-panels-stretch panel-row-style panel-row-style-for-2183-0\" data-stretch-type=\"full-stretched\" ><img fetchpriority=\"high\" decoding=\"async\" width=\"2835\" height=\"1891\" src=\"https:\/\/ziegelhof-liestal.ch\/wp-content\/uploads\/2016\/10\/DSC07457.jpg\" class=\"attachment-full size-full\" alt=\"\" data-siteorigin-parallax=\"true\" loading=\"eager\" srcset=\"https:\/\/ziegelhof-liestal.ch\/wp-content\/uploads\/2016\/10\/DSC07457.jpg 2835w, https:\/\/ziegelhof-liestal.ch\/wp-content\/uploads\/2016\/10\/DSC07457-300x200.jpg 300w, https:\/\/ziegelhof-liestal.ch\/wp-content\/uploads\/2016\/10\/DSC07457-768x512.jpg 768w, https:\/\/ziegelhof-liestal.ch\/wp-content\/uploads\/2016\/10\/DSC07457-1024x683.jpg 1024w, https:\/\/ziegelhof-liestal.ch\/wp-content\/uploads\/2016\/10\/DSC07457-600x400.jpg 600w, https:\/\/ziegelhof-liestal.ch\/wp-content\/uploads\/2016\/10\/DSC07457-750x500.jpg 750w, https:\/\/ziegelhof-liestal.ch\/wp-content\/uploads\/2016\/10\/DSC07457-50x33.jpg 50w, https:\/\/ziegelhof-liestal.ch\/wp-content\/uploads\/2016\/10\/DSC07457-272x182.jpg 272w\" sizes=\"(max-width: 2835px) 100vw, 2835px\" \/><div id=\"pgc-2183-0-0\"  class=\"panel-grid-cell\" ><div id=\"panel-2183-0-0-0\" class=\"so-panel widget widget_sow-headline panel-first-child panel-last-child\" data-index=\"0\" ><div class=\"panel-widget-style panel-widget-style-for-2183-0-0-0\" ><div\n\t\t\t\n\t\t\tclass=\"so-widget-sow-headline so-widget-sow-headline-default-8fc5436c1158-2183 so-widget-fittext-wrapper\"\n\t\t\t data-fit-text-compressor=\"0.85\"\n\t\t><div class=\"sow-headline-container \">\n\t\t\t\t\t\t\t<h1 class=\"sow-headline\">\n\t\t\t\t\t\tKANTONSVERLAG-VERNISSAGE IN DER ABF\u00dcLLHALLE\t\t\t\t\t\t<\/h1>\n\t\t\t\t\t\t\t\t\t\t\t<div class=\"decoration\">\n\t\t\t\t\t\t<div class=\"decoration-inside\"><\/div>\n\t\t\t\t\t<\/div>\n\t\t\t\t\t<\/div>\n<\/div><\/div><\/div><\/div><\/div><\/div><div id=\"pg-2183-1\"  class=\"panel-grid panel-no-style\" ><div id=\"pgc-2183-1-0\"  class=\"panel-grid-cell\" ><div id=\"panel-2183-1-0-0\" class=\"so-panel widget widget_sow-editor panel-first-child panel-last-child\" data-index=\"1\" ><div class=\"panel-widget-style panel-widget-style-for-2183-1-0-0\" ><div\n\t\t\t\n\t\t\tclass=\"so-widget-sow-editor so-widget-sow-editor-base\"\n\t\t\t\n\t\t>\n<div class=\"siteorigin-widget-tinymce textwidget\">\n\t<div class=\"page\" title=\"Page 1\"><code style=\"display: none;\"><br \/>\n<\/code><\/p>\n<div class=\"layoutArea\"><code style=\"display: none;\"><br \/>\n<\/code><\/p>\n<h2 class=\"column\" style=\"text-align: center;\"><code style=\"display: none;\"><br \/>\n<\/code> &#8222;BASELBIETER KANTONSVERLAG F\u00c4HRT REKORDHOCH AUF&#8220;<\/h2>\n<h3 class=\"column\" style=\"text-align: center;\"><strong>BERICHT IN DER BZ 21.11.18<\/strong><br \/>\n<\/h3>\n<p style=\"text-align: center;\">\u00a0<\/p>\n<h3 class=\"column\" style=\"text-align: center;\">\n<\/h3>\n<p><code style=\"display: none;\"><br \/>\n<\/code><\/p>\n<h3 class=\"column\" style=\"text-align: center;\">\n<\/h3>\n<p><code style=\"display: none;\"><br \/>\n<\/code><\/p>\n<\/div>\n<p><code style=\"display: none;\"><br \/>\n<\/code><\/p>\n<\/div>\n<\/div>\n<\/div><\/div><\/div><\/div><\/div><div id=\"pg-2183-2\"  class=\"panel-grid panel-no-style\" ><div id=\"pgc-2183-2-0\"  class=\"panel-grid-cell\" ><div id=\"panel-2183-2-0-0\" class=\"so-panel widget widget_sow-editor panel-first-child panel-last-child\" data-index=\"2\" ><div class=\"panel-widget-style panel-widget-style-for-2183-2-0-0\" ><div\n\t\t\t\n\t\t\tclass=\"so-widget-sow-editor so-widget-sow-editor-base\"\n\t\t\t\n\t\t>\n<div class=\"siteorigin-widget-tinymce textwidget\">\n\t<p>Acht Werke von den Baselbieterquellen bis zum Kosmos sind in diesem Jahr erschienen.<\/p>\n<p>Was Regierungspr\u00e4sidentin Monica Gschwind gestern Abend an der Vernissage des Kantonsverlags zur Begr\u00fcssung sagte, t\u00f6nte zwar nach einem Allgemeinplatz. Es traf aber die diesj\u00e4hrige Ausgabe des Traditionsanlasses haargenau: \u00abAlle Jahre wieder und doch immer wieder einzigartig.\u00bb Denn erstmals fand die Vernissage in der einstigen Abf\u00fcllhalle des Ziegelhofs in Liestal statt und zeigte, was diese Halle f\u00fcr ein Potenzial und bei geschickter Dekoration f\u00fcr eine Ambiance hat.<\/p>\n<p>&nbsp;<\/p>\n<p>&nbsp;<\/p>\n<\/div>\n<\/div><\/div><\/div><\/div><div id=\"pgc-2183-2-1\"  class=\"panel-grid-cell\" ><div id=\"panel-2183-2-1-0\" class=\"so-panel widget widget_sow-editor panel-first-child panel-last-child\" data-index=\"3\" ><div class=\"panel-widget-style panel-widget-style-for-2183-2-1-0\" ><div\n\t\t\t\n\t\t\tclass=\"so-widget-sow-editor so-widget-sow-editor-base\"\n\t\t\t\n\t\t>\n<div class=\"siteorigin-widget-tinymce textwidget\">\n\t<p><strong>Hier ist der komplette Beitrag zu lesen:<br \/><\/strong><\/p>\n<p>&#8222;Baselbieter Kantonsverlag f\u00e4hrt rekordhoch auf&#8220;, bz November 2018<br \/><a href=\"https:\/\/ziegelhof-liestal.ch\/wp-content\/uploads\/2018\/11\/181121_BZ_Buchvernissage.pdf\">181121_BZ_Vernissage Kantonsverlag<\/a><\/p>\n<\/div>\n<\/div><\/div><\/div><\/div><\/div><\/div>","protected":false},"excerpt":{"rendered":"<p>&#8222;BASELBIETER KANTONSVERLAG F\u00c4HRT REKORDHOCH AUF&#8220; BERICHT IN DER BZ 21.11.18 \u00a0<\/p>\n","protected":false},"author":2,"featured_media":1266,"comment_status":"closed","ping_status":"closed","sticky":false,"template":"","format":"standard","meta":{"inline_featured_image":false,"footnotes":""},"categories":[3],"tags":[],"class_list":["post-2183","post","type-post","status-publish","format-standard","has-post-thumbnail","hentry","category-veranstaltungen"],"yoast_head":"<!-- This site is optimized with the Yoast SEO plugin v27.5 - https:\/\/yoast.com\/product\/yoast-seo-wordpress\/ -->\n<title>&quot;BASELBIETER KANTONSVERLAG F\u00c4HRT REKORDHOCH AUF&quot; | EIN BERICHT - ZIEGELHOFAREAL<\/title>\n<meta name=\"robots\" content=\"index, follow, max-snippet:-1, max-image-preview:large, max-video-preview:-1\" \/>\n<link rel=\"canonical\" href=\"https:\/\/ziegelhof-liestal.ch\/?p=2183\" \/>\n<meta property=\"og:locale\" content=\"de_DE\" \/>\n<meta property=\"og:type\" content=\"article\" \/>\n<meta property=\"og:title\" content=\"&quot;BASELBIETER KANTONSVERLAG F\u00c4HRT REKORDHOCH AUF&quot; | EIN BERICHT - ZIEGELHOFAREAL\" \/>\n<meta property=\"og:description\" content=\"&quot;BASELBIETER KANTONSVERLAG F\u00c4HRT REKORDHOCH AUF&quot; BERICHT IN DER BZ 21.11.18 \u00a0\" \/>\n<meta property=\"og:url\" content=\"https:\/\/ziegelhof-liestal.ch\/?p=2183\" \/>\n<meta property=\"og:site_name\" content=\"ZIEGELHOFAREAL\" \/>\n<meta property=\"article:published_time\" content=\"2018-11-23T10:09:14+00:00\" \/>\n<meta property=\"article:modified_time\" content=\"2020-07-29T08:12:45+00:00\" \/>\n<meta property=\"og:image\" content=\"https:\/\/ziegelhof-liestal.ch\/wp-content\/uploads\/2017\/09\/DSC07848-1024x683.jpg\" \/>\n\t<meta property=\"og:image:width\" content=\"1024\" \/>\n\t<meta property=\"og:image:height\" content=\"683\" \/>\n\t<meta property=\"og:image:type\" content=\"image\/jpeg\" \/>\n<meta name=\"author\" content=\"Ben Pohl\" \/>\n<meta name=\"twitter:card\" content=\"summary_large_image\" \/>\n<meta name=\"twitter:label1\" content=\"Verfasst von\" \/>\n\t<meta name=\"twitter:data1\" content=\"Ben Pohl\" \/>\n\t<meta name=\"twitter:label2\" content=\"Gesch\u00e4tzte Lesezeit\" \/>\n\t<meta name=\"twitter:data2\" content=\"1\u00a0Minute\" \/>\n<script type=\"application\/ld+json\" class=\"yoast-schema-graph\">{\"@context\":\"https:\\\/\\\/schema.org\",\"@graph\":[{\"@type\":\"Article\",\"@id\":\"https:\\\/\\\/ziegelhof-liestal.ch\\\/?p=2183#article\",\"isPartOf\":{\"@id\":\"https:\\\/\\\/ziegelhof-liestal.ch\\\/?p=2183\"},\"author\":{\"name\":\"Ben Pohl\",\"@id\":\"https:\\\/\\\/ziegelhof-liestal.ch\\\/#\\\/schema\\\/person\\\/162963545808c0e8c0b33a6b6acb2e6e\"},\"headline\":\"&#8222;BASELBIETER KANTONSVERLAG F\u00c4HRT REKORDHOCH AUF&#8220; | EIN BERICHT\",\"datePublished\":\"2018-11-23T10:09:14+00:00\",\"dateModified\":\"2020-07-29T08:12:45+00:00\",\"mainEntityOfPage\":{\"@id\":\"https:\\\/\\\/ziegelhof-liestal.ch\\\/?p=2183\"},\"wordCount\":133,\"image\":{\"@id\":\"https:\\\/\\\/ziegelhof-liestal.ch\\\/?p=2183#primaryimage\"},\"thumbnailUrl\":\"https:\\\/\\\/ziegelhof-liestal.ch\\\/wp-content\\\/uploads\\\/2017\\\/09\\\/DSC07848.jpg\",\"articleSection\":[\"Veranstaltungen\"],\"inLanguage\":\"de\"},{\"@type\":\"WebPage\",\"@id\":\"https:\\\/\\\/ziegelhof-liestal.ch\\\/?p=2183\",\"url\":\"https:\\\/\\\/ziegelhof-liestal.ch\\\/?p=2183\",\"name\":\"\\\"BASELBIETER KANTONSVERLAG F\u00c4HRT REKORDHOCH AUF\\\" | EIN BERICHT - ZIEGELHOFAREAL\",\"isPartOf\":{\"@id\":\"https:\\\/\\\/ziegelhof-liestal.ch\\\/#website\"},\"primaryImageOfPage\":{\"@id\":\"https:\\\/\\\/ziegelhof-liestal.ch\\\/?p=2183#primaryimage\"},\"image\":{\"@id\":\"https:\\\/\\\/ziegelhof-liestal.ch\\\/?p=2183#primaryimage\"},\"thumbnailUrl\":\"https:\\\/\\\/ziegelhof-liestal.ch\\\/wp-content\\\/uploads\\\/2017\\\/09\\\/DSC07848.jpg\",\"datePublished\":\"2018-11-23T10:09:14+00:00\",\"dateModified\":\"2020-07-29T08:12:45+00:00\",\"author\":{\"@id\":\"https:\\\/\\\/ziegelhof-liestal.ch\\\/#\\\/schema\\\/person\\\/162963545808c0e8c0b33a6b6acb2e6e\"},\"breadcrumb\":{\"@id\":\"https:\\\/\\\/ziegelhof-liestal.ch\\\/?p=2183#breadcrumb\"},\"inLanguage\":\"de\",\"potentialAction\":[{\"@type\":\"ReadAction\",\"target\":[\"https:\\\/\\\/ziegelhof-liestal.ch\\\/?p=2183\"]}]},{\"@type\":\"ImageObject\",\"inLanguage\":\"de\",\"@id\":\"https:\\\/\\\/ziegelhof-liestal.ch\\\/?p=2183#primaryimage\",\"url\":\"https:\\\/\\\/ziegelhof-liestal.ch\\\/wp-content\\\/uploads\\\/2017\\\/09\\\/DSC07848.jpg\",\"contentUrl\":\"https:\\\/\\\/ziegelhof-liestal.ch\\\/wp-content\\\/uploads\\\/2017\\\/09\\\/DSC07848.jpg\",\"width\":2835,\"height\":1891},{\"@type\":\"BreadcrumbList\",\"@id\":\"https:\\\/\\\/ziegelhof-liestal.ch\\\/?p=2183#breadcrumb\",\"itemListElement\":[{\"@type\":\"ListItem\",\"position\":1,\"name\":\"Startseite\",\"item\":\"https:\\\/\\\/ziegelhof-liestal.ch\\\/\"},{\"@type\":\"ListItem\",\"position\":2,\"name\":\"&#8222;BASELBIETER KANTONSVERLAG F\u00c4HRT REKORDHOCH AUF&#8220; | EIN BERICHT\"}]},{\"@type\":\"WebSite\",\"@id\":\"https:\\\/\\\/ziegelhof-liestal.ch\\\/#website\",\"url\":\"https:\\\/\\\/ziegelhof-liestal.ch\\\/\",\"name\":\"ZIEGELHOFAREAL\",\"description\":\"\",\"potentialAction\":[{\"@type\":\"SearchAction\",\"target\":{\"@type\":\"EntryPoint\",\"urlTemplate\":\"https:\\\/\\\/ziegelhof-liestal.ch\\\/?s={search_term_string}\"},\"query-input\":{\"@type\":\"PropertyValueSpecification\",\"valueRequired\":true,\"valueName\":\"search_term_string\"}}],\"inLanguage\":\"de\"},{\"@type\":\"Person\",\"@id\":\"https:\\\/\\\/ziegelhof-liestal.ch\\\/#\\\/schema\\\/person\\\/162963545808c0e8c0b33a6b6acb2e6e\",\"name\":\"Ben Pohl\",\"url\":\"https:\\\/\\\/ziegelhof-liestal.ch\\\/?author=2\"}]}<\/script>\n<!-- \/ Yoast SEO plugin. -->","yoast_head_json":{"title":"\"BASELBIETER KANTONSVERLAG F\u00c4HRT REKORDHOCH AUF\" | EIN BERICHT - ZIEGELHOFAREAL","robots":{"index":"index","follow":"follow","max-snippet":"max-snippet:-1","max-image-preview":"max-image-preview:large","max-video-preview":"max-video-preview:-1"},"canonical":"https:\/\/ziegelhof-liestal.ch\/?p=2183","og_locale":"de_DE","og_type":"article","og_title":"\"BASELBIETER KANTONSVERLAG F\u00c4HRT REKORDHOCH AUF\" | EIN BERICHT - ZIEGELHOFAREAL","og_description":"\"BASELBIETER KANTONSVERLAG F\u00c4HRT REKORDHOCH AUF\" BERICHT IN DER BZ 21.11.18 \u00a0","og_url":"https:\/\/ziegelhof-liestal.ch\/?p=2183","og_site_name":"ZIEGELHOFAREAL","article_published_time":"2018-11-23T10:09:14+00:00","article_modified_time":"2020-07-29T08:12:45+00:00","og_image":[{"width":1024,"height":683,"url":"https:\/\/ziegelhof-liestal.ch\/wp-content\/uploads\/2017\/09\/DSC07848-1024x683.jpg","type":"image\/jpeg"}],"author":"Ben Pohl","twitter_card":"summary_large_image","twitter_misc":{"Verfasst von":"Ben Pohl","Gesch\u00e4tzte Lesezeit":"1\u00a0Minute"},"schema":{"@context":"https:\/\/schema.org","@graph":[{"@type":"Article","@id":"https:\/\/ziegelhof-liestal.ch\/?p=2183#article","isPartOf":{"@id":"https:\/\/ziegelhof-liestal.ch\/?p=2183"},"author":{"name":"Ben Pohl","@id":"https:\/\/ziegelhof-liestal.ch\/#\/schema\/person\/162963545808c0e8c0b33a6b6acb2e6e"},"headline":"&#8222;BASELBIETER KANTONSVERLAG F\u00c4HRT REKORDHOCH AUF&#8220; | EIN BERICHT","datePublished":"2018-11-23T10:09:14+00:00","dateModified":"2020-07-29T08:12:45+00:00","mainEntityOfPage":{"@id":"https:\/\/ziegelhof-liestal.ch\/?p=2183"},"wordCount":133,"image":{"@id":"https:\/\/ziegelhof-liestal.ch\/?p=2183#primaryimage"},"thumbnailUrl":"https:\/\/ziegelhof-liestal.ch\/wp-content\/uploads\/2017\/09\/DSC07848.jpg","articleSection":["Veranstaltungen"],"inLanguage":"de"},{"@type":"WebPage","@id":"https:\/\/ziegelhof-liestal.ch\/?p=2183","url":"https:\/\/ziegelhof-liestal.ch\/?p=2183","name":"\"BASELBIETER KANTONSVERLAG F\u00c4HRT REKORDHOCH AUF\" | EIN BERICHT - ZIEGELHOFAREAL","isPartOf":{"@id":"https:\/\/ziegelhof-liestal.ch\/#website"},"primaryImageOfPage":{"@id":"https:\/\/ziegelhof-liestal.ch\/?p=2183#primaryimage"},"image":{"@id":"https:\/\/ziegelhof-liestal.ch\/?p=2183#primaryimage"},"thumbnailUrl":"https:\/\/ziegelhof-liestal.ch\/wp-content\/uploads\/2017\/09\/DSC07848.jpg","datePublished":"2018-11-23T10:09:14+00:00","dateModified":"2020-07-29T08:12:45+00:00","author":{"@id":"https:\/\/ziegelhof-liestal.ch\/#\/schema\/person\/162963545808c0e8c0b33a6b6acb2e6e"},"breadcrumb":{"@id":"https:\/\/ziegelhof-liestal.ch\/?p=2183#breadcrumb"},"inLanguage":"de","potentialAction":[{"@type":"ReadAction","target":["https:\/\/ziegelhof-liestal.ch\/?p=2183"]}]},{"@type":"ImageObject","inLanguage":"de","@id":"https:\/\/ziegelhof-liestal.ch\/?p=2183#primaryimage","url":"https:\/\/ziegelhof-liestal.ch\/wp-content\/uploads\/2017\/09\/DSC07848.jpg","contentUrl":"https:\/\/ziegelhof-liestal.ch\/wp-content\/uploads\/2017\/09\/DSC07848.jpg","width":2835,"height":1891},{"@type":"BreadcrumbList","@id":"https:\/\/ziegelhof-liestal.ch\/?p=2183#breadcrumb","itemListElement":[{"@type":"ListItem","position":1,"name":"Startseite","item":"https:\/\/ziegelhof-liestal.ch\/"},{"@type":"ListItem","position":2,"name":"&#8222;BASELBIETER KANTONSVERLAG F\u00c4HRT REKORDHOCH AUF&#8220; | EIN BERICHT"}]},{"@type":"WebSite","@id":"https:\/\/ziegelhof-liestal.ch\/#website","url":"https:\/\/ziegelhof-liestal.ch\/","name":"ZIEGELHOFAREAL","description":"","potentialAction":[{"@type":"SearchAction","target":{"@type":"EntryPoint","urlTemplate":"https:\/\/ziegelhof-liestal.ch\/?s={search_term_string}"},"query-input":{"@type":"PropertyValueSpecification","valueRequired":true,"valueName":"search_term_string"}}],"inLanguage":"de"},{"@type":"Person","@id":"https:\/\/ziegelhof-liestal.ch\/#\/schema\/person\/162963545808c0e8c0b33a6b6acb2e6e","name":"Ben Pohl","url":"https:\/\/ziegelhof-liestal.ch\/?author=2"}]}},"_links":{"self":[{"href":"https:\/\/ziegelhof-liestal.ch\/index.php?rest_route=\/wp\/v2\/posts\/2183","targetHints":{"allow":["GET"]}}],"collection":[{"href":"https:\/\/ziegelhof-liestal.ch\/index.php?rest_route=\/wp\/v2\/posts"}],"about":[{"href":"https:\/\/ziegelhof-liestal.ch\/index.php?rest_route=\/wp\/v2\/types\/post"}],"author":[{"embeddable":true,"href":"https:\/\/ziegelhof-liestal.ch\/index.php?rest_route=\/wp\/v2\/users\/2"}],"replies":[{"embeddable":true,"href":"https:\/\/ziegelhof-liestal.ch\/index.php?rest_route=%2Fwp%2Fv2%2Fcomments&post=2183"}],"version-history":[{"count":4,"href":"https:\/\/ziegelhof-liestal.ch\/index.php?rest_route=\/wp\/v2\/posts\/2183\/revisions"}],"predecessor-version":[{"id":2188,"href":"https:\/\/ziegelhof-liestal.ch\/index.php?rest_route=\/wp\/v2\/posts\/2183\/revisions\/2188"}],"wp:featuredmedia":[{"embeddable":true,"href":"https:\/\/ziegelhof-liestal.ch\/index.php?rest_route=\/wp\/v2\/media\/1266"}],"wp:attachment":[{"href":"https:\/\/ziegelhof-liestal.ch\/index.php?rest_route=%2Fwp%2Fv2%2Fmedia&parent=2183"}],"wp:term":[{"taxonomy":"category","embeddable":true,"href":"https:\/\/ziegelhof-liestal.ch\/index.php?rest_route=%2Fwp%2Fv2%2Fcategories&post=2183"},{"taxonomy":"post_tag","embeddable":true,"href":"https:\/\/ziegelhof-liestal.ch\/index.php?rest_route=%2Fwp%2Fv2%2Ftags&post=2183"}],"curies":[{"name":"wp","href":"https:\/\/api.w.org\/{rel}","templated":true}]}}