{"id":2350,"date":"2019-01-21T17:10:18","date_gmt":"2019-01-21T17:10:18","guid":{"rendered":"https:\/\/ziegelhof-liestal.ch\/?p=2350"},"modified":"2019-02-21T15:11:25","modified_gmt":"2019-02-21T15:11:25","slug":"1-baselbieter-biermarkt-01-02-06-2018-4-2-2-2-3-2-4","status":"publish","type":"post","link":"https:\/\/ziegelhof-liestal.ch\/?p=2350","title":{"rendered":"HEBDI &#8211; EINE BOULDERHALLE F\u00dcR DIE ABF\u00dcLLHALLE"},"content":{"rendered":"<div id=\"pl-2350\"  class=\"panel-layout\" ><div id=\"pg-2350-0\"  class=\"panel-grid panel-has-style\" ><div class=\"so-parallax siteorigin-panels-stretch panel-row-style panel-row-style-for-2350-0\" data-stretch-type=\"full-stretched\" ><img fetchpriority=\"high\" decoding=\"async\" width=\"2835\" height=\"1891\" src=\"https:\/\/ziegelhof-liestal.ch\/wp-content\/uploads\/2016\/10\/DSC07457.jpg\" class=\"attachment-full size-full\" alt=\"\" data-siteorigin-parallax=\"true\" loading=\"eager\" srcset=\"https:\/\/ziegelhof-liestal.ch\/wp-content\/uploads\/2016\/10\/DSC07457.jpg 2835w, https:\/\/ziegelhof-liestal.ch\/wp-content\/uploads\/2016\/10\/DSC07457-300x200.jpg 300w, https:\/\/ziegelhof-liestal.ch\/wp-content\/uploads\/2016\/10\/DSC07457-768x512.jpg 768w, https:\/\/ziegelhof-liestal.ch\/wp-content\/uploads\/2016\/10\/DSC07457-1024x683.jpg 1024w, https:\/\/ziegelhof-liestal.ch\/wp-content\/uploads\/2016\/10\/DSC07457-600x400.jpg 600w, https:\/\/ziegelhof-liestal.ch\/wp-content\/uploads\/2016\/10\/DSC07457-750x500.jpg 750w, https:\/\/ziegelhof-liestal.ch\/wp-content\/uploads\/2016\/10\/DSC07457-50x33.jpg 50w, https:\/\/ziegelhof-liestal.ch\/wp-content\/uploads\/2016\/10\/DSC07457-272x182.jpg 272w\" sizes=\"(max-width: 2835px) 100vw, 2835px\" \/><div id=\"pgc-2350-0-0\"  class=\"panel-grid-cell\" ><div id=\"panel-2350-0-0-0\" class=\"so-panel widget widget_sow-headline panel-first-child panel-last-child\" data-index=\"0\" ><div class=\"panel-widget-style panel-widget-style-for-2350-0-0-0\" ><div\n\t\t\t\n\t\t\tclass=\"so-widget-sow-headline so-widget-sow-headline-default-8fc5436c1158-2350 so-widget-fittext-wrapper\"\n\t\t\t data-fit-text-compressor=\"0.85\"\n\t\t><div class=\"sow-headline-container \">\n\t\t\t\t\t\t\t<h1 class=\"sow-headline\">\n\t\t\t\t\t\tHEBDI &#8211; DIE NEUE BOULDER-HALLE\t\t\t\t\t\t<\/h1>\n\t\t\t\t\t\t\t\t\t\t\t<div class=\"decoration\">\n\t\t\t\t\t\t<div class=\"decoration-inside\"><\/div>\n\t\t\t\t\t<\/div>\n\t\t\t\t\t<\/div>\n<\/div><\/div><\/div><\/div><\/div><\/div><div id=\"pg-2350-1\"  class=\"panel-grid panel-no-style\" ><div id=\"pgc-2350-1-0\"  class=\"panel-grid-cell\" ><div id=\"panel-2350-1-0-0\" class=\"so-panel widget widget_sow-editor panel-first-child panel-last-child\" data-index=\"1\" ><div class=\"panel-widget-style panel-widget-style-for-2350-1-0-0\" ><div\n\t\t\t\n\t\t\tclass=\"so-widget-sow-editor so-widget-sow-editor-base\"\n\t\t\t\n\t\t>\n<div class=\"siteorigin-widget-tinymce textwidget\">\n\t<div class=\"page\" title=\"Page 1\"><code style=\"display: none;\"><br \/>\n<\/code><\/p>\n<div class=\"layoutArea\"><code style=\"display: none;\"><br \/>\n<\/code><\/p>\n<h2 class=\"column\" style=\"text-align: center;\"><code style=\"display: none;\"><\/code><\/h2>\n<h2 style=\"text-align: center;\">BALD HEISST&#8217;S HEBDI IM ZIEGELHOF!<\/h2>\n<h3 class=\"column\" style=\"text-align: center;\">\n<\/h3>\n<p><code style=\"display: none;\"><br \/>\n<\/code><\/p>\n<h3 class=\"column\" style=\"text-align: center;\">\n<\/h3>\n<p><code style=\"display: none;\"><br \/>\n<\/code><\/p>\n<\/div>\n<p><code style=\"display: none;\"><br \/>\n<\/code><\/p>\n<\/div>\n<\/div>\n<\/div><\/div><\/div><\/div><\/div><div id=\"pg-2350-2\"  class=\"panel-grid panel-no-style\" ><div id=\"pgc-2350-2-0\"  class=\"panel-grid-cell\" ><div id=\"panel-2350-2-0-0\" class=\"so-panel widget widget_sow-editor panel-first-child panel-last-child\" data-index=\"2\" ><div class=\"panel-widget-style panel-widget-style-for-2350-2-0-0\" ><div\n\t\t\t\n\t\t\tclass=\"so-widget-sow-editor so-widget-sow-editor-base\"\n\t\t\t\n\t\t>\n<div class=\"siteorigin-widget-tinymce textwidget\">\n\t<p>Nach eineinhalb j\u00e4hriger Planungszeit ist es nun bald soweit: Aus der ehemaligen Abf\u00fcllhalle wird eine Boulderhalle. Hinter dem Projekt stehen Chaschper Kron und Dominique Baumann aus Liestal, die den Verein Kletterei-Ziegelhof ins Leben gerufen haben.<\/p>\n<p>In der Halle soll eine Kletterfl\u00e4che von rund 500 m2 entstehen, mit Bouldern in verschiedenen Schwierigkeitsgraden. Hier treffen sich Jung und Alt, versierte Kletterer, oder solche die es werden wollen, um sich sportlich zu bet\u00e4tigen und zusammen eine gute Zeit zu verbringen. Im Eingangsbereich l\u00e4dt eine gem\u00fctliche Bar zum Verweilen ein. Hier werden auch hin und wieder kulturelle Veranstaltungen stattfinden.<\/p>\n<p><img loading=\"lazy\" decoding=\"async\" class=\"alignnone wp-image-2412 size-medium\" src=\"https:\/\/ziegelhof-liestal.ch\/wp-content\/uploads\/2019\/01\/Scetch-Up-Visual-1-002-300x171.jpg\" alt=\"\" width=\"300\" height=\"171\" srcset=\"https:\/\/ziegelhof-liestal.ch\/wp-content\/uploads\/2019\/01\/Scetch-Up-Visual-1-002-300x171.jpg 300w, https:\/\/ziegelhof-liestal.ch\/wp-content\/uploads\/2019\/01\/Scetch-Up-Visual-1-002-768x439.jpg 768w, https:\/\/ziegelhof-liestal.ch\/wp-content\/uploads\/2019\/01\/Scetch-Up-Visual-1-002-1024x585.jpg 1024w, https:\/\/ziegelhof-liestal.ch\/wp-content\/uploads\/2019\/01\/Scetch-Up-Visual-1-002.jpg 1078w\" sizes=\"auto, (max-width: 300px) 100vw, 300px\" \/>\u00a0<\/p>\n<p>&nbsp;<\/p>\n<p>&nbsp;<\/p>\n<\/div>\n<\/div><\/div><\/div><\/div><div id=\"pgc-2350-2-1\"  class=\"panel-grid-cell\" ><div id=\"panel-2350-2-1-0\" class=\"so-panel widget widget_sow-editor panel-first-child panel-last-child\" data-index=\"3\" ><div class=\"panel-widget-style panel-widget-style-for-2350-2-1-0\" ><div\n\t\t\t\n\t\t\tclass=\"so-widget-sow-editor so-widget-sow-editor-base\"\n\t\t\t\n\t\t>\n<div class=\"siteorigin-widget-tinymce textwidget\">\n\t<p>Die Bauarbeiten starten voraussichtlich im Mai, die Er\u00f6ffnung soll im November 2019 sein. Damit das Projekt erfolgreich umgesetzt werden kann, ist der Verein auf die finanzielle Unterst\u00fctzung der Einwohnerinnen und Einwohner Liestals und Umgebung angewiesen. Gemeinsam wird die Kantonshauptstadt noch attraktiver gemacht.<\/p>\n<p>Im Februar startet ihre <strong>Crowdfunding Kampagne<\/strong>, an der man sich beteiligen kann. Jeder Rappen z\u00e4hlt!<\/p>\n<p>Weitere Infos findest du unter <a href=\"http:\/\/www.kletterei-ziegelhof.ch\"><em>www.kletterei-ziegelhof.ch<\/em><\/a><\/p>\n<p>&nbsp;<\/p>\n<p><img loading=\"lazy\" decoding=\"async\" class=\"alignnone size-medium wp-image-2411\" src=\"https:\/\/ziegelhof-liestal.ch\/wp-content\/uploads\/2019\/01\/Scetch-Up-Visual-2-002-300x171.jpg\" alt=\"\" width=\"300\" height=\"171\" srcset=\"https:\/\/ziegelhof-liestal.ch\/wp-content\/uploads\/2019\/01\/Scetch-Up-Visual-2-002-300x171.jpg 300w, https:\/\/ziegelhof-liestal.ch\/wp-content\/uploads\/2019\/01\/Scetch-Up-Visual-2-002-768x439.jpg 768w, https:\/\/ziegelhof-liestal.ch\/wp-content\/uploads\/2019\/01\/Scetch-Up-Visual-2-002-1024x585.jpg 1024w, https:\/\/ziegelhof-liestal.ch\/wp-content\/uploads\/2019\/01\/Scetch-Up-Visual-2-002.jpg 1078w\" sizes=\"auto, (max-width: 300px) 100vw, 300px\" \/><\/p>\n<\/div>\n<\/div><\/div><\/div><\/div><\/div><\/div>","protected":false},"excerpt":{"rendered":"<p>BALD HEISST&#8217;S HEBDI IM ZIEGELHOF!<\/p>\n","protected":false},"author":2,"featured_media":2393,"comment_status":"closed","ping_status":"closed","sticky":false,"template":"","format":"standard","meta":{"inline_featured_image":false,"footnotes":""},"categories":[23],"tags":[],"class_list":["post-2350","post","type-post","status-publish","format-standard","has-post-thumbnail","hentry","category-nutzungen"],"yoast_head":"<!-- This site is optimized with the Yoast SEO plugin v27.5 - https:\/\/yoast.com\/product\/yoast-seo-wordpress\/ -->\n<title>HEBDI - EINE BOULDERHALLE F\u00dcR DIE ABF\u00dcLLHALLE - ZIEGELHOFAREAL<\/title>\n<meta name=\"robots\" content=\"index, follow, max-snippet:-1, max-image-preview:large, max-video-preview:-1\" \/>\n<link rel=\"canonical\" href=\"https:\/\/ziegelhof-liestal.ch\/?p=2350\" \/>\n<meta property=\"og:locale\" content=\"de_DE\" \/>\n<meta property=\"og:type\" content=\"article\" \/>\n<meta property=\"og:title\" content=\"HEBDI - EINE BOULDERHALLE F\u00dcR DIE ABF\u00dcLLHALLE - ZIEGELHOFAREAL\" \/>\n<meta property=\"og:description\" content=\"BALD HEISST&#039;S HEBDI IM ZIEGELHOF!\" \/>\n<meta property=\"og:url\" content=\"https:\/\/ziegelhof-liestal.ch\/?p=2350\" \/>\n<meta property=\"og:site_name\" content=\"ZIEGELHOFAREAL\" \/>\n<meta property=\"article:published_time\" content=\"2019-01-21T17:10:18+00:00\" \/>\n<meta property=\"article:modified_time\" content=\"2019-02-21T15:11:25+00:00\" \/>\n<meta property=\"og:image\" content=\"https:\/\/ziegelhof-liestal.ch\/wp-content\/uploads\/2019\/01\/Hebdi-die-neue-Boulderhalle-002.jpg\" \/>\n\t<meta property=\"og:image:width\" content=\"1782\" \/>\n\t<meta property=\"og:image:height\" content=\"1168\" \/>\n\t<meta property=\"og:image:type\" content=\"image\/jpeg\" \/>\n<meta name=\"author\" content=\"Ben Pohl\" \/>\n<meta name=\"twitter:card\" content=\"summary_large_image\" \/>\n<meta name=\"twitter:label1\" content=\"Verfasst von\" \/>\n\t<meta name=\"twitter:data1\" content=\"Ben Pohl\" \/>\n\t<meta name=\"twitter:label2\" content=\"Gesch\u00e4tzte Lesezeit\" \/>\n\t<meta name=\"twitter:data2\" content=\"1\u00a0Minute\" \/>\n<script type=\"application\/ld+json\" class=\"yoast-schema-graph\">{\"@context\":\"https:\\\/\\\/schema.org\",\"@graph\":[{\"@type\":\"Article\",\"@id\":\"https:\\\/\\\/ziegelhof-liestal.ch\\\/?p=2350#article\",\"isPartOf\":{\"@id\":\"https:\\\/\\\/ziegelhof-liestal.ch\\\/?p=2350\"},\"author\":{\"name\":\"Ben Pohl\",\"@id\":\"https:\\\/\\\/ziegelhof-liestal.ch\\\/#\\\/schema\\\/person\\\/162963545808c0e8c0b33a6b6acb2e6e\"},\"headline\":\"HEBDI &#8211; EINE BOULDERHALLE F\u00dcR DIE ABF\u00dcLLHALLE\",\"datePublished\":\"2019-01-21T17:10:18+00:00\",\"dateModified\":\"2019-02-21T15:11:25+00:00\",\"mainEntityOfPage\":{\"@id\":\"https:\\\/\\\/ziegelhof-liestal.ch\\\/?p=2350\"},\"wordCount\":193,\"image\":{\"@id\":\"https:\\\/\\\/ziegelhof-liestal.ch\\\/?p=2350#primaryimage\"},\"thumbnailUrl\":\"https:\\\/\\\/ziegelhof-liestal.ch\\\/wp-content\\\/uploads\\\/2019\\\/01\\\/Hebdi-die-neue-Boulderhalle-002.jpg\",\"articleSection\":[\"Nutzungen\"],\"inLanguage\":\"de\"},{\"@type\":\"WebPage\",\"@id\":\"https:\\\/\\\/ziegelhof-liestal.ch\\\/?p=2350\",\"url\":\"https:\\\/\\\/ziegelhof-liestal.ch\\\/?p=2350\",\"name\":\"HEBDI - EINE BOULDERHALLE F\u00dcR DIE ABF\u00dcLLHALLE - ZIEGELHOFAREAL\",\"isPartOf\":{\"@id\":\"https:\\\/\\\/ziegelhof-liestal.ch\\\/#website\"},\"primaryImageOfPage\":{\"@id\":\"https:\\\/\\\/ziegelhof-liestal.ch\\\/?p=2350#primaryimage\"},\"image\":{\"@id\":\"https:\\\/\\\/ziegelhof-liestal.ch\\\/?p=2350#primaryimage\"},\"thumbnailUrl\":\"https:\\\/\\\/ziegelhof-liestal.ch\\\/wp-content\\\/uploads\\\/2019\\\/01\\\/Hebdi-die-neue-Boulderhalle-002.jpg\",\"datePublished\":\"2019-01-21T17:10:18+00:00\",\"dateModified\":\"2019-02-21T15:11:25+00:00\",\"author\":{\"@id\":\"https:\\\/\\\/ziegelhof-liestal.ch\\\/#\\\/schema\\\/person\\\/162963545808c0e8c0b33a6b6acb2e6e\"},\"breadcrumb\":{\"@id\":\"https:\\\/\\\/ziegelhof-liestal.ch\\\/?p=2350#breadcrumb\"},\"inLanguage\":\"de\",\"potentialAction\":[{\"@type\":\"ReadAction\",\"target\":[\"https:\\\/\\\/ziegelhof-liestal.ch\\\/?p=2350\"]}]},{\"@type\":\"ImageObject\",\"inLanguage\":\"de\",\"@id\":\"https:\\\/\\\/ziegelhof-liestal.ch\\\/?p=2350#primaryimage\",\"url\":\"https:\\\/\\\/ziegelhof-liestal.ch\\\/wp-content\\\/uploads\\\/2019\\\/01\\\/Hebdi-die-neue-Boulderhalle-002.jpg\",\"contentUrl\":\"https:\\\/\\\/ziegelhof-liestal.ch\\\/wp-content\\\/uploads\\\/2019\\\/01\\\/Hebdi-die-neue-Boulderhalle-002.jpg\",\"width\":1782,\"height\":1168},{\"@type\":\"BreadcrumbList\",\"@id\":\"https:\\\/\\\/ziegelhof-liestal.ch\\\/?p=2350#breadcrumb\",\"itemListElement\":[{\"@type\":\"ListItem\",\"position\":1,\"name\":\"Startseite\",\"item\":\"https:\\\/\\\/ziegelhof-liestal.ch\\\/\"},{\"@type\":\"ListItem\",\"position\":2,\"name\":\"HEBDI &#8211; EINE BOULDERHALLE F\u00dcR DIE ABF\u00dcLLHALLE\"}]},{\"@type\":\"WebSite\",\"@id\":\"https:\\\/\\\/ziegelhof-liestal.ch\\\/#website\",\"url\":\"https:\\\/\\\/ziegelhof-liestal.ch\\\/\",\"name\":\"ZIEGELHOFAREAL\",\"description\":\"\",\"potentialAction\":[{\"@type\":\"SearchAction\",\"target\":{\"@type\":\"EntryPoint\",\"urlTemplate\":\"https:\\\/\\\/ziegelhof-liestal.ch\\\/?s={search_term_string}\"},\"query-input\":{\"@type\":\"PropertyValueSpecification\",\"valueRequired\":true,\"valueName\":\"search_term_string\"}}],\"inLanguage\":\"de\"},{\"@type\":\"Person\",\"@id\":\"https:\\\/\\\/ziegelhof-liestal.ch\\\/#\\\/schema\\\/person\\\/162963545808c0e8c0b33a6b6acb2e6e\",\"name\":\"Ben Pohl\",\"url\":\"https:\\\/\\\/ziegelhof-liestal.ch\\\/?author=2\"}]}<\/script>\n<!-- \/ Yoast SEO plugin. -->","yoast_head_json":{"title":"HEBDI - EINE BOULDERHALLE F\u00dcR DIE ABF\u00dcLLHALLE - ZIEGELHOFAREAL","robots":{"index":"index","follow":"follow","max-snippet":"max-snippet:-1","max-image-preview":"max-image-preview:large","max-video-preview":"max-video-preview:-1"},"canonical":"https:\/\/ziegelhof-liestal.ch\/?p=2350","og_locale":"de_DE","og_type":"article","og_title":"HEBDI - EINE BOULDERHALLE F\u00dcR DIE ABF\u00dcLLHALLE - ZIEGELHOFAREAL","og_description":"BALD HEISST'S HEBDI IM ZIEGELHOF!","og_url":"https:\/\/ziegelhof-liestal.ch\/?p=2350","og_site_name":"ZIEGELHOFAREAL","article_published_time":"2019-01-21T17:10:18+00:00","article_modified_time":"2019-02-21T15:11:25+00:00","og_image":[{"width":1782,"height":1168,"url":"https:\/\/ziegelhof-liestal.ch\/wp-content\/uploads\/2019\/01\/Hebdi-die-neue-Boulderhalle-002.jpg","type":"image\/jpeg"}],"author":"Ben Pohl","twitter_card":"summary_large_image","twitter_misc":{"Verfasst von":"Ben Pohl","Gesch\u00e4tzte Lesezeit":"1\u00a0Minute"},"schema":{"@context":"https:\/\/schema.org","@graph":[{"@type":"Article","@id":"https:\/\/ziegelhof-liestal.ch\/?p=2350#article","isPartOf":{"@id":"https:\/\/ziegelhof-liestal.ch\/?p=2350"},"author":{"name":"Ben Pohl","@id":"https:\/\/ziegelhof-liestal.ch\/#\/schema\/person\/162963545808c0e8c0b33a6b6acb2e6e"},"headline":"HEBDI &#8211; EINE BOULDERHALLE F\u00dcR DIE ABF\u00dcLLHALLE","datePublished":"2019-01-21T17:10:18+00:00","dateModified":"2019-02-21T15:11:25+00:00","mainEntityOfPage":{"@id":"https:\/\/ziegelhof-liestal.ch\/?p=2350"},"wordCount":193,"image":{"@id":"https:\/\/ziegelhof-liestal.ch\/?p=2350#primaryimage"},"thumbnailUrl":"https:\/\/ziegelhof-liestal.ch\/wp-content\/uploads\/2019\/01\/Hebdi-die-neue-Boulderhalle-002.jpg","articleSection":["Nutzungen"],"inLanguage":"de"},{"@type":"WebPage","@id":"https:\/\/ziegelhof-liestal.ch\/?p=2350","url":"https:\/\/ziegelhof-liestal.ch\/?p=2350","name":"HEBDI - EINE BOULDERHALLE F\u00dcR DIE ABF\u00dcLLHALLE - ZIEGELHOFAREAL","isPartOf":{"@id":"https:\/\/ziegelhof-liestal.ch\/#website"},"primaryImageOfPage":{"@id":"https:\/\/ziegelhof-liestal.ch\/?p=2350#primaryimage"},"image":{"@id":"https:\/\/ziegelhof-liestal.ch\/?p=2350#primaryimage"},"thumbnailUrl":"https:\/\/ziegelhof-liestal.ch\/wp-content\/uploads\/2019\/01\/Hebdi-die-neue-Boulderhalle-002.jpg","datePublished":"2019-01-21T17:10:18+00:00","dateModified":"2019-02-21T15:11:25+00:00","author":{"@id":"https:\/\/ziegelhof-liestal.ch\/#\/schema\/person\/162963545808c0e8c0b33a6b6acb2e6e"},"breadcrumb":{"@id":"https:\/\/ziegelhof-liestal.ch\/?p=2350#breadcrumb"},"inLanguage":"de","potentialAction":[{"@type":"ReadAction","target":["https:\/\/ziegelhof-liestal.ch\/?p=2350"]}]},{"@type":"ImageObject","inLanguage":"de","@id":"https:\/\/ziegelhof-liestal.ch\/?p=2350#primaryimage","url":"https:\/\/ziegelhof-liestal.ch\/wp-content\/uploads\/2019\/01\/Hebdi-die-neue-Boulderhalle-002.jpg","contentUrl":"https:\/\/ziegelhof-liestal.ch\/wp-content\/uploads\/2019\/01\/Hebdi-die-neue-Boulderhalle-002.jpg","width":1782,"height":1168},{"@type":"BreadcrumbList","@id":"https:\/\/ziegelhof-liestal.ch\/?p=2350#breadcrumb","itemListElement":[{"@type":"ListItem","position":1,"name":"Startseite","item":"https:\/\/ziegelhof-liestal.ch\/"},{"@type":"ListItem","position":2,"name":"HEBDI &#8211; EINE BOULDERHALLE F\u00dcR DIE ABF\u00dcLLHALLE"}]},{"@type":"WebSite","@id":"https:\/\/ziegelhof-liestal.ch\/#website","url":"https:\/\/ziegelhof-liestal.ch\/","name":"ZIEGELHOFAREAL","description":"","potentialAction":[{"@type":"SearchAction","target":{"@type":"EntryPoint","urlTemplate":"https:\/\/ziegelhof-liestal.ch\/?s={search_term_string}"},"query-input":{"@type":"PropertyValueSpecification","valueRequired":true,"valueName":"search_term_string"}}],"inLanguage":"de"},{"@type":"Person","@id":"https:\/\/ziegelhof-liestal.ch\/#\/schema\/person\/162963545808c0e8c0b33a6b6acb2e6e","name":"Ben Pohl","url":"https:\/\/ziegelhof-liestal.ch\/?author=2"}]}},"_links":{"self":[{"href":"https:\/\/ziegelhof-liestal.ch\/index.php?rest_route=\/wp\/v2\/posts\/2350","targetHints":{"allow":["GET"]}}],"collection":[{"href":"https:\/\/ziegelhof-liestal.ch\/index.php?rest_route=\/wp\/v2\/posts"}],"about":[{"href":"https:\/\/ziegelhof-liestal.ch\/index.php?rest_route=\/wp\/v2\/types\/post"}],"author":[{"embeddable":true,"href":"https:\/\/ziegelhof-liestal.ch\/index.php?rest_route=\/wp\/v2\/users\/2"}],"replies":[{"embeddable":true,"href":"https:\/\/ziegelhof-liestal.ch\/index.php?rest_route=%2Fwp%2Fv2%2Fcomments&post=2350"}],"version-history":[{"count":9,"href":"https:\/\/ziegelhof-liestal.ch\/index.php?rest_route=\/wp\/v2\/posts\/2350\/revisions"}],"predecessor-version":[{"id":2416,"href":"https:\/\/ziegelhof-liestal.ch\/index.php?rest_route=\/wp\/v2\/posts\/2350\/revisions\/2416"}],"wp:featuredmedia":[{"embeddable":true,"href":"https:\/\/ziegelhof-liestal.ch\/index.php?rest_route=\/wp\/v2\/media\/2393"}],"wp:attachment":[{"href":"https:\/\/ziegelhof-liestal.ch\/index.php?rest_route=%2Fwp%2Fv2%2Fmedia&parent=2350"}],"wp:term":[{"taxonomy":"category","embeddable":true,"href":"https:\/\/ziegelhof-liestal.ch\/index.php?rest_route=%2Fwp%2Fv2%2Fcategories&post=2350"},{"taxonomy":"post_tag","embeddable":true,"href":"https:\/\/ziegelhof-liestal.ch\/index.php?rest_route=%2Fwp%2Fv2%2Ftags&post=2350"}],"curies":[{"name":"wp","href":"https:\/\/api.w.org\/{rel}","templated":true}]}}