{"id":2423,"date":"2019-05-06T07:54:03","date_gmt":"2019-05-06T07:54:03","guid":{"rendered":"https:\/\/ziegelhof-liestal.ch\/?p=2423"},"modified":"2020-07-29T08:35:41","modified_gmt":"2020-07-29T08:35:41","slug":"stammtisch-14-03-2018-1930-uhr-2-3-2","status":"publish","type":"post","link":"https:\/\/ziegelhof-liestal.ch\/?p=2423","title":{"rendered":"F\u00dcHRUNG AUF DEM ZIEGELHOF | 15.5.19 | 19:30 UHR"},"content":{"rendered":"<div id=\"pl-2423\"  class=\"panel-layout\" ><div id=\"pg-2423-0\"  class=\"panel-grid panel-has-style\" ><div class=\"so-parallax siteorigin-panels-stretch panel-row-style panel-row-style-for-2423-0\" data-stretch-type=\"full-stretched\" ><img fetchpriority=\"high\" decoding=\"async\" width=\"2835\" height=\"1891\" src=\"https:\/\/ziegelhof-liestal.ch\/wp-content\/uploads\/2016\/10\/DSC07050.jpg\" class=\"attachment-full size-full\" alt=\"\" data-siteorigin-parallax=\"true\" loading=\"eager\" srcset=\"https:\/\/ziegelhof-liestal.ch\/wp-content\/uploads\/2016\/10\/DSC07050.jpg 2835w, https:\/\/ziegelhof-liestal.ch\/wp-content\/uploads\/2016\/10\/DSC07050-300x200.jpg 300w, https:\/\/ziegelhof-liestal.ch\/wp-content\/uploads\/2016\/10\/DSC07050-768x512.jpg 768w, https:\/\/ziegelhof-liestal.ch\/wp-content\/uploads\/2016\/10\/DSC07050-1024x683.jpg 1024w, https:\/\/ziegelhof-liestal.ch\/wp-content\/uploads\/2016\/10\/DSC07050-600x400.jpg 600w, https:\/\/ziegelhof-liestal.ch\/wp-content\/uploads\/2016\/10\/DSC07050-750x500.jpg 750w, https:\/\/ziegelhof-liestal.ch\/wp-content\/uploads\/2016\/10\/DSC07050-50x33.jpg 50w, https:\/\/ziegelhof-liestal.ch\/wp-content\/uploads\/2016\/10\/DSC07050-272x182.jpg 272w\" sizes=\"(max-width: 2835px) 100vw, 2835px\" \/><div id=\"pgc-2423-0-0\"  class=\"panel-grid-cell\" ><div id=\"panel-2423-0-0-0\" class=\"so-panel widget widget_sow-headline panel-first-child panel-last-child\" data-index=\"0\" ><div class=\"panel-widget-style panel-widget-style-for-2423-0-0-0\" ><div\n\t\t\t\n\t\t\tclass=\"so-widget-sow-headline so-widget-sow-headline-default-4c37d3d4075e-2423 so-widget-fittext-wrapper\"\n\t\t\t data-fit-text-compressor=\"0.85\"\n\t\t><div class=\"sow-headline-container \">\n\t\t\t\t\t\t\t<h1 class=\"sow-headline\">\n\t\t\t\t\t\tF\u00dcHRUNG | 15.5.19 | 19:30 UHR\t\t\t\t\t\t<\/h1>\n\t\t\t\t\t\t\t\t\t\t\t<div class=\"decoration\">\n\t\t\t\t\t\t<div class=\"decoration-inside\"><\/div>\n\t\t\t\t\t<\/div>\n\t\t\t\t\t<\/div>\n<\/div><\/div><\/div><\/div><\/div><\/div><div id=\"pg-2423-1\"  class=\"panel-grid panel-no-style\" ><div id=\"pgc-2423-1-0\"  class=\"panel-grid-cell\" ><div id=\"panel-2423-1-0-0\" class=\"so-panel widget widget_sow-editor panel-first-child panel-last-child\" data-index=\"1\" ><div class=\"panel-widget-style panel-widget-style-for-2423-1-0-0\" ><div\n\t\t\t\n\t\t\tclass=\"so-widget-sow-editor so-widget-sow-editor-base\"\n\t\t\t\n\t\t>\n<div class=\"siteorigin-widget-tinymce textwidget\">\n\t<div class=\"page\" title=\"Page 1\"><code style=\"display: none;\"><br \/>\n<\/code><\/p>\n<div class=\"layoutArea\"><code style=\"display: none;\"><br \/>\n<\/code><\/p>\n<div class=\"column\"><code style=\"display: none;\"><br \/>\n<\/code><\/p>\n<h2 style=\"text-align: center;\">WAS PASSIERT AUF DEM ZIEGELHOF?<\/h2>\n<p style=\"text-align: center;\">EINE F\u00dcHRUNG \u00dcBER DAS AREAL<\/p>\n<p><code style=\"display: none;\"><br \/>\n<\/code><\/p>\n<\/div>\n<p><code style=\"display: none;\"><br \/>\n<\/code><\/p>\n<\/div>\n<p><code style=\"display: none;\"><br \/>\n<\/code><\/p>\n<\/div>\n<\/div>\n<\/div><\/div><\/div><\/div><\/div><div id=\"pg-2423-2\"  class=\"panel-grid panel-no-style\" ><div id=\"pgc-2423-2-0\"  class=\"panel-grid-cell\" ><div id=\"panel-2423-2-0-0\" class=\"so-panel widget widget_sow-editor panel-first-child panel-last-child\" data-index=\"2\" ><div\n\t\t\t\n\t\t\tclass=\"so-widget-sow-editor so-widget-sow-editor-base\"\n\t\t\t\n\t\t>\n<div class=\"siteorigin-widget-tinymce textwidget\">\n\t<p>Der Verein Pro Ziegelhof l\u00e4dt zu seinem 11. Stammtisch ein:<\/p>\n<p>Ivo Balmer, Projektbegleitung Ziegelhofareal, denkstatt, wird durch das Areal f\u00fchren. Mit dabei sind auch die Intitianten der Boulderhalle &#8222;Hebdi&#8220;. Anschliessend findet ein Austausch im Bierst\u00fcbli statt.<\/p>\n<p>Der Vorstand freut sich auf eine rege Teilnahme!<\/p>\n<p>&nbsp;<\/p>\n<p>Hier finden Sie die Einladung zu Arealf\u00fchrung und Stammtisch:<\/p>\n<p><a href=\"https:\/\/ziegelhof-liestal.ch\/wp-content\/uploads\/2019\/04\/11.-Stammtisch_Verein-Pro-Ziegelhof.pdf\">11. Stammtisch_Verein Pro Ziegelhof<\/a><\/p>\n<\/div>\n<\/div><\/div><\/div><div id=\"pgc-2423-2-1\"  class=\"panel-grid-cell\" ><div id=\"panel-2423-2-1-0\" class=\"so-panel widget widget_sow-editor panel-first-child panel-last-child\" data-index=\"3\" ><div\n\t\t\t\n\t\t\tclass=\"so-widget-sow-editor so-widget-sow-editor-base\"\n\t\t\t\n\t\t>\n<div class=\"siteorigin-widget-tinymce textwidget\">\n\t<div class=\"column\"><strong>Datum: <\/strong>Mittwoch, 15.5.19<\/div>\n<div class=\"column\"><strong>Uhrzeit: <\/strong>um 19:30 Uhr<\/div>\n<div class=\"column\"><strong>Treffpunkt: <\/strong>Vor dem B\u00fcrogeb\u00e4ude, Gerberstrasse 4<\/div>\n<p>&nbsp;<\/p>\n<p>&nbsp;<\/p>\n<p>&nbsp;<\/p>\n<div>\n<p>&nbsp;<\/p>\n<\/div>\n<\/div>\n<\/div><\/div><\/div><\/div><\/div>","protected":false},"excerpt":{"rendered":"<p>WAS PASSIERT AUF DEM ZIEGELHOF? EINE F\u00dcHRUNG \u00dcBER DAS AREAL<\/p>\n","protected":false},"author":2,"featured_media":577,"comment_status":"closed","ping_status":"closed","sticky":false,"template":"","format":"standard","meta":{"inline_featured_image":false,"footnotes":""},"categories":[3],"tags":[],"class_list":["post-2423","post","type-post","status-publish","format-standard","has-post-thumbnail","hentry","category-veranstaltungen"],"yoast_head":"<!-- This site is optimized with the Yoast SEO plugin v27.5 - https:\/\/yoast.com\/product\/yoast-seo-wordpress\/ -->\n<title>F\u00dcHRUNG AUF DEM ZIEGELHOF | 15.5.19 | 19:30 UHR - ZIEGELHOFAREAL<\/title>\n<meta name=\"robots\" content=\"index, follow, max-snippet:-1, max-image-preview:large, max-video-preview:-1\" \/>\n<link rel=\"canonical\" href=\"https:\/\/ziegelhof-liestal.ch\/?p=2423\" \/>\n<meta property=\"og:locale\" content=\"de_DE\" \/>\n<meta property=\"og:type\" content=\"article\" \/>\n<meta property=\"og:title\" content=\"F\u00dcHRUNG AUF DEM ZIEGELHOF | 15.5.19 | 19:30 UHR - ZIEGELHOFAREAL\" \/>\n<meta property=\"og:description\" content=\"WAS PASSIERT AUF DEM ZIEGELHOF? EINE F\u00dcHRUNG \u00dcBER DAS AREAL\" \/>\n<meta property=\"og:url\" content=\"https:\/\/ziegelhof-liestal.ch\/?p=2423\" \/>\n<meta property=\"og:site_name\" content=\"ZIEGELHOFAREAL\" \/>\n<meta property=\"article:published_time\" content=\"2019-05-06T07:54:03+00:00\" \/>\n<meta property=\"article:modified_time\" content=\"2020-07-29T08:35:41+00:00\" \/>\n<meta property=\"og:image\" content=\"https:\/\/ziegelhof-liestal.ch\/wp-content\/uploads\/2016\/10\/Ziegel-Areal-Header-Fallback-1024x683.jpg\" \/>\n\t<meta property=\"og:image:width\" content=\"1024\" \/>\n\t<meta property=\"og:image:height\" content=\"683\" \/>\n\t<meta property=\"og:image:type\" content=\"image\/jpeg\" \/>\n<meta name=\"author\" content=\"Ben Pohl\" \/>\n<meta name=\"twitter:card\" content=\"summary_large_image\" \/>\n<meta name=\"twitter:label1\" content=\"Verfasst von\" \/>\n\t<meta name=\"twitter:data1\" content=\"Ben Pohl\" \/>\n<script type=\"application\/ld+json\" class=\"yoast-schema-graph\">{\"@context\":\"https:\\\/\\\/schema.org\",\"@graph\":[{\"@type\":\"Article\",\"@id\":\"https:\\\/\\\/ziegelhof-liestal.ch\\\/?p=2423#article\",\"isPartOf\":{\"@id\":\"https:\\\/\\\/ziegelhof-liestal.ch\\\/?p=2423\"},\"author\":{\"name\":\"Ben Pohl\",\"@id\":\"https:\\\/\\\/ziegelhof-liestal.ch\\\/#\\\/schema\\\/person\\\/162963545808c0e8c0b33a6b6acb2e6e\"},\"headline\":\"F\u00dcHRUNG AUF DEM ZIEGELHOF | 15.5.19 | 19:30 UHR\",\"datePublished\":\"2019-05-06T07:54:03+00:00\",\"dateModified\":\"2020-07-29T08:35:41+00:00\",\"mainEntityOfPage\":{\"@id\":\"https:\\\/\\\/ziegelhof-liestal.ch\\\/?p=2423\"},\"wordCount\":103,\"image\":{\"@id\":\"https:\\\/\\\/ziegelhof-liestal.ch\\\/?p=2423#primaryimage\"},\"thumbnailUrl\":\"https:\\\/\\\/ziegelhof-liestal.ch\\\/wp-content\\\/uploads\\\/2016\\\/10\\\/Ziegel-Areal-Header-Fallback.jpg\",\"articleSection\":[\"Veranstaltungen\"],\"inLanguage\":\"de\"},{\"@type\":\"WebPage\",\"@id\":\"https:\\\/\\\/ziegelhof-liestal.ch\\\/?p=2423\",\"url\":\"https:\\\/\\\/ziegelhof-liestal.ch\\\/?p=2423\",\"name\":\"F\u00dcHRUNG AUF DEM ZIEGELHOF | 15.5.19 | 19:30 UHR - ZIEGELHOFAREAL\",\"isPartOf\":{\"@id\":\"https:\\\/\\\/ziegelhof-liestal.ch\\\/#website\"},\"primaryImageOfPage\":{\"@id\":\"https:\\\/\\\/ziegelhof-liestal.ch\\\/?p=2423#primaryimage\"},\"image\":{\"@id\":\"https:\\\/\\\/ziegelhof-liestal.ch\\\/?p=2423#primaryimage\"},\"thumbnailUrl\":\"https:\\\/\\\/ziegelhof-liestal.ch\\\/wp-content\\\/uploads\\\/2016\\\/10\\\/Ziegel-Areal-Header-Fallback.jpg\",\"datePublished\":\"2019-05-06T07:54:03+00:00\",\"dateModified\":\"2020-07-29T08:35:41+00:00\",\"author\":{\"@id\":\"https:\\\/\\\/ziegelhof-liestal.ch\\\/#\\\/schema\\\/person\\\/162963545808c0e8c0b33a6b6acb2e6e\"},\"breadcrumb\":{\"@id\":\"https:\\\/\\\/ziegelhof-liestal.ch\\\/?p=2423#breadcrumb\"},\"inLanguage\":\"de\",\"potentialAction\":[{\"@type\":\"ReadAction\",\"target\":[\"https:\\\/\\\/ziegelhof-liestal.ch\\\/?p=2423\"]}]},{\"@type\":\"ImageObject\",\"inLanguage\":\"de\",\"@id\":\"https:\\\/\\\/ziegelhof-liestal.ch\\\/?p=2423#primaryimage\",\"url\":\"https:\\\/\\\/ziegelhof-liestal.ch\\\/wp-content\\\/uploads\\\/2016\\\/10\\\/Ziegel-Areal-Header-Fallback.jpg\",\"contentUrl\":\"https:\\\/\\\/ziegelhof-liestal.ch\\\/wp-content\\\/uploads\\\/2016\\\/10\\\/Ziegel-Areal-Header-Fallback.jpg\",\"width\":2835,\"height\":1891},{\"@type\":\"BreadcrumbList\",\"@id\":\"https:\\\/\\\/ziegelhof-liestal.ch\\\/?p=2423#breadcrumb\",\"itemListElement\":[{\"@type\":\"ListItem\",\"position\":1,\"name\":\"Startseite\",\"item\":\"https:\\\/\\\/ziegelhof-liestal.ch\\\/\"},{\"@type\":\"ListItem\",\"position\":2,\"name\":\"F\u00dcHRUNG AUF DEM ZIEGELHOF | 15.5.19 | 19:30 UHR\"}]},{\"@type\":\"WebSite\",\"@id\":\"https:\\\/\\\/ziegelhof-liestal.ch\\\/#website\",\"url\":\"https:\\\/\\\/ziegelhof-liestal.ch\\\/\",\"name\":\"ZIEGELHOFAREAL\",\"description\":\"\",\"potentialAction\":[{\"@type\":\"SearchAction\",\"target\":{\"@type\":\"EntryPoint\",\"urlTemplate\":\"https:\\\/\\\/ziegelhof-liestal.ch\\\/?s={search_term_string}\"},\"query-input\":{\"@type\":\"PropertyValueSpecification\",\"valueRequired\":true,\"valueName\":\"search_term_string\"}}],\"inLanguage\":\"de\"},{\"@type\":\"Person\",\"@id\":\"https:\\\/\\\/ziegelhof-liestal.ch\\\/#\\\/schema\\\/person\\\/162963545808c0e8c0b33a6b6acb2e6e\",\"name\":\"Ben Pohl\",\"url\":\"https:\\\/\\\/ziegelhof-liestal.ch\\\/?author=2\"}]}<\/script>\n<!-- \/ Yoast SEO plugin. -->","yoast_head_json":{"title":"F\u00dcHRUNG AUF DEM ZIEGELHOF | 15.5.19 | 19:30 UHR - ZIEGELHOFAREAL","robots":{"index":"index","follow":"follow","max-snippet":"max-snippet:-1","max-image-preview":"max-image-preview:large","max-video-preview":"max-video-preview:-1"},"canonical":"https:\/\/ziegelhof-liestal.ch\/?p=2423","og_locale":"de_DE","og_type":"article","og_title":"F\u00dcHRUNG AUF DEM ZIEGELHOF | 15.5.19 | 19:30 UHR - ZIEGELHOFAREAL","og_description":"WAS PASSIERT AUF DEM ZIEGELHOF? EINE F\u00dcHRUNG \u00dcBER DAS AREAL","og_url":"https:\/\/ziegelhof-liestal.ch\/?p=2423","og_site_name":"ZIEGELHOFAREAL","article_published_time":"2019-05-06T07:54:03+00:00","article_modified_time":"2020-07-29T08:35:41+00:00","og_image":[{"width":1024,"height":683,"url":"https:\/\/ziegelhof-liestal.ch\/wp-content\/uploads\/2016\/10\/Ziegel-Areal-Header-Fallback-1024x683.jpg","type":"image\/jpeg"}],"author":"Ben Pohl","twitter_card":"summary_large_image","twitter_misc":{"Verfasst von":"Ben Pohl"},"schema":{"@context":"https:\/\/schema.org","@graph":[{"@type":"Article","@id":"https:\/\/ziegelhof-liestal.ch\/?p=2423#article","isPartOf":{"@id":"https:\/\/ziegelhof-liestal.ch\/?p=2423"},"author":{"name":"Ben Pohl","@id":"https:\/\/ziegelhof-liestal.ch\/#\/schema\/person\/162963545808c0e8c0b33a6b6acb2e6e"},"headline":"F\u00dcHRUNG AUF DEM ZIEGELHOF | 15.5.19 | 19:30 UHR","datePublished":"2019-05-06T07:54:03+00:00","dateModified":"2020-07-29T08:35:41+00:00","mainEntityOfPage":{"@id":"https:\/\/ziegelhof-liestal.ch\/?p=2423"},"wordCount":103,"image":{"@id":"https:\/\/ziegelhof-liestal.ch\/?p=2423#primaryimage"},"thumbnailUrl":"https:\/\/ziegelhof-liestal.ch\/wp-content\/uploads\/2016\/10\/Ziegel-Areal-Header-Fallback.jpg","articleSection":["Veranstaltungen"],"inLanguage":"de"},{"@type":"WebPage","@id":"https:\/\/ziegelhof-liestal.ch\/?p=2423","url":"https:\/\/ziegelhof-liestal.ch\/?p=2423","name":"F\u00dcHRUNG AUF DEM ZIEGELHOF | 15.5.19 | 19:30 UHR - ZIEGELHOFAREAL","isPartOf":{"@id":"https:\/\/ziegelhof-liestal.ch\/#website"},"primaryImageOfPage":{"@id":"https:\/\/ziegelhof-liestal.ch\/?p=2423#primaryimage"},"image":{"@id":"https:\/\/ziegelhof-liestal.ch\/?p=2423#primaryimage"},"thumbnailUrl":"https:\/\/ziegelhof-liestal.ch\/wp-content\/uploads\/2016\/10\/Ziegel-Areal-Header-Fallback.jpg","datePublished":"2019-05-06T07:54:03+00:00","dateModified":"2020-07-29T08:35:41+00:00","author":{"@id":"https:\/\/ziegelhof-liestal.ch\/#\/schema\/person\/162963545808c0e8c0b33a6b6acb2e6e"},"breadcrumb":{"@id":"https:\/\/ziegelhof-liestal.ch\/?p=2423#breadcrumb"},"inLanguage":"de","potentialAction":[{"@type":"ReadAction","target":["https:\/\/ziegelhof-liestal.ch\/?p=2423"]}]},{"@type":"ImageObject","inLanguage":"de","@id":"https:\/\/ziegelhof-liestal.ch\/?p=2423#primaryimage","url":"https:\/\/ziegelhof-liestal.ch\/wp-content\/uploads\/2016\/10\/Ziegel-Areal-Header-Fallback.jpg","contentUrl":"https:\/\/ziegelhof-liestal.ch\/wp-content\/uploads\/2016\/10\/Ziegel-Areal-Header-Fallback.jpg","width":2835,"height":1891},{"@type":"BreadcrumbList","@id":"https:\/\/ziegelhof-liestal.ch\/?p=2423#breadcrumb","itemListElement":[{"@type":"ListItem","position":1,"name":"Startseite","item":"https:\/\/ziegelhof-liestal.ch\/"},{"@type":"ListItem","position":2,"name":"F\u00dcHRUNG AUF DEM ZIEGELHOF | 15.5.19 | 19:30 UHR"}]},{"@type":"WebSite","@id":"https:\/\/ziegelhof-liestal.ch\/#website","url":"https:\/\/ziegelhof-liestal.ch\/","name":"ZIEGELHOFAREAL","description":"","potentialAction":[{"@type":"SearchAction","target":{"@type":"EntryPoint","urlTemplate":"https:\/\/ziegelhof-liestal.ch\/?s={search_term_string}"},"query-input":{"@type":"PropertyValueSpecification","valueRequired":true,"valueName":"search_term_string"}}],"inLanguage":"de"},{"@type":"Person","@id":"https:\/\/ziegelhof-liestal.ch\/#\/schema\/person\/162963545808c0e8c0b33a6b6acb2e6e","name":"Ben Pohl","url":"https:\/\/ziegelhof-liestal.ch\/?author=2"}]}},"_links":{"self":[{"href":"https:\/\/ziegelhof-liestal.ch\/index.php?rest_route=\/wp\/v2\/posts\/2423","targetHints":{"allow":["GET"]}}],"collection":[{"href":"https:\/\/ziegelhof-liestal.ch\/index.php?rest_route=\/wp\/v2\/posts"}],"about":[{"href":"https:\/\/ziegelhof-liestal.ch\/index.php?rest_route=\/wp\/v2\/types\/post"}],"author":[{"embeddable":true,"href":"https:\/\/ziegelhof-liestal.ch\/index.php?rest_route=\/wp\/v2\/users\/2"}],"replies":[{"embeddable":true,"href":"https:\/\/ziegelhof-liestal.ch\/index.php?rest_route=%2Fwp%2Fv2%2Fcomments&post=2423"}],"version-history":[{"count":12,"href":"https:\/\/ziegelhof-liestal.ch\/index.php?rest_route=\/wp\/v2\/posts\/2423\/revisions"}],"predecessor-version":[{"id":2461,"href":"https:\/\/ziegelhof-liestal.ch\/index.php?rest_route=\/wp\/v2\/posts\/2423\/revisions\/2461"}],"wp:featuredmedia":[{"embeddable":true,"href":"https:\/\/ziegelhof-liestal.ch\/index.php?rest_route=\/wp\/v2\/media\/577"}],"wp:attachment":[{"href":"https:\/\/ziegelhof-liestal.ch\/index.php?rest_route=%2Fwp%2Fv2%2Fmedia&parent=2423"}],"wp:term":[{"taxonomy":"category","embeddable":true,"href":"https:\/\/ziegelhof-liestal.ch\/index.php?rest_route=%2Fwp%2Fv2%2Fcategories&post=2423"},{"taxonomy":"post_tag","embeddable":true,"href":"https:\/\/ziegelhof-liestal.ch\/index.php?rest_route=%2Fwp%2Fv2%2Ftags&post=2423"}],"curies":[{"name":"wp","href":"https:\/\/api.w.org\/{rel}","templated":true}]}}