{"id":2534,"date":"2019-08-07T13:57:16","date_gmt":"2019-08-07T13:57:16","guid":{"rendered":"https:\/\/ziegelhof-liestal.ch\/?p=2534"},"modified":"2020-07-29T08:11:02","modified_gmt":"2020-07-29T08:11:02","slug":"stammtisch-14-03-2018-1930-uhr-2-3-2-2","status":"publish","type":"post","link":"https:\/\/ziegelhof-liestal.ch\/?p=2534","title":{"rendered":"LINDENSTRASSEN-FEST | 10.8.19 | AB 17:00 UHR"},"content":{"rendered":"<div id=\"pl-2534\"  class=\"panel-layout\" ><div id=\"pg-2534-0\"  class=\"panel-grid panel-has-style\" ><div class=\"so-parallax siteorigin-panels-stretch panel-row-style panel-row-style-for-2534-0\" data-stretch-type=\"full-stretched\" ><img fetchpriority=\"high\" decoding=\"async\" width=\"2835\" height=\"1891\" src=\"https:\/\/ziegelhof-liestal.ch\/wp-content\/uploads\/2016\/10\/DSC07050.jpg\" class=\"attachment-full size-full\" alt=\"\" data-siteorigin-parallax=\"true\" loading=\"eager\" srcset=\"https:\/\/ziegelhof-liestal.ch\/wp-content\/uploads\/2016\/10\/DSC07050.jpg 2835w, https:\/\/ziegelhof-liestal.ch\/wp-content\/uploads\/2016\/10\/DSC07050-300x200.jpg 300w, https:\/\/ziegelhof-liestal.ch\/wp-content\/uploads\/2016\/10\/DSC07050-768x512.jpg 768w, https:\/\/ziegelhof-liestal.ch\/wp-content\/uploads\/2016\/10\/DSC07050-1024x683.jpg 1024w, https:\/\/ziegelhof-liestal.ch\/wp-content\/uploads\/2016\/10\/DSC07050-600x400.jpg 600w, https:\/\/ziegelhof-liestal.ch\/wp-content\/uploads\/2016\/10\/DSC07050-750x500.jpg 750w, https:\/\/ziegelhof-liestal.ch\/wp-content\/uploads\/2016\/10\/DSC07050-50x33.jpg 50w, https:\/\/ziegelhof-liestal.ch\/wp-content\/uploads\/2016\/10\/DSC07050-272x182.jpg 272w\" sizes=\"(max-width: 2835px) 100vw, 2835px\" \/><div id=\"pgc-2534-0-0\"  class=\"panel-grid-cell\" ><div id=\"panel-2534-0-0-0\" class=\"so-panel widget widget_sow-headline panel-first-child panel-last-child\" data-index=\"0\" ><div class=\"panel-widget-style panel-widget-style-for-2534-0-0-0\" ><div\n\t\t\t\n\t\t\tclass=\"so-widget-sow-headline so-widget-sow-headline-default-6829a0eb7e41-2534 so-widget-fittext-wrapper\"\n\t\t\t data-fit-text-compressor=\"0.85\"\n\t\t><div class=\"sow-headline-container \">\n\t\t\t\t\t\t\t<h1 class=\"sow-headline\">\n\t\t\t\t\t\tLINDENSTRASSEN-FEST | 10.8.19 | 17:00 UHR\t\t\t\t\t\t<\/h1>\n\t\t\t\t\t\t\t\t\t\t\t<div class=\"decoration\">\n\t\t\t\t\t\t<div class=\"decoration-inside\"><\/div>\n\t\t\t\t\t<\/div>\n\t\t\t\t\t<\/div>\n<\/div><\/div><\/div><\/div><\/div><\/div><div id=\"pg-2534-1\"  class=\"panel-grid panel-no-style\" ><div id=\"pgc-2534-1-0\"  class=\"panel-grid-cell\" ><div id=\"panel-2534-1-0-0\" class=\"so-panel widget widget_sow-editor panel-first-child panel-last-child\" data-index=\"1\" ><div class=\"panel-widget-style panel-widget-style-for-2534-1-0-0\" ><div\n\t\t\t\n\t\t\tclass=\"so-widget-sow-editor so-widget-sow-editor-base\"\n\t\t\t\n\t\t>\n<div class=\"siteorigin-widget-tinymce textwidget\">\n\t<div class=\"page\" title=\"Page 1\"><code style=\"display: none;\"><br \/>\n<\/code><\/p>\n<div class=\"layoutArea\"><code style=\"display: none;\"><br \/>\n<\/code><\/p>\n<h2 class=\"column\" style=\"text-align: center;\"><code style=\"display: none;\"><br \/>\n<\/code><br \/>\n<\/h2>\n<h2 style=\"text-align: center;\">HERZLICHE EINLADUNG ZUM<\/h2>\n<h2 class=\"column\" style=\"text-align: center;\">\nLINDENSTRASSEN-FEST<br \/>\n<\/h2>\n<p><code style=\"display: none;\"><br \/>\n<\/code><\/p>\n<h2 class=\"column\" style=\"text-align: center;\">\n<\/h2>\n<p><code style=\"display: none;\"><br \/>\n<\/code><\/p>\n<\/div>\n<p><code style=\"display: none;\"><br \/>\n<\/code><\/p>\n<\/div>\n<\/div>\n<\/div><\/div><\/div><\/div><\/div><div id=\"pg-2534-2\"  class=\"panel-grid panel-no-style\" ><div id=\"pgc-2534-2-0\"  class=\"panel-grid-cell\" ><div id=\"panel-2534-2-0-0\" class=\"so-panel widget widget_sow-editor panel-first-child panel-last-child\" data-index=\"2\" ><div\n\t\t\t\n\t\t\tclass=\"so-widget-sow-editor so-widget-sow-editor-base\"\n\t\t\t\n\t\t>\n<div class=\"siteorigin-widget-tinymce textwidget\">\n\t<p><img loading=\"lazy\" decoding=\"async\" class=\"alignnone wp-image-2536\" src=\"https:\/\/ziegelhof-liestal.ch\/wp-content\/uploads\/2019\/08\/Lindenstrassenfest-2019-1-181x300.png\" alt=\"\" width=\"900\" height=\"1489\" srcset=\"https:\/\/ziegelhof-liestal.ch\/wp-content\/uploads\/2019\/08\/Lindenstrassenfest-2019-1-181x300.png 181w, https:\/\/ziegelhof-liestal.ch\/wp-content\/uploads\/2019\/08\/Lindenstrassenfest-2019-1-768x1271.png 768w, https:\/\/ziegelhof-liestal.ch\/wp-content\/uploads\/2019\/08\/Lindenstrassenfest-2019-1-619x1024.png 619w, https:\/\/ziegelhof-liestal.ch\/wp-content\/uploads\/2019\/08\/Lindenstrassenfest-2019-1.png 2000w\" sizes=\"auto, (max-width: 900px) 100vw, 900px\" \/><\/p>\n<\/div>\n<\/div><\/div><\/div><div id=\"pgc-2534-2-1\"  class=\"panel-grid-cell\" ><div id=\"panel-2534-2-1-0\" class=\"so-panel widget widget_sow-editor panel-first-child panel-last-child\" data-index=\"3\" ><div\n\t\t\t\n\t\t\tclass=\"so-widget-sow-editor so-widget-sow-editor-base\"\n\t\t\t\n\t\t>\n<div class=\"siteorigin-widget-tinymce textwidget\">\n\t<div class=\"column\"><strong>Datum: <\/strong>Samstag, 10. August<\/div>\n<div class=\"column\"><strong>Uhrzeit: <\/strong>ab 17:00 Uhr<\/div>\n<div class=\"column\"><b>Ort:\u00a0<\/b>beim Rossstall, Lindenstrasse 1<\/div>\n<div>\u00a0<\/div>\n<div>\u00a0<\/div>\n<div>Getr\u00e4nke, Grill und Infrastruktur liefern die TanzBaeren. Bitte bringt euer Grillgut selber mit. J\u00f6rg legt dann gerne f\u00fcr euch auf dem Grill auf. Es w\u00e4re toll, wenn ihr etwas zum Buffet beisteuern m\u00f6gt: Salate, Brot, Desserts sind sehr willkommen.<\/div>\n<div>Bei schlechtem Wetter machen wir es uns im Rossstall gem\u00fctlich.<\/div>\n<div>\u00a0<\/div>\n<div>Auf einen sch\u00f6nen, gemeinsamen Sommerabend!<\/div>\n<div>\u00a0<\/div>\n<div>F\u00fcr Fragen und Anmeldungen bitte bei <a href=\"mailto:mrscuba@frefeldigital.com\">mrscuba@frefeldigital.com<\/a> melden.<\/div>\n<p>&nbsp;<\/p>\n<p>&nbsp;<\/p>\n<p>&nbsp;<\/p>\n<div>\n<p>&nbsp;<\/p>\n<\/div>\n<\/div>\n<\/div><\/div><\/div><\/div><\/div>","protected":false},"excerpt":{"rendered":"<p>HERZLICHE EINLADUNG ZUM LINDENSTRASSEN-FEST<\/p>\n","protected":false},"author":2,"featured_media":2535,"comment_status":"closed","ping_status":"closed","sticky":false,"template":"","format":"standard","meta":{"inline_featured_image":false,"footnotes":""},"categories":[3],"tags":[],"class_list":["post-2534","post","type-post","status-publish","format-standard","has-post-thumbnail","hentry","category-veranstaltungen"],"yoast_head":"<!-- This site is optimized with the Yoast SEO plugin v27.5 - https:\/\/yoast.com\/product\/yoast-seo-wordpress\/ -->\n<title>LINDENSTRASSEN-FEST | 10.8.19 | AB 17:00 UHR - ZIEGELHOFAREAL<\/title>\n<meta name=\"robots\" content=\"index, follow, max-snippet:-1, max-image-preview:large, max-video-preview:-1\" \/>\n<link rel=\"canonical\" href=\"https:\/\/ziegelhof-liestal.ch\/?p=2534\" \/>\n<meta property=\"og:locale\" content=\"de_DE\" \/>\n<meta property=\"og:type\" content=\"article\" \/>\n<meta property=\"og:title\" content=\"LINDENSTRASSEN-FEST | 10.8.19 | AB 17:00 UHR - ZIEGELHOFAREAL\" \/>\n<meta property=\"og:description\" content=\"HERZLICHE EINLADUNG ZUM LINDENSTRASSEN-FEST\" \/>\n<meta property=\"og:url\" content=\"https:\/\/ziegelhof-liestal.ch\/?p=2534\" \/>\n<meta property=\"og:site_name\" content=\"ZIEGELHOFAREAL\" \/>\n<meta property=\"article:published_time\" content=\"2019-08-07T13:57:16+00:00\" \/>\n<meta property=\"article:modified_time\" content=\"2020-07-29T08:11:02+00:00\" \/>\n<meta property=\"og:image\" content=\"https:\/\/ziegelhof-liestal.ch\/wp-content\/uploads\/2019\/08\/Lindenstrassenfest-2019-e1565185227645.png\" \/>\n\t<meta property=\"og:image:width\" content=\"2001\" \/>\n\t<meta property=\"og:image:height\" content=\"1331\" \/>\n\t<meta property=\"og:image:type\" content=\"image\/png\" \/>\n<meta name=\"author\" content=\"Ben Pohl\" \/>\n<meta name=\"twitter:card\" content=\"summary_large_image\" \/>\n<meta name=\"twitter:label1\" content=\"Verfasst von\" \/>\n\t<meta name=\"twitter:data1\" content=\"Ben Pohl\" \/>\n<script type=\"application\/ld+json\" class=\"yoast-schema-graph\">{\"@context\":\"https:\\\/\\\/schema.org\",\"@graph\":[{\"@type\":\"Article\",\"@id\":\"https:\\\/\\\/ziegelhof-liestal.ch\\\/?p=2534#article\",\"isPartOf\":{\"@id\":\"https:\\\/\\\/ziegelhof-liestal.ch\\\/?p=2534\"},\"author\":{\"name\":\"Ben Pohl\",\"@id\":\"https:\\\/\\\/ziegelhof-liestal.ch\\\/#\\\/schema\\\/person\\\/162963545808c0e8c0b33a6b6acb2e6e\"},\"headline\":\"LINDENSTRASSEN-FEST | 10.8.19 | AB 17:00 UHR\",\"datePublished\":\"2019-08-07T13:57:16+00:00\",\"dateModified\":\"2020-07-29T08:11:02+00:00\",\"mainEntityOfPage\":{\"@id\":\"https:\\\/\\\/ziegelhof-liestal.ch\\\/?p=2534\"},\"wordCount\":102,\"image\":{\"@id\":\"https:\\\/\\\/ziegelhof-liestal.ch\\\/?p=2534#primaryimage\"},\"thumbnailUrl\":\"https:\\\/\\\/ziegelhof-liestal.ch\\\/wp-content\\\/uploads\\\/2019\\\/08\\\/Lindenstrassenfest-2019-e1565185227645.png\",\"articleSection\":[\"Veranstaltungen\"],\"inLanguage\":\"de\"},{\"@type\":\"WebPage\",\"@id\":\"https:\\\/\\\/ziegelhof-liestal.ch\\\/?p=2534\",\"url\":\"https:\\\/\\\/ziegelhof-liestal.ch\\\/?p=2534\",\"name\":\"LINDENSTRASSEN-FEST | 10.8.19 | AB 17:00 UHR - ZIEGELHOFAREAL\",\"isPartOf\":{\"@id\":\"https:\\\/\\\/ziegelhof-liestal.ch\\\/#website\"},\"primaryImageOfPage\":{\"@id\":\"https:\\\/\\\/ziegelhof-liestal.ch\\\/?p=2534#primaryimage\"},\"image\":{\"@id\":\"https:\\\/\\\/ziegelhof-liestal.ch\\\/?p=2534#primaryimage\"},\"thumbnailUrl\":\"https:\\\/\\\/ziegelhof-liestal.ch\\\/wp-content\\\/uploads\\\/2019\\\/08\\\/Lindenstrassenfest-2019-e1565185227645.png\",\"datePublished\":\"2019-08-07T13:57:16+00:00\",\"dateModified\":\"2020-07-29T08:11:02+00:00\",\"author\":{\"@id\":\"https:\\\/\\\/ziegelhof-liestal.ch\\\/#\\\/schema\\\/person\\\/162963545808c0e8c0b33a6b6acb2e6e\"},\"breadcrumb\":{\"@id\":\"https:\\\/\\\/ziegelhof-liestal.ch\\\/?p=2534#breadcrumb\"},\"inLanguage\":\"de\",\"potentialAction\":[{\"@type\":\"ReadAction\",\"target\":[\"https:\\\/\\\/ziegelhof-liestal.ch\\\/?p=2534\"]}]},{\"@type\":\"ImageObject\",\"inLanguage\":\"de\",\"@id\":\"https:\\\/\\\/ziegelhof-liestal.ch\\\/?p=2534#primaryimage\",\"url\":\"https:\\\/\\\/ziegelhof-liestal.ch\\\/wp-content\\\/uploads\\\/2019\\\/08\\\/Lindenstrassenfest-2019-e1565185227645.png\",\"contentUrl\":\"https:\\\/\\\/ziegelhof-liestal.ch\\\/wp-content\\\/uploads\\\/2019\\\/08\\\/Lindenstrassenfest-2019-e1565185227645.png\",\"width\":2001,\"height\":1331},{\"@type\":\"BreadcrumbList\",\"@id\":\"https:\\\/\\\/ziegelhof-liestal.ch\\\/?p=2534#breadcrumb\",\"itemListElement\":[{\"@type\":\"ListItem\",\"position\":1,\"name\":\"Startseite\",\"item\":\"https:\\\/\\\/ziegelhof-liestal.ch\\\/\"},{\"@type\":\"ListItem\",\"position\":2,\"name\":\"LINDENSTRASSEN-FEST | 10.8.19 | AB 17:00 UHR\"}]},{\"@type\":\"WebSite\",\"@id\":\"https:\\\/\\\/ziegelhof-liestal.ch\\\/#website\",\"url\":\"https:\\\/\\\/ziegelhof-liestal.ch\\\/\",\"name\":\"ZIEGELHOFAREAL\",\"description\":\"\",\"potentialAction\":[{\"@type\":\"SearchAction\",\"target\":{\"@type\":\"EntryPoint\",\"urlTemplate\":\"https:\\\/\\\/ziegelhof-liestal.ch\\\/?s={search_term_string}\"},\"query-input\":{\"@type\":\"PropertyValueSpecification\",\"valueRequired\":true,\"valueName\":\"search_term_string\"}}],\"inLanguage\":\"de\"},{\"@type\":\"Person\",\"@id\":\"https:\\\/\\\/ziegelhof-liestal.ch\\\/#\\\/schema\\\/person\\\/162963545808c0e8c0b33a6b6acb2e6e\",\"name\":\"Ben Pohl\",\"url\":\"https:\\\/\\\/ziegelhof-liestal.ch\\\/?author=2\"}]}<\/script>\n<!-- \/ Yoast SEO plugin. -->","yoast_head_json":{"title":"LINDENSTRASSEN-FEST | 10.8.19 | AB 17:00 UHR - ZIEGELHOFAREAL","robots":{"index":"index","follow":"follow","max-snippet":"max-snippet:-1","max-image-preview":"max-image-preview:large","max-video-preview":"max-video-preview:-1"},"canonical":"https:\/\/ziegelhof-liestal.ch\/?p=2534","og_locale":"de_DE","og_type":"article","og_title":"LINDENSTRASSEN-FEST | 10.8.19 | AB 17:00 UHR - ZIEGELHOFAREAL","og_description":"HERZLICHE EINLADUNG ZUM LINDENSTRASSEN-FEST","og_url":"https:\/\/ziegelhof-liestal.ch\/?p=2534","og_site_name":"ZIEGELHOFAREAL","article_published_time":"2019-08-07T13:57:16+00:00","article_modified_time":"2020-07-29T08:11:02+00:00","og_image":[{"width":2001,"height":1331,"url":"https:\/\/ziegelhof-liestal.ch\/wp-content\/uploads\/2019\/08\/Lindenstrassenfest-2019-e1565185227645.png","type":"image\/png"}],"author":"Ben Pohl","twitter_card":"summary_large_image","twitter_misc":{"Verfasst von":"Ben Pohl"},"schema":{"@context":"https:\/\/schema.org","@graph":[{"@type":"Article","@id":"https:\/\/ziegelhof-liestal.ch\/?p=2534#article","isPartOf":{"@id":"https:\/\/ziegelhof-liestal.ch\/?p=2534"},"author":{"name":"Ben Pohl","@id":"https:\/\/ziegelhof-liestal.ch\/#\/schema\/person\/162963545808c0e8c0b33a6b6acb2e6e"},"headline":"LINDENSTRASSEN-FEST | 10.8.19 | AB 17:00 UHR","datePublished":"2019-08-07T13:57:16+00:00","dateModified":"2020-07-29T08:11:02+00:00","mainEntityOfPage":{"@id":"https:\/\/ziegelhof-liestal.ch\/?p=2534"},"wordCount":102,"image":{"@id":"https:\/\/ziegelhof-liestal.ch\/?p=2534#primaryimage"},"thumbnailUrl":"https:\/\/ziegelhof-liestal.ch\/wp-content\/uploads\/2019\/08\/Lindenstrassenfest-2019-e1565185227645.png","articleSection":["Veranstaltungen"],"inLanguage":"de"},{"@type":"WebPage","@id":"https:\/\/ziegelhof-liestal.ch\/?p=2534","url":"https:\/\/ziegelhof-liestal.ch\/?p=2534","name":"LINDENSTRASSEN-FEST | 10.8.19 | AB 17:00 UHR - ZIEGELHOFAREAL","isPartOf":{"@id":"https:\/\/ziegelhof-liestal.ch\/#website"},"primaryImageOfPage":{"@id":"https:\/\/ziegelhof-liestal.ch\/?p=2534#primaryimage"},"image":{"@id":"https:\/\/ziegelhof-liestal.ch\/?p=2534#primaryimage"},"thumbnailUrl":"https:\/\/ziegelhof-liestal.ch\/wp-content\/uploads\/2019\/08\/Lindenstrassenfest-2019-e1565185227645.png","datePublished":"2019-08-07T13:57:16+00:00","dateModified":"2020-07-29T08:11:02+00:00","author":{"@id":"https:\/\/ziegelhof-liestal.ch\/#\/schema\/person\/162963545808c0e8c0b33a6b6acb2e6e"},"breadcrumb":{"@id":"https:\/\/ziegelhof-liestal.ch\/?p=2534#breadcrumb"},"inLanguage":"de","potentialAction":[{"@type":"ReadAction","target":["https:\/\/ziegelhof-liestal.ch\/?p=2534"]}]},{"@type":"ImageObject","inLanguage":"de","@id":"https:\/\/ziegelhof-liestal.ch\/?p=2534#primaryimage","url":"https:\/\/ziegelhof-liestal.ch\/wp-content\/uploads\/2019\/08\/Lindenstrassenfest-2019-e1565185227645.png","contentUrl":"https:\/\/ziegelhof-liestal.ch\/wp-content\/uploads\/2019\/08\/Lindenstrassenfest-2019-e1565185227645.png","width":2001,"height":1331},{"@type":"BreadcrumbList","@id":"https:\/\/ziegelhof-liestal.ch\/?p=2534#breadcrumb","itemListElement":[{"@type":"ListItem","position":1,"name":"Startseite","item":"https:\/\/ziegelhof-liestal.ch\/"},{"@type":"ListItem","position":2,"name":"LINDENSTRASSEN-FEST | 10.8.19 | AB 17:00 UHR"}]},{"@type":"WebSite","@id":"https:\/\/ziegelhof-liestal.ch\/#website","url":"https:\/\/ziegelhof-liestal.ch\/","name":"ZIEGELHOFAREAL","description":"","potentialAction":[{"@type":"SearchAction","target":{"@type":"EntryPoint","urlTemplate":"https:\/\/ziegelhof-liestal.ch\/?s={search_term_string}"},"query-input":{"@type":"PropertyValueSpecification","valueRequired":true,"valueName":"search_term_string"}}],"inLanguage":"de"},{"@type":"Person","@id":"https:\/\/ziegelhof-liestal.ch\/#\/schema\/person\/162963545808c0e8c0b33a6b6acb2e6e","name":"Ben Pohl","url":"https:\/\/ziegelhof-liestal.ch\/?author=2"}]}},"_links":{"self":[{"href":"https:\/\/ziegelhof-liestal.ch\/index.php?rest_route=\/wp\/v2\/posts\/2534","targetHints":{"allow":["GET"]}}],"collection":[{"href":"https:\/\/ziegelhof-liestal.ch\/index.php?rest_route=\/wp\/v2\/posts"}],"about":[{"href":"https:\/\/ziegelhof-liestal.ch\/index.php?rest_route=\/wp\/v2\/types\/post"}],"author":[{"embeddable":true,"href":"https:\/\/ziegelhof-liestal.ch\/index.php?rest_route=\/wp\/v2\/users\/2"}],"replies":[{"embeddable":true,"href":"https:\/\/ziegelhof-liestal.ch\/index.php?rest_route=%2Fwp%2Fv2%2Fcomments&post=2534"}],"version-history":[{"count":22,"href":"https:\/\/ziegelhof-liestal.ch\/index.php?rest_route=\/wp\/v2\/posts\/2534\/revisions"}],"predecessor-version":[{"id":2558,"href":"https:\/\/ziegelhof-liestal.ch\/index.php?rest_route=\/wp\/v2\/posts\/2534\/revisions\/2558"}],"wp:featuredmedia":[{"embeddable":true,"href":"https:\/\/ziegelhof-liestal.ch\/index.php?rest_route=\/wp\/v2\/media\/2535"}],"wp:attachment":[{"href":"https:\/\/ziegelhof-liestal.ch\/index.php?rest_route=%2Fwp%2Fv2%2Fmedia&parent=2534"}],"wp:term":[{"taxonomy":"category","embeddable":true,"href":"https:\/\/ziegelhof-liestal.ch\/index.php?rest_route=%2Fwp%2Fv2%2Fcategories&post=2534"},{"taxonomy":"post_tag","embeddable":true,"href":"https:\/\/ziegelhof-liestal.ch\/index.php?rest_route=%2Fwp%2Fv2%2Ftags&post=2534"}],"curies":[{"name":"wp","href":"https:\/\/api.w.org\/{rel}","templated":true}]}}