{"id":2718,"date":"2019-12-10T09:08:07","date_gmt":"2019-12-10T09:08:07","guid":{"rendered":"https:\/\/ziegelhof-liestal.ch\/?p=2718"},"modified":"2020-07-29T08:10:17","modified_gmt":"2020-07-29T08:10:17","slug":"boulderhalle-hebdi-bericht-zur-eroeffnung","status":"publish","type":"post","link":"https:\/\/ziegelhof-liestal.ch\/?p=2718","title":{"rendered":"BOULDERHALLE HEBDI | BERICHT ZUR ER\u00d6FFNUNG"},"content":{"rendered":"<div id=\"pl-2718\"  class=\"panel-layout\" ><div id=\"pg-2718-0\"  class=\"panel-grid panel-has-style\" ><div class=\"so-parallax siteorigin-panels-stretch panel-row-style panel-row-style-for-2718-0\" data-stretch-type=\"full-stretched\" ><img fetchpriority=\"high\" decoding=\"async\" width=\"2835\" height=\"1891\" src=\"https:\/\/ziegelhof-liestal.ch\/wp-content\/uploads\/2016\/10\/DSC07457.jpg\" class=\"attachment-full size-full\" alt=\"\" data-siteorigin-parallax=\"true\" loading=\"eager\" srcset=\"https:\/\/ziegelhof-liestal.ch\/wp-content\/uploads\/2016\/10\/DSC07457.jpg 2835w, https:\/\/ziegelhof-liestal.ch\/wp-content\/uploads\/2016\/10\/DSC07457-300x200.jpg 300w, https:\/\/ziegelhof-liestal.ch\/wp-content\/uploads\/2016\/10\/DSC07457-768x512.jpg 768w, https:\/\/ziegelhof-liestal.ch\/wp-content\/uploads\/2016\/10\/DSC07457-1024x683.jpg 1024w, https:\/\/ziegelhof-liestal.ch\/wp-content\/uploads\/2016\/10\/DSC07457-600x400.jpg 600w, https:\/\/ziegelhof-liestal.ch\/wp-content\/uploads\/2016\/10\/DSC07457-750x500.jpg 750w, https:\/\/ziegelhof-liestal.ch\/wp-content\/uploads\/2016\/10\/DSC07457-50x33.jpg 50w, https:\/\/ziegelhof-liestal.ch\/wp-content\/uploads\/2016\/10\/DSC07457-272x182.jpg 272w\" sizes=\"(max-width: 2835px) 100vw, 2835px\" \/><div id=\"pgc-2718-0-0\"  class=\"panel-grid-cell\" ><div id=\"panel-2718-0-0-0\" class=\"so-panel widget widget_sow-headline panel-first-child panel-last-child\" data-index=\"0\" ><div class=\"panel-widget-style panel-widget-style-for-2718-0-0-0\" ><div\n\t\t\t\n\t\t\tclass=\"so-widget-sow-headline so-widget-sow-headline-default-8fc5436c1158-2718 so-widget-fittext-wrapper\"\n\t\t\t data-fit-text-compressor=\"0.85\"\n\t\t><div class=\"sow-headline-container \">\n\t\t\t\t\t\t\t<h1 class=\"sow-headline\">\n\t\t\t\t\t\tER\u00d6FFNUNG HEBDI-BOULDERHALLE | PRESSE\t\t\t\t\t\t<\/h1>\n\t\t\t\t\t\t\t\t\t\t\t<div class=\"decoration\">\n\t\t\t\t\t\t<div class=\"decoration-inside\"><\/div>\n\t\t\t\t\t<\/div>\n\t\t\t\t\t<\/div>\n<\/div><\/div><\/div><\/div><\/div><\/div><div id=\"pg-2718-1\"  class=\"panel-grid panel-no-style\" ><div id=\"pgc-2718-1-0\"  class=\"panel-grid-cell\" ><div id=\"panel-2718-1-0-0\" class=\"so-panel widget widget_sow-editor panel-first-child panel-last-child\" data-index=\"1\" ><div class=\"panel-widget-style panel-widget-style-for-2718-1-0-0\" ><div\n\t\t\t\n\t\t\tclass=\"so-widget-sow-editor so-widget-sow-editor-base\"\n\t\t\t\n\t\t>\n<div class=\"siteorigin-widget-tinymce textwidget\">\n\t<div class=\"page\" title=\"Page 1\">\n<div class=\"layoutArea\">\n<div class=\"column\">\n<h2>\u00a0<\/h2>\n<h2 style=\"text-align: center;\">&#8222;&#8220;HEBDI&#8220;: SO HEISST DIE NEUE KLETTERHALLE IM BASELLAND&#8220;<\/h2>\n<h3 style=\"text-align: center;\">BERICHT IN DER BZ 1.12.19<\/h3>\n<\/div>\n<\/div>\n<\/div>\n<p>&nbsp;<\/p>\n<p><em><br \/>\n<\/em><\/p>\n<\/div>\n<\/div><\/div><\/div><\/div><\/div><div id=\"pg-2718-2\"  class=\"panel-grid panel-no-style\" ><div id=\"pgc-2718-2-0\"  class=\"panel-grid-cell\" ><div id=\"panel-2718-2-0-0\" class=\"so-panel widget widget_sow-editor panel-first-child panel-last-child\" data-index=\"2\" ><div class=\"panel-widget-style panel-widget-style-for-2718-2-0-0\" ><div\n\t\t\t\n\t\t\tclass=\"so-widget-sow-editor so-widget-sow-editor-base\"\n\t\t\t\n\t\t>\n<div class=\"siteorigin-widget-tinymce textwidget\">\n\t<div class=\"\">\n<div class=\"\">\n<div class=\"\">\n<div class=\"\">\n<blockquote>\n<p>Der Ger\u00e4uschpegel am Samstagnachmittag ist hoch, weit \u00fcber 100 Leute sind drin. Den L\u00f6wenanteil bilden Kinder und ihre Eltern, doch auch etwa ein knappes Dutzend erwachsene Boulderer. Deren K\u00f6rperbau, Outfits und Klettertechnik stechen sofort ins Auge \u2013 sie sind in ihrem Element.<\/p>\n<p>&nbsp;<\/p>\n<p>Mitten in der Halle steht Chasper Kron, wechselt immer wieder ein paar Worte mit Besuchern und sch\u00fcttelt H\u00e4nde. Der Liestaler, gemeinsam mit Dominique Baumann Gesch\u00e4ftsf\u00fchrer und geistiger Vater der Boulderhalle, gibt zu, dass er nicht mit einem solchen Ansturm gerechnet hat. \u00abIch bin \u00fcberrascht\u2009&#8230; nein, \u00fcberw\u00e4ltigt!\u00bb<\/p>\n<\/blockquote>\n<p>Quelle: Artikel bz<\/p>\n<\/div>\n<\/div>\n<\/div>\n<\/div>\n<div class=\"\">\n<div class=\"\">\n<div class=\"\">\n<\/div>\n<\/div>\n<\/div>\n<\/div>\n<\/div><\/div><\/div><\/div><div id=\"pgc-2718-2-1\"  class=\"panel-grid-cell\" ><div id=\"panel-2718-2-1-0\" class=\"so-panel widget widget_sow-editor panel-first-child panel-last-child\" data-index=\"3\" ><div class=\"panel-widget-style panel-widget-style-for-2718-2-1-0\" ><div\n\t\t\t\n\t\t\tclass=\"so-widget-sow-editor so-widget-sow-editor-base\"\n\t\t\t\n\t\t>\n<div class=\"siteorigin-widget-tinymce textwidget\">\n\t<p>Am Samstag, 30. November 2019, feierte die hebdi-Boulderhalle im Rahmen der Kulturnacht Liestal seine Er\u00f6ffnung. Das Team war \u00fcberw\u00e4ltigt vom Besucher-Ansturm. Es wurde geklettert, getanzt, gefeiert!<\/p>\n<p>&nbsp;<\/p>\n<p>Hier gehts zum kompletten Artikel:<\/p>\n<p>Basellandschaftliche Zeitung, 1.12.2019: <em>&#8222;hebdi&#8220;: So heisst die neue Kletterhalle im Baselland.<\/em><\/p>\n<p><a href=\"https:\/\/www.bzbasel.ch\/basel\/baselbiet\/hebdi-so-heisst-die-neue-kletterhalle-im-baselland-136050694\">https:\/\/www.bzbasel.ch\/basel\/baselbiet\/hebdi-so-heisst-die-neue-kletterhalle-im-baselland-136050694<\/a><\/p>\n<\/div>\n<\/div><\/div><\/div><\/div><\/div><\/div>","protected":false},"excerpt":{"rendered":"<p>\u00a0 &#8222;&#8220;HEBDI&#8220;: SO HEISST DIE NEUE KLETTERHALLE IM BASELLAND&#8220; BERICHT IN DER BZ 1.12.19 &nbsp;<\/p>\n","protected":false},"author":2,"featured_media":2747,"comment_status":"closed","ping_status":"closed","sticky":false,"template":"","format":"standard","meta":{"inline_featured_image":false,"footnotes":""},"categories":[23],"tags":[],"class_list":["post-2718","post","type-post","status-publish","format-standard","has-post-thumbnail","hentry","category-nutzungen"],"yoast_head":"<!-- This site is optimized with the Yoast SEO plugin v27.5 - https:\/\/yoast.com\/product\/yoast-seo-wordpress\/ -->\n<title>BOULDERHALLE HEBDI | BERICHT ZUR ER\u00d6FFNUNG - ZIEGELHOFAREAL<\/title>\n<meta name=\"robots\" content=\"index, follow, max-snippet:-1, max-image-preview:large, max-video-preview:-1\" \/>\n<link rel=\"canonical\" href=\"https:\/\/ziegelhof-liestal.ch\/?p=2718\" \/>\n<meta property=\"og:locale\" content=\"de_DE\" \/>\n<meta property=\"og:type\" content=\"article\" \/>\n<meta property=\"og:title\" content=\"BOULDERHALLE HEBDI | BERICHT ZUR ER\u00d6FFNUNG - ZIEGELHOFAREAL\" \/>\n<meta property=\"og:description\" content=\"\u00a0 &quot;&quot;HEBDI&quot;: SO HEISST DIE NEUE KLETTERHALLE IM BASELLAND&quot; BERICHT IN DER BZ 1.12.19 &nbsp;\" \/>\n<meta property=\"og:url\" content=\"https:\/\/ziegelhof-liestal.ch\/?p=2718\" \/>\n<meta property=\"og:site_name\" content=\"ZIEGELHOFAREAL\" \/>\n<meta property=\"article:published_time\" content=\"2019-12-10T09:08:07+00:00\" \/>\n<meta property=\"article:modified_time\" content=\"2020-07-29T08:10:17+00:00\" \/>\n<meta property=\"og:image\" content=\"https:\/\/ziegelhof-liestal.ch\/wp-content\/uploads\/2019\/12\/DSC02709_2-scaled.jpg\" \/>\n\t<meta property=\"og:image:width\" content=\"2560\" \/>\n\t<meta property=\"og:image:height\" content=\"1920\" \/>\n\t<meta property=\"og:image:type\" content=\"image\/jpeg\" \/>\n<meta name=\"author\" content=\"Ben Pohl\" \/>\n<meta name=\"twitter:card\" content=\"summary_large_image\" \/>\n<meta name=\"twitter:label1\" content=\"Verfasst von\" \/>\n\t<meta name=\"twitter:data1\" content=\"Ben Pohl\" \/>\n\t<meta name=\"twitter:label2\" content=\"Gesch\u00e4tzte Lesezeit\" \/>\n\t<meta name=\"twitter:data2\" content=\"1\u00a0Minute\" \/>\n<script type=\"application\/ld+json\" class=\"yoast-schema-graph\">{\"@context\":\"https:\\\/\\\/schema.org\",\"@graph\":[{\"@type\":\"Article\",\"@id\":\"https:\\\/\\\/ziegelhof-liestal.ch\\\/?p=2718#article\",\"isPartOf\":{\"@id\":\"https:\\\/\\\/ziegelhof-liestal.ch\\\/?p=2718\"},\"author\":{\"name\":\"Ben Pohl\",\"@id\":\"https:\\\/\\\/ziegelhof-liestal.ch\\\/#\\\/schema\\\/person\\\/162963545808c0e8c0b33a6b6acb2e6e\"},\"headline\":\"BOULDERHALLE HEBDI | BERICHT ZUR ER\u00d6FFNUNG\",\"datePublished\":\"2019-12-10T09:08:07+00:00\",\"dateModified\":\"2020-07-29T08:10:17+00:00\",\"mainEntityOfPage\":{\"@id\":\"https:\\\/\\\/ziegelhof-liestal.ch\\\/?p=2718\"},\"wordCount\":175,\"image\":{\"@id\":\"https:\\\/\\\/ziegelhof-liestal.ch\\\/?p=2718#primaryimage\"},\"thumbnailUrl\":\"https:\\\/\\\/ziegelhof-liestal.ch\\\/wp-content\\\/uploads\\\/2019\\\/12\\\/DSC02709_2-scaled.jpg\",\"articleSection\":[\"Nutzungen\"],\"inLanguage\":\"de\"},{\"@type\":\"WebPage\",\"@id\":\"https:\\\/\\\/ziegelhof-liestal.ch\\\/?p=2718\",\"url\":\"https:\\\/\\\/ziegelhof-liestal.ch\\\/?p=2718\",\"name\":\"BOULDERHALLE HEBDI | BERICHT ZUR ER\u00d6FFNUNG - ZIEGELHOFAREAL\",\"isPartOf\":{\"@id\":\"https:\\\/\\\/ziegelhof-liestal.ch\\\/#website\"},\"primaryImageOfPage\":{\"@id\":\"https:\\\/\\\/ziegelhof-liestal.ch\\\/?p=2718#primaryimage\"},\"image\":{\"@id\":\"https:\\\/\\\/ziegelhof-liestal.ch\\\/?p=2718#primaryimage\"},\"thumbnailUrl\":\"https:\\\/\\\/ziegelhof-liestal.ch\\\/wp-content\\\/uploads\\\/2019\\\/12\\\/DSC02709_2-scaled.jpg\",\"datePublished\":\"2019-12-10T09:08:07+00:00\",\"dateModified\":\"2020-07-29T08:10:17+00:00\",\"author\":{\"@id\":\"https:\\\/\\\/ziegelhof-liestal.ch\\\/#\\\/schema\\\/person\\\/162963545808c0e8c0b33a6b6acb2e6e\"},\"breadcrumb\":{\"@id\":\"https:\\\/\\\/ziegelhof-liestal.ch\\\/?p=2718#breadcrumb\"},\"inLanguage\":\"de\",\"potentialAction\":[{\"@type\":\"ReadAction\",\"target\":[\"https:\\\/\\\/ziegelhof-liestal.ch\\\/?p=2718\"]}]},{\"@type\":\"ImageObject\",\"inLanguage\":\"de\",\"@id\":\"https:\\\/\\\/ziegelhof-liestal.ch\\\/?p=2718#primaryimage\",\"url\":\"https:\\\/\\\/ziegelhof-liestal.ch\\\/wp-content\\\/uploads\\\/2019\\\/12\\\/DSC02709_2-scaled.jpg\",\"contentUrl\":\"https:\\\/\\\/ziegelhof-liestal.ch\\\/wp-content\\\/uploads\\\/2019\\\/12\\\/DSC02709_2-scaled.jpg\",\"width\":2560,\"height\":1920},{\"@type\":\"BreadcrumbList\",\"@id\":\"https:\\\/\\\/ziegelhof-liestal.ch\\\/?p=2718#breadcrumb\",\"itemListElement\":[{\"@type\":\"ListItem\",\"position\":1,\"name\":\"Startseite\",\"item\":\"https:\\\/\\\/ziegelhof-liestal.ch\\\/\"},{\"@type\":\"ListItem\",\"position\":2,\"name\":\"BOULDERHALLE HEBDI | BERICHT ZUR ER\u00d6FFNUNG\"}]},{\"@type\":\"WebSite\",\"@id\":\"https:\\\/\\\/ziegelhof-liestal.ch\\\/#website\",\"url\":\"https:\\\/\\\/ziegelhof-liestal.ch\\\/\",\"name\":\"ZIEGELHOFAREAL\",\"description\":\"\",\"potentialAction\":[{\"@type\":\"SearchAction\",\"target\":{\"@type\":\"EntryPoint\",\"urlTemplate\":\"https:\\\/\\\/ziegelhof-liestal.ch\\\/?s={search_term_string}\"},\"query-input\":{\"@type\":\"PropertyValueSpecification\",\"valueRequired\":true,\"valueName\":\"search_term_string\"}}],\"inLanguage\":\"de\"},{\"@type\":\"Person\",\"@id\":\"https:\\\/\\\/ziegelhof-liestal.ch\\\/#\\\/schema\\\/person\\\/162963545808c0e8c0b33a6b6acb2e6e\",\"name\":\"Ben Pohl\",\"url\":\"https:\\\/\\\/ziegelhof-liestal.ch\\\/?author=2\"}]}<\/script>\n<!-- \/ Yoast SEO plugin. -->","yoast_head_json":{"title":"BOULDERHALLE HEBDI | BERICHT ZUR ER\u00d6FFNUNG - ZIEGELHOFAREAL","robots":{"index":"index","follow":"follow","max-snippet":"max-snippet:-1","max-image-preview":"max-image-preview:large","max-video-preview":"max-video-preview:-1"},"canonical":"https:\/\/ziegelhof-liestal.ch\/?p=2718","og_locale":"de_DE","og_type":"article","og_title":"BOULDERHALLE HEBDI | BERICHT ZUR ER\u00d6FFNUNG - ZIEGELHOFAREAL","og_description":"\u00a0 \"\"HEBDI\": SO HEISST DIE NEUE KLETTERHALLE IM BASELLAND\" BERICHT IN DER BZ 1.12.19 &nbsp;","og_url":"https:\/\/ziegelhof-liestal.ch\/?p=2718","og_site_name":"ZIEGELHOFAREAL","article_published_time":"2019-12-10T09:08:07+00:00","article_modified_time":"2020-07-29T08:10:17+00:00","og_image":[{"width":2560,"height":1920,"url":"https:\/\/ziegelhof-liestal.ch\/wp-content\/uploads\/2019\/12\/DSC02709_2-scaled.jpg","type":"image\/jpeg"}],"author":"Ben Pohl","twitter_card":"summary_large_image","twitter_misc":{"Verfasst von":"Ben Pohl","Gesch\u00e4tzte Lesezeit":"1\u00a0Minute"},"schema":{"@context":"https:\/\/schema.org","@graph":[{"@type":"Article","@id":"https:\/\/ziegelhof-liestal.ch\/?p=2718#article","isPartOf":{"@id":"https:\/\/ziegelhof-liestal.ch\/?p=2718"},"author":{"name":"Ben Pohl","@id":"https:\/\/ziegelhof-liestal.ch\/#\/schema\/person\/162963545808c0e8c0b33a6b6acb2e6e"},"headline":"BOULDERHALLE HEBDI | BERICHT ZUR ER\u00d6FFNUNG","datePublished":"2019-12-10T09:08:07+00:00","dateModified":"2020-07-29T08:10:17+00:00","mainEntityOfPage":{"@id":"https:\/\/ziegelhof-liestal.ch\/?p=2718"},"wordCount":175,"image":{"@id":"https:\/\/ziegelhof-liestal.ch\/?p=2718#primaryimage"},"thumbnailUrl":"https:\/\/ziegelhof-liestal.ch\/wp-content\/uploads\/2019\/12\/DSC02709_2-scaled.jpg","articleSection":["Nutzungen"],"inLanguage":"de"},{"@type":"WebPage","@id":"https:\/\/ziegelhof-liestal.ch\/?p=2718","url":"https:\/\/ziegelhof-liestal.ch\/?p=2718","name":"BOULDERHALLE HEBDI | BERICHT ZUR ER\u00d6FFNUNG - ZIEGELHOFAREAL","isPartOf":{"@id":"https:\/\/ziegelhof-liestal.ch\/#website"},"primaryImageOfPage":{"@id":"https:\/\/ziegelhof-liestal.ch\/?p=2718#primaryimage"},"image":{"@id":"https:\/\/ziegelhof-liestal.ch\/?p=2718#primaryimage"},"thumbnailUrl":"https:\/\/ziegelhof-liestal.ch\/wp-content\/uploads\/2019\/12\/DSC02709_2-scaled.jpg","datePublished":"2019-12-10T09:08:07+00:00","dateModified":"2020-07-29T08:10:17+00:00","author":{"@id":"https:\/\/ziegelhof-liestal.ch\/#\/schema\/person\/162963545808c0e8c0b33a6b6acb2e6e"},"breadcrumb":{"@id":"https:\/\/ziegelhof-liestal.ch\/?p=2718#breadcrumb"},"inLanguage":"de","potentialAction":[{"@type":"ReadAction","target":["https:\/\/ziegelhof-liestal.ch\/?p=2718"]}]},{"@type":"ImageObject","inLanguage":"de","@id":"https:\/\/ziegelhof-liestal.ch\/?p=2718#primaryimage","url":"https:\/\/ziegelhof-liestal.ch\/wp-content\/uploads\/2019\/12\/DSC02709_2-scaled.jpg","contentUrl":"https:\/\/ziegelhof-liestal.ch\/wp-content\/uploads\/2019\/12\/DSC02709_2-scaled.jpg","width":2560,"height":1920},{"@type":"BreadcrumbList","@id":"https:\/\/ziegelhof-liestal.ch\/?p=2718#breadcrumb","itemListElement":[{"@type":"ListItem","position":1,"name":"Startseite","item":"https:\/\/ziegelhof-liestal.ch\/"},{"@type":"ListItem","position":2,"name":"BOULDERHALLE HEBDI | BERICHT ZUR ER\u00d6FFNUNG"}]},{"@type":"WebSite","@id":"https:\/\/ziegelhof-liestal.ch\/#website","url":"https:\/\/ziegelhof-liestal.ch\/","name":"ZIEGELHOFAREAL","description":"","potentialAction":[{"@type":"SearchAction","target":{"@type":"EntryPoint","urlTemplate":"https:\/\/ziegelhof-liestal.ch\/?s={search_term_string}"},"query-input":{"@type":"PropertyValueSpecification","valueRequired":true,"valueName":"search_term_string"}}],"inLanguage":"de"},{"@type":"Person","@id":"https:\/\/ziegelhof-liestal.ch\/#\/schema\/person\/162963545808c0e8c0b33a6b6acb2e6e","name":"Ben Pohl","url":"https:\/\/ziegelhof-liestal.ch\/?author=2"}]}},"_links":{"self":[{"href":"https:\/\/ziegelhof-liestal.ch\/index.php?rest_route=\/wp\/v2\/posts\/2718","targetHints":{"allow":["GET"]}}],"collection":[{"href":"https:\/\/ziegelhof-liestal.ch\/index.php?rest_route=\/wp\/v2\/posts"}],"about":[{"href":"https:\/\/ziegelhof-liestal.ch\/index.php?rest_route=\/wp\/v2\/types\/post"}],"author":[{"embeddable":true,"href":"https:\/\/ziegelhof-liestal.ch\/index.php?rest_route=\/wp\/v2\/users\/2"}],"replies":[{"embeddable":true,"href":"https:\/\/ziegelhof-liestal.ch\/index.php?rest_route=%2Fwp%2Fv2%2Fcomments&post=2718"}],"version-history":[{"count":14,"href":"https:\/\/ziegelhof-liestal.ch\/index.php?rest_route=\/wp\/v2\/posts\/2718\/revisions"}],"predecessor-version":[{"id":2749,"href":"https:\/\/ziegelhof-liestal.ch\/index.php?rest_route=\/wp\/v2\/posts\/2718\/revisions\/2749"}],"wp:featuredmedia":[{"embeddable":true,"href":"https:\/\/ziegelhof-liestal.ch\/index.php?rest_route=\/wp\/v2\/media\/2747"}],"wp:attachment":[{"href":"https:\/\/ziegelhof-liestal.ch\/index.php?rest_route=%2Fwp%2Fv2%2Fmedia&parent=2718"}],"wp:term":[{"taxonomy":"category","embeddable":true,"href":"https:\/\/ziegelhof-liestal.ch\/index.php?rest_route=%2Fwp%2Fv2%2Fcategories&post=2718"},{"taxonomy":"post_tag","embeddable":true,"href":"https:\/\/ziegelhof-liestal.ch\/index.php?rest_route=%2Fwp%2Fv2%2Ftags&post=2718"}],"curies":[{"name":"wp","href":"https:\/\/api.w.org\/{rel}","templated":true}]}}