{"id":2733,"date":"2019-12-09T09:25:43","date_gmt":"2019-12-09T09:25:43","guid":{"rendered":"https:\/\/ziegelhof-liestal.ch\/?p=2733"},"modified":"2019-12-10T09:29:44","modified_gmt":"2019-12-10T09:29:44","slug":"new-dream-eine-dunkle-reise-bericht-zur-installation","status":"publish","type":"post","link":"https:\/\/ziegelhof-liestal.ch\/?p=2733","title":{"rendered":"NEW DREAM \u2013 EINE DUNKLE REISE | BERICHT ZUR INSTALLATION"},"content":{"rendered":"<div id=\"pl-2733\"  class=\"panel-layout\" ><div id=\"pg-2733-0\"  class=\"panel-grid panel-has-style\" ><div class=\"so-parallax siteorigin-panels-stretch panel-row-style panel-row-style-for-2733-0\" data-stretch-type=\"full-stretched\" ><img fetchpriority=\"high\" decoding=\"async\" width=\"2835\" height=\"1891\" src=\"https:\/\/ziegelhof-liestal.ch\/wp-content\/uploads\/2016\/10\/DSC07457.jpg\" class=\"attachment-full size-full\" alt=\"\" data-siteorigin-parallax=\"true\" loading=\"eager\" srcset=\"https:\/\/ziegelhof-liestal.ch\/wp-content\/uploads\/2016\/10\/DSC07457.jpg 2835w, https:\/\/ziegelhof-liestal.ch\/wp-content\/uploads\/2016\/10\/DSC07457-300x200.jpg 300w, https:\/\/ziegelhof-liestal.ch\/wp-content\/uploads\/2016\/10\/DSC07457-768x512.jpg 768w, https:\/\/ziegelhof-liestal.ch\/wp-content\/uploads\/2016\/10\/DSC07457-1024x683.jpg 1024w, https:\/\/ziegelhof-liestal.ch\/wp-content\/uploads\/2016\/10\/DSC07457-600x400.jpg 600w, https:\/\/ziegelhof-liestal.ch\/wp-content\/uploads\/2016\/10\/DSC07457-750x500.jpg 750w, https:\/\/ziegelhof-liestal.ch\/wp-content\/uploads\/2016\/10\/DSC07457-50x33.jpg 50w, https:\/\/ziegelhof-liestal.ch\/wp-content\/uploads\/2016\/10\/DSC07457-272x182.jpg 272w\" sizes=\"(max-width: 2835px) 100vw, 2835px\" \/><div id=\"pgc-2733-0-0\"  class=\"panel-grid-cell\" ><div id=\"panel-2733-0-0-0\" class=\"so-panel widget widget_sow-headline panel-first-child panel-last-child\" data-index=\"0\" ><div class=\"panel-widget-style panel-widget-style-for-2733-0-0-0\" ><div\n\t\t\t\n\t\t\tclass=\"so-widget-sow-headline so-widget-sow-headline-default-8fc5436c1158-2733 so-widget-fittext-wrapper\"\n\t\t\t data-fit-text-compressor=\"0.85\"\n\t\t><div class=\"sow-headline-container \">\n\t\t\t\t\t\t\t<h1 class=\"sow-headline\">\n\t\t\t\t\t\tNEW DREAM \u2013 EINE DUNKLE REISE | PRESSE\t\t\t\t\t\t<\/h1>\n\t\t\t\t\t\t\t\t\t\t\t<div class=\"decoration\">\n\t\t\t\t\t\t<div class=\"decoration-inside\"><\/div>\n\t\t\t\t\t<\/div>\n\t\t\t\t\t<\/div>\n<\/div><\/div><\/div><\/div><\/div><\/div><div id=\"pg-2733-1\"  class=\"panel-grid panel-no-style\" ><div id=\"pgc-2733-1-0\"  class=\"panel-grid-cell\" ><div id=\"panel-2733-1-0-0\" class=\"so-panel widget widget_sow-editor panel-first-child panel-last-child\" data-index=\"1\" ><div class=\"panel-widget-style panel-widget-style-for-2733-1-0-0\" ><div\n\t\t\t\n\t\t\tclass=\"so-widget-sow-editor so-widget-sow-editor-base\"\n\t\t\t\n\t\t>\n<div class=\"siteorigin-widget-tinymce textwidget\">\n\t<div class=\"page\" title=\"Page 1\">\n<div class=\"layoutArea\">\n<div class=\"column\">\n<h2>\u00a0<\/h2>\n<h2 style=\"text-align: center;\">&#8222;EIN NACHGEBAUTES FL\u00dcCHTLINGSLAGER IN LIESTAL MIT BILD UND TON AUS ECHTEN LAGERN&#8220;<\/h2>\n<h3 style=\"text-align: center;\">BERICHT IN DER BZ 29.11.19<\/h3>\n<\/div>\n<\/div>\n<\/div>\n<p>&nbsp;<\/p>\n<p><em><br \/>\n<\/em><\/p>\n<\/div>\n<\/div><\/div><\/div><\/div><\/div><div id=\"pg-2733-2\"  class=\"panel-grid panel-no-style\" ><div id=\"pgc-2733-2-0\"  class=\"panel-grid-cell\" ><div id=\"panel-2733-2-0-0\" class=\"so-panel widget widget_sow-editor panel-first-child panel-last-child\" data-index=\"2\" ><div class=\"panel-widget-style panel-widget-style-for-2733-2-0-0\" ><div\n\t\t\t\n\t\t\tclass=\"so-widget-sow-editor so-widget-sow-editor-base\"\n\t\t\t\n\t\t>\n<div class=\"siteorigin-widget-tinymce textwidget\">\n\t<div class=\"\">\n<div class=\"\">\n<div class=\"\">\n<div class=\"\">\n<blockquote>\n<p>Es ist dunkel. Man h\u00f6rt den Regen auf Zeltblachen prasseln, das Ger\u00e4usch eines Feuers, das Brummen des Verkehrs in der Ferne. Irgendwo singt ein Mann auf Arabisch. \u00dcberall liegt Abfall herum. Kerzen und Scheinwerfer leuchten aus verschiedenen Ecken.<br \/>Die Kinder der Primarklasse 5B des Schulhauses Gestadeck gehen auf Kartonpfaden zwischen den Zelten und erkunden den Raum mit Taschenlampen. Sie setzen sich in die Zelte, wo Bildschirme Videos aus Fl\u00fcchtlingslagern im Balkan, in Calais, Dunkerque und Paris zeigen. Manchmal erscheinen lachende, warm gekleidete Menschen, manchmal brennende Zelte. Und inmitten dieser Rekonstruktion menschlichen Elends sind Bilder des Fotografen und Mitgr\u00fcnders des Fl\u00fcchtlingsprojektes Rastplatz, Joel Sames, ausgestellt.<\/p>\n<\/blockquote>\n<p>Quelle: Artikel bz<\/p>\n<\/div>\n<\/div>\n<\/div>\n<\/div>\n<div class=\"\">\n<div class=\"\">\n<div class=\"\">\n<\/div>\n<\/div>\n<\/div>\n<\/div>\n<\/div><\/div><\/div><\/div><div id=\"pgc-2733-2-1\"  class=\"panel-grid-cell\" ><div id=\"panel-2733-2-1-0\" class=\"so-panel widget widget_sow-editor panel-first-child panel-last-child\" data-index=\"3\" ><div class=\"panel-widget-style panel-widget-style-for-2733-2-1-0\" ><div\n\t\t\t\n\t\t\tclass=\"so-widget-sow-editor so-widget-sow-editor-base\"\n\t\t\t\n\t\t>\n<div class=\"siteorigin-widget-tinymce textwidget\">\n\t<p>Hier gehts zum kompletten Artikel:<\/p>\n<p>Basellandschaftliche Zeitung, 29.11.2019: <i>Ein\u00a0nachgebautes Fl\u00fcchtlingslager in Liestal mit Bild und Ton aus echten Lagern.<\/i><\/p>\n<p><a href=\"https:\/\/www.bzbasel.ch\/basel\/baselbiet\/ein-nachgebautes-fluechtlingslager-in-liestal-mit-bild-und-ton-aus-echten-lagern-136037942\">https:\/\/www.bzbasel.ch\/basel\/baselbiet\/ein-nachgebautes-fluechtlingslager-in-liestal-mit-bild-und-ton-aus-echten-lagern-136037942<\/a><\/p>\n<\/div>\n<\/div><\/div><\/div><\/div><\/div><\/div>","protected":false},"excerpt":{"rendered":"<p>\u00a0 &#8222;EIN NACHGEBAUTES FL\u00dcCHTLINGSLAGER IN LIESTAL MIT BILD UND TON AUS ECHTEN LAGERN&#8220; BERICHT IN DER BZ 29.11.19 &nbsp;<\/p>\n","protected":false},"author":2,"featured_media":2504,"comment_status":"closed","ping_status":"closed","sticky":false,"template":"","format":"standard","meta":{"inline_featured_image":false,"footnotes":""},"categories":[23,3],"tags":[],"class_list":["post-2733","post","type-post","status-publish","format-standard","has-post-thumbnail","hentry","category-nutzungen","category-veranstaltungen"],"yoast_head":"<!-- This site is optimized with the Yoast SEO plugin v27.5 - https:\/\/yoast.com\/product\/yoast-seo-wordpress\/ -->\n<title>NEW DREAM \u2013 EINE DUNKLE REISE | BERICHT ZUR INSTALLATION - ZIEGELHOFAREAL<\/title>\n<meta name=\"robots\" content=\"index, follow, max-snippet:-1, max-image-preview:large, max-video-preview:-1\" \/>\n<link rel=\"canonical\" href=\"https:\/\/ziegelhof-liestal.ch\/?p=2733\" \/>\n<meta property=\"og:locale\" content=\"de_DE\" \/>\n<meta property=\"og:type\" content=\"article\" \/>\n<meta property=\"og:title\" content=\"NEW DREAM \u2013 EINE DUNKLE REISE | BERICHT ZUR INSTALLATION - ZIEGELHOFAREAL\" \/>\n<meta property=\"og:description\" content=\"\u00a0 &quot;EIN NACHGEBAUTES FL\u00dcCHTLINGSLAGER IN LIESTAL MIT BILD UND TON AUS ECHTEN LAGERN&quot; BERICHT IN DER BZ 29.11.19 &nbsp;\" \/>\n<meta property=\"og:url\" content=\"https:\/\/ziegelhof-liestal.ch\/?p=2733\" \/>\n<meta property=\"og:site_name\" content=\"ZIEGELHOFAREAL\" \/>\n<meta property=\"article:published_time\" content=\"2019-12-09T09:25:43+00:00\" \/>\n<meta property=\"article:modified_time\" content=\"2019-12-10T09:29:44+00:00\" \/>\n<meta property=\"og:image\" content=\"https:\/\/ziegelhof-liestal.ch\/wp-content\/uploads\/2019\/07\/DSC02462_2-1024x768.jpg\" \/>\n\t<meta property=\"og:image:width\" content=\"1024\" \/>\n\t<meta property=\"og:image:height\" content=\"768\" \/>\n\t<meta property=\"og:image:type\" content=\"image\/jpeg\" \/>\n<meta name=\"author\" content=\"Ben Pohl\" \/>\n<meta name=\"twitter:card\" content=\"summary_large_image\" \/>\n<meta name=\"twitter:label1\" content=\"Verfasst von\" \/>\n\t<meta name=\"twitter:data1\" content=\"Ben Pohl\" \/>\n\t<meta name=\"twitter:label2\" content=\"Gesch\u00e4tzte Lesezeit\" \/>\n\t<meta name=\"twitter:data2\" content=\"1\u00a0Minute\" \/>\n<script type=\"application\/ld+json\" class=\"yoast-schema-graph\">{\"@context\":\"https:\\\/\\\/schema.org\",\"@graph\":[{\"@type\":\"Article\",\"@id\":\"https:\\\/\\\/ziegelhof-liestal.ch\\\/?p=2733#article\",\"isPartOf\":{\"@id\":\"https:\\\/\\\/ziegelhof-liestal.ch\\\/?p=2733\"},\"author\":{\"name\":\"Ben Pohl\",\"@id\":\"https:\\\/\\\/ziegelhof-liestal.ch\\\/#\\\/schema\\\/person\\\/162963545808c0e8c0b33a6b6acb2e6e\"},\"headline\":\"NEW DREAM \u2013 EINE DUNKLE REISE | BERICHT ZUR INSTALLATION\",\"datePublished\":\"2019-12-09T09:25:43+00:00\",\"dateModified\":\"2019-12-10T09:29:44+00:00\",\"mainEntityOfPage\":{\"@id\":\"https:\\\/\\\/ziegelhof-liestal.ch\\\/?p=2733\"},\"wordCount\":174,\"image\":{\"@id\":\"https:\\\/\\\/ziegelhof-liestal.ch\\\/?p=2733#primaryimage\"},\"thumbnailUrl\":\"https:\\\/\\\/ziegelhof-liestal.ch\\\/wp-content\\\/uploads\\\/2019\\\/07\\\/DSC02462_2.jpg\",\"articleSection\":[\"Nutzungen\",\"Veranstaltungen\"],\"inLanguage\":\"de\"},{\"@type\":\"WebPage\",\"@id\":\"https:\\\/\\\/ziegelhof-liestal.ch\\\/?p=2733\",\"url\":\"https:\\\/\\\/ziegelhof-liestal.ch\\\/?p=2733\",\"name\":\"NEW DREAM \u2013 EINE DUNKLE REISE | BERICHT ZUR INSTALLATION - ZIEGELHOFAREAL\",\"isPartOf\":{\"@id\":\"https:\\\/\\\/ziegelhof-liestal.ch\\\/#website\"},\"primaryImageOfPage\":{\"@id\":\"https:\\\/\\\/ziegelhof-liestal.ch\\\/?p=2733#primaryimage\"},\"image\":{\"@id\":\"https:\\\/\\\/ziegelhof-liestal.ch\\\/?p=2733#primaryimage\"},\"thumbnailUrl\":\"https:\\\/\\\/ziegelhof-liestal.ch\\\/wp-content\\\/uploads\\\/2019\\\/07\\\/DSC02462_2.jpg\",\"datePublished\":\"2019-12-09T09:25:43+00:00\",\"dateModified\":\"2019-12-10T09:29:44+00:00\",\"author\":{\"@id\":\"https:\\\/\\\/ziegelhof-liestal.ch\\\/#\\\/schema\\\/person\\\/162963545808c0e8c0b33a6b6acb2e6e\"},\"breadcrumb\":{\"@id\":\"https:\\\/\\\/ziegelhof-liestal.ch\\\/?p=2733#breadcrumb\"},\"inLanguage\":\"de\",\"potentialAction\":[{\"@type\":\"ReadAction\",\"target\":[\"https:\\\/\\\/ziegelhof-liestal.ch\\\/?p=2733\"]}]},{\"@type\":\"ImageObject\",\"inLanguage\":\"de\",\"@id\":\"https:\\\/\\\/ziegelhof-liestal.ch\\\/?p=2733#primaryimage\",\"url\":\"https:\\\/\\\/ziegelhof-liestal.ch\\\/wp-content\\\/uploads\\\/2019\\\/07\\\/DSC02462_2.jpg\",\"contentUrl\":\"https:\\\/\\\/ziegelhof-liestal.ch\\\/wp-content\\\/uploads\\\/2019\\\/07\\\/DSC02462_2.jpg\",\"width\":4896,\"height\":3672},{\"@type\":\"BreadcrumbList\",\"@id\":\"https:\\\/\\\/ziegelhof-liestal.ch\\\/?p=2733#breadcrumb\",\"itemListElement\":[{\"@type\":\"ListItem\",\"position\":1,\"name\":\"Startseite\",\"item\":\"https:\\\/\\\/ziegelhof-liestal.ch\\\/\"},{\"@type\":\"ListItem\",\"position\":2,\"name\":\"NEW DREAM \u2013 EINE DUNKLE REISE | BERICHT ZUR INSTALLATION\"}]},{\"@type\":\"WebSite\",\"@id\":\"https:\\\/\\\/ziegelhof-liestal.ch\\\/#website\",\"url\":\"https:\\\/\\\/ziegelhof-liestal.ch\\\/\",\"name\":\"ZIEGELHOFAREAL\",\"description\":\"\",\"potentialAction\":[{\"@type\":\"SearchAction\",\"target\":{\"@type\":\"EntryPoint\",\"urlTemplate\":\"https:\\\/\\\/ziegelhof-liestal.ch\\\/?s={search_term_string}\"},\"query-input\":{\"@type\":\"PropertyValueSpecification\",\"valueRequired\":true,\"valueName\":\"search_term_string\"}}],\"inLanguage\":\"de\"},{\"@type\":\"Person\",\"@id\":\"https:\\\/\\\/ziegelhof-liestal.ch\\\/#\\\/schema\\\/person\\\/162963545808c0e8c0b33a6b6acb2e6e\",\"name\":\"Ben Pohl\",\"url\":\"https:\\\/\\\/ziegelhof-liestal.ch\\\/?author=2\"}]}<\/script>\n<!-- \/ Yoast SEO plugin. -->","yoast_head_json":{"title":"NEW DREAM \u2013 EINE DUNKLE REISE | BERICHT ZUR INSTALLATION - ZIEGELHOFAREAL","robots":{"index":"index","follow":"follow","max-snippet":"max-snippet:-1","max-image-preview":"max-image-preview:large","max-video-preview":"max-video-preview:-1"},"canonical":"https:\/\/ziegelhof-liestal.ch\/?p=2733","og_locale":"de_DE","og_type":"article","og_title":"NEW DREAM \u2013 EINE DUNKLE REISE | BERICHT ZUR INSTALLATION - ZIEGELHOFAREAL","og_description":"\u00a0 \"EIN NACHGEBAUTES FL\u00dcCHTLINGSLAGER IN LIESTAL MIT BILD UND TON AUS ECHTEN LAGERN\" BERICHT IN DER BZ 29.11.19 &nbsp;","og_url":"https:\/\/ziegelhof-liestal.ch\/?p=2733","og_site_name":"ZIEGELHOFAREAL","article_published_time":"2019-12-09T09:25:43+00:00","article_modified_time":"2019-12-10T09:29:44+00:00","og_image":[{"width":1024,"height":768,"url":"https:\/\/ziegelhof-liestal.ch\/wp-content\/uploads\/2019\/07\/DSC02462_2-1024x768.jpg","type":"image\/jpeg"}],"author":"Ben Pohl","twitter_card":"summary_large_image","twitter_misc":{"Verfasst von":"Ben Pohl","Gesch\u00e4tzte Lesezeit":"1\u00a0Minute"},"schema":{"@context":"https:\/\/schema.org","@graph":[{"@type":"Article","@id":"https:\/\/ziegelhof-liestal.ch\/?p=2733#article","isPartOf":{"@id":"https:\/\/ziegelhof-liestal.ch\/?p=2733"},"author":{"name":"Ben Pohl","@id":"https:\/\/ziegelhof-liestal.ch\/#\/schema\/person\/162963545808c0e8c0b33a6b6acb2e6e"},"headline":"NEW DREAM \u2013 EINE DUNKLE REISE | BERICHT ZUR INSTALLATION","datePublished":"2019-12-09T09:25:43+00:00","dateModified":"2019-12-10T09:29:44+00:00","mainEntityOfPage":{"@id":"https:\/\/ziegelhof-liestal.ch\/?p=2733"},"wordCount":174,"image":{"@id":"https:\/\/ziegelhof-liestal.ch\/?p=2733#primaryimage"},"thumbnailUrl":"https:\/\/ziegelhof-liestal.ch\/wp-content\/uploads\/2019\/07\/DSC02462_2.jpg","articleSection":["Nutzungen","Veranstaltungen"],"inLanguage":"de"},{"@type":"WebPage","@id":"https:\/\/ziegelhof-liestal.ch\/?p=2733","url":"https:\/\/ziegelhof-liestal.ch\/?p=2733","name":"NEW DREAM \u2013 EINE DUNKLE REISE | BERICHT ZUR INSTALLATION - ZIEGELHOFAREAL","isPartOf":{"@id":"https:\/\/ziegelhof-liestal.ch\/#website"},"primaryImageOfPage":{"@id":"https:\/\/ziegelhof-liestal.ch\/?p=2733#primaryimage"},"image":{"@id":"https:\/\/ziegelhof-liestal.ch\/?p=2733#primaryimage"},"thumbnailUrl":"https:\/\/ziegelhof-liestal.ch\/wp-content\/uploads\/2019\/07\/DSC02462_2.jpg","datePublished":"2019-12-09T09:25:43+00:00","dateModified":"2019-12-10T09:29:44+00:00","author":{"@id":"https:\/\/ziegelhof-liestal.ch\/#\/schema\/person\/162963545808c0e8c0b33a6b6acb2e6e"},"breadcrumb":{"@id":"https:\/\/ziegelhof-liestal.ch\/?p=2733#breadcrumb"},"inLanguage":"de","potentialAction":[{"@type":"ReadAction","target":["https:\/\/ziegelhof-liestal.ch\/?p=2733"]}]},{"@type":"ImageObject","inLanguage":"de","@id":"https:\/\/ziegelhof-liestal.ch\/?p=2733#primaryimage","url":"https:\/\/ziegelhof-liestal.ch\/wp-content\/uploads\/2019\/07\/DSC02462_2.jpg","contentUrl":"https:\/\/ziegelhof-liestal.ch\/wp-content\/uploads\/2019\/07\/DSC02462_2.jpg","width":4896,"height":3672},{"@type":"BreadcrumbList","@id":"https:\/\/ziegelhof-liestal.ch\/?p=2733#breadcrumb","itemListElement":[{"@type":"ListItem","position":1,"name":"Startseite","item":"https:\/\/ziegelhof-liestal.ch\/"},{"@type":"ListItem","position":2,"name":"NEW DREAM \u2013 EINE DUNKLE REISE | BERICHT ZUR INSTALLATION"}]},{"@type":"WebSite","@id":"https:\/\/ziegelhof-liestal.ch\/#website","url":"https:\/\/ziegelhof-liestal.ch\/","name":"ZIEGELHOFAREAL","description":"","potentialAction":[{"@type":"SearchAction","target":{"@type":"EntryPoint","urlTemplate":"https:\/\/ziegelhof-liestal.ch\/?s={search_term_string}"},"query-input":{"@type":"PropertyValueSpecification","valueRequired":true,"valueName":"search_term_string"}}],"inLanguage":"de"},{"@type":"Person","@id":"https:\/\/ziegelhof-liestal.ch\/#\/schema\/person\/162963545808c0e8c0b33a6b6acb2e6e","name":"Ben Pohl","url":"https:\/\/ziegelhof-liestal.ch\/?author=2"}]}},"_links":{"self":[{"href":"https:\/\/ziegelhof-liestal.ch\/index.php?rest_route=\/wp\/v2\/posts\/2733","targetHints":{"allow":["GET"]}}],"collection":[{"href":"https:\/\/ziegelhof-liestal.ch\/index.php?rest_route=\/wp\/v2\/posts"}],"about":[{"href":"https:\/\/ziegelhof-liestal.ch\/index.php?rest_route=\/wp\/v2\/types\/post"}],"author":[{"embeddable":true,"href":"https:\/\/ziegelhof-liestal.ch\/index.php?rest_route=\/wp\/v2\/users\/2"}],"replies":[{"embeddable":true,"href":"https:\/\/ziegelhof-liestal.ch\/index.php?rest_route=%2Fwp%2Fv2%2Fcomments&post=2733"}],"version-history":[{"count":14,"href":"https:\/\/ziegelhof-liestal.ch\/index.php?rest_route=\/wp\/v2\/posts\/2733\/revisions"}],"predecessor-version":[{"id":2751,"href":"https:\/\/ziegelhof-liestal.ch\/index.php?rest_route=\/wp\/v2\/posts\/2733\/revisions\/2751"}],"wp:featuredmedia":[{"embeddable":true,"href":"https:\/\/ziegelhof-liestal.ch\/index.php?rest_route=\/wp\/v2\/media\/2504"}],"wp:attachment":[{"href":"https:\/\/ziegelhof-liestal.ch\/index.php?rest_route=%2Fwp%2Fv2%2Fmedia&parent=2733"}],"wp:term":[{"taxonomy":"category","embeddable":true,"href":"https:\/\/ziegelhof-liestal.ch\/index.php?rest_route=%2Fwp%2Fv2%2Fcategories&post=2733"},{"taxonomy":"post_tag","embeddable":true,"href":"https:\/\/ziegelhof-liestal.ch\/index.php?rest_route=%2Fwp%2Fv2%2Ftags&post=2733"}],"curies":[{"name":"wp","href":"https:\/\/api.w.org\/{rel}","templated":true}]}}