{"id":3830,"date":"2020-07-22T07:19:02","date_gmt":"2020-07-22T07:19:02","guid":{"rendered":"https:\/\/ziegelhof-liestal.ch\/?p=3830"},"modified":"2020-07-29T08:09:14","modified_gmt":"2020-07-29T08:09:14","slug":"eroeffnung-tablesoccer-beider-basel-24-25-juli","status":"publish","type":"post","link":"https:\/\/ziegelhof-liestal.ch\/?p=3830","title":{"rendered":"ER\u00d6FFNUNG TABLESOCCER BEIDER BASEL | 24. \/ 25. JULI"},"content":{"rendered":"<div id=\"pl-3830\"  class=\"panel-layout\" ><div id=\"pg-3830-0\"  class=\"panel-grid panel-has-style\" ><div class=\"so-parallax siteorigin-panels-stretch panel-row-style panel-row-style-for-3830-0\" data-stretch-type=\"full-stretched\" ><img fetchpriority=\"high\" decoding=\"async\" width=\"2835\" height=\"1891\" src=\"https:\/\/ziegelhof-liestal.ch\/wp-content\/uploads\/2016\/10\/DSC07457.jpg\" class=\"attachment-full size-full\" alt=\"\" data-siteorigin-parallax=\"true\" loading=\"eager\" srcset=\"https:\/\/ziegelhof-liestal.ch\/wp-content\/uploads\/2016\/10\/DSC07457.jpg 2835w, https:\/\/ziegelhof-liestal.ch\/wp-content\/uploads\/2016\/10\/DSC07457-300x200.jpg 300w, https:\/\/ziegelhof-liestal.ch\/wp-content\/uploads\/2016\/10\/DSC07457-768x512.jpg 768w, https:\/\/ziegelhof-liestal.ch\/wp-content\/uploads\/2016\/10\/DSC07457-1024x683.jpg 1024w, https:\/\/ziegelhof-liestal.ch\/wp-content\/uploads\/2016\/10\/DSC07457-600x400.jpg 600w, https:\/\/ziegelhof-liestal.ch\/wp-content\/uploads\/2016\/10\/DSC07457-750x500.jpg 750w, https:\/\/ziegelhof-liestal.ch\/wp-content\/uploads\/2016\/10\/DSC07457-50x33.jpg 50w, https:\/\/ziegelhof-liestal.ch\/wp-content\/uploads\/2016\/10\/DSC07457-272x182.jpg 272w\" sizes=\"(max-width: 2835px) 100vw, 2835px\" \/><div id=\"pgc-3830-0-0\"  class=\"panel-grid-cell\" ><div id=\"panel-3830-0-0-0\" class=\"so-panel widget widget_sow-headline panel-first-child panel-last-child\" data-index=\"0\" ><div class=\"panel-widget-style panel-widget-style-for-3830-0-0-0\" ><div\n\t\t\t\n\t\t\tclass=\"so-widget-sow-headline so-widget-sow-headline-default-8fc5436c1158-3830 so-widget-fittext-wrapper\"\n\t\t\t data-fit-text-compressor=\"0.85\"\n\t\t><div class=\"sow-headline-container \">\n\t\t\t\t\t\t\t<h1 class=\"sow-headline\">\n\t\t\t\t\t\tER\u00d6FFNUNG T\u00d6GGELI-ZENTRUM\t\t\t\t\t\t<\/h1>\n\t\t\t\t\t\t\t\t\t\t\t<div class=\"decoration\">\n\t\t\t\t\t\t<div class=\"decoration-inside\"><\/div>\n\t\t\t\t\t<\/div>\n\t\t\t\t\t<\/div>\n<\/div><\/div><\/div><\/div><\/div><\/div><div id=\"pg-3830-1\"  class=\"panel-grid panel-no-style\" ><div id=\"pgc-3830-1-0\"  class=\"panel-grid-cell\" ><div id=\"panel-3830-1-0-0\" class=\"so-panel widget widget_sow-headline panel-first-child panel-last-child\" data-index=\"1\" ><div\n\t\t\t\n\t\t\tclass=\"so-widget-sow-headline so-widget-sow-headline-default-c3d9102f68a6-3830\"\n\t\t\t\n\t\t><div class=\"sow-headline-container \">\n\t\t\t\t\t\t\t<h1 class=\"sow-headline\">\n\t\t\t\t\t\tDAS NEUE T\u00d6GGELI-ZENTRUM ER\u00d6FFNET\t\t\t\t\t\t<\/h1>\n\t\t\t\t\t\t\t\t\t\t\t\t<h3 class=\"sow-sub-headline\">\n\t\t\t\t\t\t24. \/ 25. JULI\t\t\t\t\t\t<\/h3>\n\t\t\t\t\t\t<\/div>\n<\/div><\/div><\/div><\/div><div id=\"pg-3830-2\"  class=\"panel-grid panel-no-style\" ><div id=\"pgc-3830-2-0\"  class=\"panel-grid-cell\" ><div id=\"panel-3830-2-0-0\" class=\"so-panel widget widget_media_image panel-first-child\" data-index=\"2\" ><img loading=\"lazy\" decoding=\"async\" width=\"620\" height=\"874\" src=\"https:\/\/ziegelhof-liestal.ch\/wp-content\/uploads\/2020\/07\/Flyer-Er\u00f6ffnung_web.jpg\" class=\"image wp-image-3831  attachment-full size-full\" alt=\"\" style=\"max-width: 100%; height: auto;\" srcset=\"https:\/\/ziegelhof-liestal.ch\/wp-content\/uploads\/2020\/07\/Flyer-Er\u00f6ffnung_web.jpg 620w, https:\/\/ziegelhof-liestal.ch\/wp-content\/uploads\/2020\/07\/Flyer-Er\u00f6ffnung_web-213x300.jpg 213w\" sizes=\"auto, (max-width: 620px) 100vw, 620px\" \/><\/div><div id=\"panel-3830-2-0-1\" class=\"so-panel widget widget_media_image panel-last-child\" data-index=\"3\" ><img loading=\"lazy\" decoding=\"async\" width=\"620\" height=\"874\" src=\"https:\/\/ziegelhof-liestal.ch\/wp-content\/uploads\/2020\/07\/Flyer-Er\u00f6ffnung_web-2.jpg\" class=\"image wp-image-3836  attachment-full size-full\" alt=\"\" style=\"max-width: 100%; height: auto;\" srcset=\"https:\/\/ziegelhof-liestal.ch\/wp-content\/uploads\/2020\/07\/Flyer-Er\u00f6ffnung_web-2.jpg 620w, https:\/\/ziegelhof-liestal.ch\/wp-content\/uploads\/2020\/07\/Flyer-Er\u00f6ffnung_web-2-213x300.jpg 213w\" sizes=\"auto, (max-width: 620px) 100vw, 620px\" \/><\/div><\/div><div id=\"pgc-3830-2-1\"  class=\"panel-grid-cell\" ><div id=\"panel-3830-2-1-0\" class=\"so-panel widget widget_sow-editor panel-first-child panel-last-child\" data-index=\"4\" ><div class=\"panel-widget-style panel-widget-style-for-3830-2-1-0\" ><div\n\t\t\t\n\t\t\tclass=\"so-widget-sow-editor so-widget-sow-editor-base\"\n\t\t\t\n\t\t>\n<div class=\"siteorigin-widget-tinymce textwidget\">\n\t<p>Die ehemalige Braustube der Ziegelhof-Brauerei in Liestal wurde in ein neues Gewand gekleidet: Der neu gegr\u00fcndete Verein Tablesoccer beider Basel hat die Braustube zu einer neuen T\u00f6ggeli-Heimst\u00e4tte umgestaltet. Nun laden sie am 24. und 25. Juli zur Er\u00f6ffnung und zum T\u00f6ggelen ein. Holt euch einen Eindruck vom neuen T\u00f6ggeli-Lokal.<\/p>\n<p>&nbsp;<\/p>\n<\/div>\n<\/div><\/div><\/div><\/div><\/div><\/div>","protected":false},"excerpt":{"rendered":"<p>ER\u00d6FFNUNG T\u00d6GGELI-ZENTRUM DAS NEUE T\u00d6GGELI-ZENTRUM ER\u00d6FFNET 24. \/ 25. JULI Die ehemalige Braustube der Ziegelhof-Brauerei in Liestal wurde in ein neues Gewand gekleidet: Der neu gegr\u00fcndete Verein Tablesoccer beider Basel &#8230;<\/p>\n","protected":false},"author":2,"featured_media":3831,"comment_status":"closed","ping_status":"closed","sticky":false,"template":"","format":"standard","meta":{"inline_featured_image":false,"footnotes":""},"categories":[3],"tags":[],"class_list":["post-3830","post","type-post","status-publish","format-standard","has-post-thumbnail","hentry","category-veranstaltungen"],"yoast_head":"<!-- This site is optimized with the Yoast SEO plugin v27.5 - https:\/\/yoast.com\/product\/yoast-seo-wordpress\/ -->\n<title>ER\u00d6FFNUNG TABLESOCCER BEIDER BASEL | 24. \/ 25. JULI - ZIEGELHOFAREAL<\/title>\n<meta name=\"robots\" content=\"index, follow, max-snippet:-1, max-image-preview:large, max-video-preview:-1\" \/>\n<link rel=\"canonical\" href=\"https:\/\/ziegelhof-liestal.ch\/?p=3830\" \/>\n<meta property=\"og:locale\" content=\"de_DE\" \/>\n<meta property=\"og:type\" content=\"article\" \/>\n<meta property=\"og:title\" content=\"ER\u00d6FFNUNG TABLESOCCER BEIDER BASEL | 24. \/ 25. JULI - ZIEGELHOFAREAL\" \/>\n<meta property=\"og:description\" content=\"ER\u00d6FFNUNG T\u00d6GGELI-ZENTRUM DAS NEUE T\u00d6GGELI-ZENTRUM ER\u00d6FFNET 24. \/ 25. JULI Die ehemalige Braustube der Ziegelhof-Brauerei in Liestal wurde in ein neues Gewand gekleidet: Der neu gegr\u00fcndete Verein Tablesoccer beider Basel ...\" \/>\n<meta property=\"og:url\" content=\"https:\/\/ziegelhof-liestal.ch\/?p=3830\" \/>\n<meta property=\"og:site_name\" content=\"ZIEGELHOFAREAL\" \/>\n<meta property=\"article:published_time\" content=\"2020-07-22T07:19:02+00:00\" \/>\n<meta property=\"article:modified_time\" content=\"2020-07-29T08:09:14+00:00\" \/>\n<meta property=\"og:image\" content=\"https:\/\/ziegelhof-liestal.ch\/wp-content\/uploads\/2020\/07\/Flyer-Er\u00f6ffnung_web.jpg\" \/>\n\t<meta property=\"og:image:width\" content=\"620\" \/>\n\t<meta property=\"og:image:height\" content=\"874\" \/>\n\t<meta property=\"og:image:type\" content=\"image\/jpeg\" \/>\n<meta name=\"author\" content=\"Ben Pohl\" \/>\n<meta name=\"twitter:card\" content=\"summary_large_image\" \/>\n<meta name=\"twitter:label1\" content=\"Verfasst von\" \/>\n\t<meta name=\"twitter:data1\" content=\"Ben Pohl\" \/>\n<script type=\"application\/ld+json\" class=\"yoast-schema-graph\">{\"@context\":\"https:\\\/\\\/schema.org\",\"@graph\":[{\"@type\":\"Article\",\"@id\":\"https:\\\/\\\/ziegelhof-liestal.ch\\\/?p=3830#article\",\"isPartOf\":{\"@id\":\"https:\\\/\\\/ziegelhof-liestal.ch\\\/?p=3830\"},\"author\":{\"name\":\"Ben Pohl\",\"@id\":\"https:\\\/\\\/ziegelhof-liestal.ch\\\/#\\\/schema\\\/person\\\/162963545808c0e8c0b33a6b6acb2e6e\"},\"headline\":\"ER\u00d6FFNUNG TABLESOCCER BEIDER BASEL | 24. \\\/ 25. JULI\",\"datePublished\":\"2020-07-22T07:19:02+00:00\",\"dateModified\":\"2020-07-29T08:09:14+00:00\",\"mainEntityOfPage\":{\"@id\":\"https:\\\/\\\/ziegelhof-liestal.ch\\\/?p=3830\"},\"wordCount\":96,\"image\":{\"@id\":\"https:\\\/\\\/ziegelhof-liestal.ch\\\/?p=3830#primaryimage\"},\"thumbnailUrl\":\"https:\\\/\\\/ziegelhof-liestal.ch\\\/wp-content\\\/uploads\\\/2020\\\/07\\\/Flyer-Er\u00f6ffnung_web.jpg\",\"articleSection\":[\"Veranstaltungen\"],\"inLanguage\":\"de\"},{\"@type\":\"WebPage\",\"@id\":\"https:\\\/\\\/ziegelhof-liestal.ch\\\/?p=3830\",\"url\":\"https:\\\/\\\/ziegelhof-liestal.ch\\\/?p=3830\",\"name\":\"ER\u00d6FFNUNG TABLESOCCER BEIDER BASEL | 24. \\\/ 25. JULI - ZIEGELHOFAREAL\",\"isPartOf\":{\"@id\":\"https:\\\/\\\/ziegelhof-liestal.ch\\\/#website\"},\"primaryImageOfPage\":{\"@id\":\"https:\\\/\\\/ziegelhof-liestal.ch\\\/?p=3830#primaryimage\"},\"image\":{\"@id\":\"https:\\\/\\\/ziegelhof-liestal.ch\\\/?p=3830#primaryimage\"},\"thumbnailUrl\":\"https:\\\/\\\/ziegelhof-liestal.ch\\\/wp-content\\\/uploads\\\/2020\\\/07\\\/Flyer-Er\u00f6ffnung_web.jpg\",\"datePublished\":\"2020-07-22T07:19:02+00:00\",\"dateModified\":\"2020-07-29T08:09:14+00:00\",\"author\":{\"@id\":\"https:\\\/\\\/ziegelhof-liestal.ch\\\/#\\\/schema\\\/person\\\/162963545808c0e8c0b33a6b6acb2e6e\"},\"breadcrumb\":{\"@id\":\"https:\\\/\\\/ziegelhof-liestal.ch\\\/?p=3830#breadcrumb\"},\"inLanguage\":\"de\",\"potentialAction\":[{\"@type\":\"ReadAction\",\"target\":[\"https:\\\/\\\/ziegelhof-liestal.ch\\\/?p=3830\"]}]},{\"@type\":\"ImageObject\",\"inLanguage\":\"de\",\"@id\":\"https:\\\/\\\/ziegelhof-liestal.ch\\\/?p=3830#primaryimage\",\"url\":\"https:\\\/\\\/ziegelhof-liestal.ch\\\/wp-content\\\/uploads\\\/2020\\\/07\\\/Flyer-Er\u00f6ffnung_web.jpg\",\"contentUrl\":\"https:\\\/\\\/ziegelhof-liestal.ch\\\/wp-content\\\/uploads\\\/2020\\\/07\\\/Flyer-Er\u00f6ffnung_web.jpg\",\"width\":620,\"height\":874},{\"@type\":\"BreadcrumbList\",\"@id\":\"https:\\\/\\\/ziegelhof-liestal.ch\\\/?p=3830#breadcrumb\",\"itemListElement\":[{\"@type\":\"ListItem\",\"position\":1,\"name\":\"Startseite\",\"item\":\"https:\\\/\\\/ziegelhof-liestal.ch\\\/\"},{\"@type\":\"ListItem\",\"position\":2,\"name\":\"ER\u00d6FFNUNG TABLESOCCER BEIDER BASEL | 24. \\\/ 25. JULI\"}]},{\"@type\":\"WebSite\",\"@id\":\"https:\\\/\\\/ziegelhof-liestal.ch\\\/#website\",\"url\":\"https:\\\/\\\/ziegelhof-liestal.ch\\\/\",\"name\":\"ZIEGELHOFAREAL\",\"description\":\"\",\"potentialAction\":[{\"@type\":\"SearchAction\",\"target\":{\"@type\":\"EntryPoint\",\"urlTemplate\":\"https:\\\/\\\/ziegelhof-liestal.ch\\\/?s={search_term_string}\"},\"query-input\":{\"@type\":\"PropertyValueSpecification\",\"valueRequired\":true,\"valueName\":\"search_term_string\"}}],\"inLanguage\":\"de\"},{\"@type\":\"Person\",\"@id\":\"https:\\\/\\\/ziegelhof-liestal.ch\\\/#\\\/schema\\\/person\\\/162963545808c0e8c0b33a6b6acb2e6e\",\"name\":\"Ben Pohl\",\"url\":\"https:\\\/\\\/ziegelhof-liestal.ch\\\/?author=2\"}]}<\/script>\n<!-- \/ Yoast SEO plugin. -->","yoast_head_json":{"title":"ER\u00d6FFNUNG TABLESOCCER BEIDER BASEL | 24. \/ 25. JULI - ZIEGELHOFAREAL","robots":{"index":"index","follow":"follow","max-snippet":"max-snippet:-1","max-image-preview":"max-image-preview:large","max-video-preview":"max-video-preview:-1"},"canonical":"https:\/\/ziegelhof-liestal.ch\/?p=3830","og_locale":"de_DE","og_type":"article","og_title":"ER\u00d6FFNUNG TABLESOCCER BEIDER BASEL | 24. \/ 25. JULI - ZIEGELHOFAREAL","og_description":"ER\u00d6FFNUNG T\u00d6GGELI-ZENTRUM DAS NEUE T\u00d6GGELI-ZENTRUM ER\u00d6FFNET 24. \/ 25. JULI Die ehemalige Braustube der Ziegelhof-Brauerei in Liestal wurde in ein neues Gewand gekleidet: Der neu gegr\u00fcndete Verein Tablesoccer beider Basel ...","og_url":"https:\/\/ziegelhof-liestal.ch\/?p=3830","og_site_name":"ZIEGELHOFAREAL","article_published_time":"2020-07-22T07:19:02+00:00","article_modified_time":"2020-07-29T08:09:14+00:00","og_image":[{"width":620,"height":874,"url":"https:\/\/ziegelhof-liestal.ch\/wp-content\/uploads\/2020\/07\/Flyer-Er\u00f6ffnung_web.jpg","type":"image\/jpeg"}],"author":"Ben Pohl","twitter_card":"summary_large_image","twitter_misc":{"Verfasst von":"Ben Pohl"},"schema":{"@context":"https:\/\/schema.org","@graph":[{"@type":"Article","@id":"https:\/\/ziegelhof-liestal.ch\/?p=3830#article","isPartOf":{"@id":"https:\/\/ziegelhof-liestal.ch\/?p=3830"},"author":{"name":"Ben Pohl","@id":"https:\/\/ziegelhof-liestal.ch\/#\/schema\/person\/162963545808c0e8c0b33a6b6acb2e6e"},"headline":"ER\u00d6FFNUNG TABLESOCCER BEIDER BASEL | 24. \/ 25. JULI","datePublished":"2020-07-22T07:19:02+00:00","dateModified":"2020-07-29T08:09:14+00:00","mainEntityOfPage":{"@id":"https:\/\/ziegelhof-liestal.ch\/?p=3830"},"wordCount":96,"image":{"@id":"https:\/\/ziegelhof-liestal.ch\/?p=3830#primaryimage"},"thumbnailUrl":"https:\/\/ziegelhof-liestal.ch\/wp-content\/uploads\/2020\/07\/Flyer-Er\u00f6ffnung_web.jpg","articleSection":["Veranstaltungen"],"inLanguage":"de"},{"@type":"WebPage","@id":"https:\/\/ziegelhof-liestal.ch\/?p=3830","url":"https:\/\/ziegelhof-liestal.ch\/?p=3830","name":"ER\u00d6FFNUNG TABLESOCCER BEIDER BASEL | 24. \/ 25. JULI - ZIEGELHOFAREAL","isPartOf":{"@id":"https:\/\/ziegelhof-liestal.ch\/#website"},"primaryImageOfPage":{"@id":"https:\/\/ziegelhof-liestal.ch\/?p=3830#primaryimage"},"image":{"@id":"https:\/\/ziegelhof-liestal.ch\/?p=3830#primaryimage"},"thumbnailUrl":"https:\/\/ziegelhof-liestal.ch\/wp-content\/uploads\/2020\/07\/Flyer-Er\u00f6ffnung_web.jpg","datePublished":"2020-07-22T07:19:02+00:00","dateModified":"2020-07-29T08:09:14+00:00","author":{"@id":"https:\/\/ziegelhof-liestal.ch\/#\/schema\/person\/162963545808c0e8c0b33a6b6acb2e6e"},"breadcrumb":{"@id":"https:\/\/ziegelhof-liestal.ch\/?p=3830#breadcrumb"},"inLanguage":"de","potentialAction":[{"@type":"ReadAction","target":["https:\/\/ziegelhof-liestal.ch\/?p=3830"]}]},{"@type":"ImageObject","inLanguage":"de","@id":"https:\/\/ziegelhof-liestal.ch\/?p=3830#primaryimage","url":"https:\/\/ziegelhof-liestal.ch\/wp-content\/uploads\/2020\/07\/Flyer-Er\u00f6ffnung_web.jpg","contentUrl":"https:\/\/ziegelhof-liestal.ch\/wp-content\/uploads\/2020\/07\/Flyer-Er\u00f6ffnung_web.jpg","width":620,"height":874},{"@type":"BreadcrumbList","@id":"https:\/\/ziegelhof-liestal.ch\/?p=3830#breadcrumb","itemListElement":[{"@type":"ListItem","position":1,"name":"Startseite","item":"https:\/\/ziegelhof-liestal.ch\/"},{"@type":"ListItem","position":2,"name":"ER\u00d6FFNUNG TABLESOCCER BEIDER BASEL | 24. \/ 25. JULI"}]},{"@type":"WebSite","@id":"https:\/\/ziegelhof-liestal.ch\/#website","url":"https:\/\/ziegelhof-liestal.ch\/","name":"ZIEGELHOFAREAL","description":"","potentialAction":[{"@type":"SearchAction","target":{"@type":"EntryPoint","urlTemplate":"https:\/\/ziegelhof-liestal.ch\/?s={search_term_string}"},"query-input":{"@type":"PropertyValueSpecification","valueRequired":true,"valueName":"search_term_string"}}],"inLanguage":"de"},{"@type":"Person","@id":"https:\/\/ziegelhof-liestal.ch\/#\/schema\/person\/162963545808c0e8c0b33a6b6acb2e6e","name":"Ben Pohl","url":"https:\/\/ziegelhof-liestal.ch\/?author=2"}]}},"_links":{"self":[{"href":"https:\/\/ziegelhof-liestal.ch\/index.php?rest_route=\/wp\/v2\/posts\/3830","targetHints":{"allow":["GET"]}}],"collection":[{"href":"https:\/\/ziegelhof-liestal.ch\/index.php?rest_route=\/wp\/v2\/posts"}],"about":[{"href":"https:\/\/ziegelhof-liestal.ch\/index.php?rest_route=\/wp\/v2\/types\/post"}],"author":[{"embeddable":true,"href":"https:\/\/ziegelhof-liestal.ch\/index.php?rest_route=\/wp\/v2\/users\/2"}],"replies":[{"embeddable":true,"href":"https:\/\/ziegelhof-liestal.ch\/index.php?rest_route=%2Fwp%2Fv2%2Fcomments&post=3830"}],"version-history":[{"count":16,"href":"https:\/\/ziegelhof-liestal.ch\/index.php?rest_route=\/wp\/v2\/posts\/3830\/revisions"}],"predecessor-version":[{"id":3848,"href":"https:\/\/ziegelhof-liestal.ch\/index.php?rest_route=\/wp\/v2\/posts\/3830\/revisions\/3848"}],"wp:featuredmedia":[{"embeddable":true,"href":"https:\/\/ziegelhof-liestal.ch\/index.php?rest_route=\/wp\/v2\/media\/3831"}],"wp:attachment":[{"href":"https:\/\/ziegelhof-liestal.ch\/index.php?rest_route=%2Fwp%2Fv2%2Fmedia&parent=3830"}],"wp:term":[{"taxonomy":"category","embeddable":true,"href":"https:\/\/ziegelhof-liestal.ch\/index.php?rest_route=%2Fwp%2Fv2%2Fcategories&post=3830"},{"taxonomy":"post_tag","embeddable":true,"href":"https:\/\/ziegelhof-liestal.ch\/index.php?rest_route=%2Fwp%2Fv2%2Ftags&post=3830"}],"curies":[{"name":"wp","href":"https:\/\/api.w.org\/{rel}","templated":true}]}}