{"id":3850,"date":"2020-07-29T08:01:46","date_gmt":"2020-07-29T08:01:46","guid":{"rendered":"https:\/\/ziegelhof-liestal.ch\/?p=3850"},"modified":"2020-08-06T14:38:58","modified_gmt":"2020-08-06T14:38:58","slug":"eroeffnung-toeggeli-lokal-rueckblick","status":"publish","type":"post","link":"https:\/\/ziegelhof-liestal.ch\/?p=3850","title":{"rendered":"ER\u00d6FFNUNG T\u00d6GGELI-LOKAL | R\u00dcCKBLICK"},"content":{"rendered":"<div id=\"pl-3850\"  class=\"panel-layout\" ><div id=\"pg-3850-0\"  class=\"panel-grid panel-has-style\" ><div class=\"so-parallax siteorigin-panels-stretch panel-row-style panel-row-style-for-3850-0\" data-stretch-type=\"full-stretched\" ><img fetchpriority=\"high\" decoding=\"async\" width=\"2835\" height=\"1891\" src=\"https:\/\/ziegelhof-liestal.ch\/wp-content\/uploads\/2016\/10\/DSC07457.jpg\" class=\"attachment-full size-full\" alt=\"\" data-siteorigin-parallax=\"true\" loading=\"eager\" srcset=\"https:\/\/ziegelhof-liestal.ch\/wp-content\/uploads\/2016\/10\/DSC07457.jpg 2835w, https:\/\/ziegelhof-liestal.ch\/wp-content\/uploads\/2016\/10\/DSC07457-300x200.jpg 300w, https:\/\/ziegelhof-liestal.ch\/wp-content\/uploads\/2016\/10\/DSC07457-768x512.jpg 768w, https:\/\/ziegelhof-liestal.ch\/wp-content\/uploads\/2016\/10\/DSC07457-1024x683.jpg 1024w, https:\/\/ziegelhof-liestal.ch\/wp-content\/uploads\/2016\/10\/DSC07457-600x400.jpg 600w, https:\/\/ziegelhof-liestal.ch\/wp-content\/uploads\/2016\/10\/DSC07457-750x500.jpg 750w, https:\/\/ziegelhof-liestal.ch\/wp-content\/uploads\/2016\/10\/DSC07457-50x33.jpg 50w, https:\/\/ziegelhof-liestal.ch\/wp-content\/uploads\/2016\/10\/DSC07457-272x182.jpg 272w\" sizes=\"(max-width: 2835px) 100vw, 2835px\" \/><div id=\"pgc-3850-0-0\"  class=\"panel-grid-cell\" ><div id=\"panel-3850-0-0-0\" class=\"so-panel widget widget_sow-headline panel-first-child panel-last-child\" data-index=\"0\" ><div class=\"panel-widget-style panel-widget-style-for-3850-0-0-0\" ><div\n\t\t\t\n\t\t\tclass=\"so-widget-sow-headline so-widget-sow-headline-default-8fc5436c1158-3850 so-widget-fittext-wrapper\"\n\t\t\t data-fit-text-compressor=\"0.85\"\n\t\t><div class=\"sow-headline-container \">\n\t\t\t\t\t\t\t<h1 class=\"sow-headline\">\n\t\t\t\t\t\tER\u00d6FFNUNG T\u00d6GGELI-LOKAL 24.\/25. JULI\t\t\t\t\t\t<\/h1>\n\t\t\t\t\t\t\t\t\t\t\t<div class=\"decoration\">\n\t\t\t\t\t\t<div class=\"decoration-inside\"><\/div>\n\t\t\t\t\t<\/div>\n\t\t\t\t\t<\/div>\n<\/div><\/div><\/div><\/div><\/div><\/div><div id=\"pg-3850-1\"  class=\"panel-grid panel-no-style\" ><div id=\"pgc-3850-1-0\"  class=\"panel-grid-cell\" ><div id=\"panel-3850-1-0-0\" class=\"so-panel widget widget_sow-headline panel-first-child panel-last-child\" data-index=\"1\" ><div\n\t\t\t\n\t\t\tclass=\"so-widget-sow-headline so-widget-sow-headline-default-c3d9102f68a6-3850\"\n\t\t\t\n\t\t><div class=\"sow-headline-container \">\n\t\t\t\t\t\t\t<h1 class=\"sow-headline\">\n\t\t\t\t\t\tTABLESOCCER BEIDER BASEL FEIERTE SEINE ER\u00d6FFNUNG\t\t\t\t\t\t<\/h1>\n\t\t\t\t\t\t\t\t\t\t\t\t<h3 class=\"sow-sub-headline\">\n\t\t\t\t\t\t24. \/ 25. JULI\t\t\t\t\t\t<\/h3>\n\t\t\t\t\t\t<\/div>\n<\/div><\/div><\/div><\/div><div id=\"pg-3850-2\"  class=\"panel-grid panel-no-style\" ><div id=\"pgc-3850-2-0\"  class=\"panel-grid-cell\" ><div id=\"panel-3850-2-0-0\" class=\"so-panel widget widget_media_image panel-first-child\" data-index=\"2\" ><img loading=\"lazy\" decoding=\"async\" width=\"2560\" height=\"1700\" src=\"https:\/\/ziegelhof-liestal.ch\/wp-content\/uploads\/2020\/07\/DSC_0057-scaled.jpeg\" class=\"image wp-image-3877  attachment-full size-full\" alt=\"\" style=\"max-width: 100%; height: auto;\" srcset=\"https:\/\/ziegelhof-liestal.ch\/wp-content\/uploads\/2020\/07\/DSC_0057-scaled.jpeg 2560w, https:\/\/ziegelhof-liestal.ch\/wp-content\/uploads\/2020\/07\/DSC_0057-300x199.jpeg 300w, https:\/\/ziegelhof-liestal.ch\/wp-content\/uploads\/2020\/07\/DSC_0057-1024x680.jpeg 1024w, https:\/\/ziegelhof-liestal.ch\/wp-content\/uploads\/2020\/07\/DSC_0057-768x510.jpeg 768w, https:\/\/ziegelhof-liestal.ch\/wp-content\/uploads\/2020\/07\/DSC_0057-1536x1020.jpeg 1536w, https:\/\/ziegelhof-liestal.ch\/wp-content\/uploads\/2020\/07\/DSC_0057-2048x1360.jpeg 2048w, https:\/\/ziegelhof-liestal.ch\/wp-content\/uploads\/2020\/07\/DSC_0057-272x182.jpeg 272w\" sizes=\"auto, (max-width: 2560px) 100vw, 2560px\" \/><\/div><div id=\"panel-3850-2-0-1\" class=\"so-panel widget widget_media_image\" data-index=\"3\" ><img loading=\"lazy\" decoding=\"async\" width=\"2560\" height=\"1700\" src=\"https:\/\/ziegelhof-liestal.ch\/wp-content\/uploads\/2020\/07\/DSC_0253-scaled.jpeg\" class=\"image wp-image-3876  attachment-full size-full\" alt=\"\" style=\"max-width: 100%; height: auto;\" srcset=\"https:\/\/ziegelhof-liestal.ch\/wp-content\/uploads\/2020\/07\/DSC_0253-scaled.jpeg 2560w, https:\/\/ziegelhof-liestal.ch\/wp-content\/uploads\/2020\/07\/DSC_0253-300x199.jpeg 300w, https:\/\/ziegelhof-liestal.ch\/wp-content\/uploads\/2020\/07\/DSC_0253-1024x680.jpeg 1024w, https:\/\/ziegelhof-liestal.ch\/wp-content\/uploads\/2020\/07\/DSC_0253-768x510.jpeg 768w, https:\/\/ziegelhof-liestal.ch\/wp-content\/uploads\/2020\/07\/DSC_0253-1536x1020.jpeg 1536w, https:\/\/ziegelhof-liestal.ch\/wp-content\/uploads\/2020\/07\/DSC_0253-2048x1360.jpeg 2048w, https:\/\/ziegelhof-liestal.ch\/wp-content\/uploads\/2020\/07\/DSC_0253-272x182.jpeg 272w\" sizes=\"auto, (max-width: 2560px) 100vw, 2560px\" \/><\/div><div id=\"panel-3850-2-0-2\" class=\"so-panel widget widget_media_image panel-last-child\" data-index=\"4\" ><img loading=\"lazy\" decoding=\"async\" width=\"2560\" height=\"1700\" src=\"https:\/\/ziegelhof-liestal.ch\/wp-content\/uploads\/2020\/07\/DSC_0141-scaled.jpeg\" class=\"image wp-image-3875  attachment-full size-full\" alt=\"\" style=\"max-width: 100%; height: auto;\" srcset=\"https:\/\/ziegelhof-liestal.ch\/wp-content\/uploads\/2020\/07\/DSC_0141-scaled.jpeg 2560w, https:\/\/ziegelhof-liestal.ch\/wp-content\/uploads\/2020\/07\/DSC_0141-300x199.jpeg 300w, https:\/\/ziegelhof-liestal.ch\/wp-content\/uploads\/2020\/07\/DSC_0141-1024x680.jpeg 1024w, https:\/\/ziegelhof-liestal.ch\/wp-content\/uploads\/2020\/07\/DSC_0141-768x510.jpeg 768w, https:\/\/ziegelhof-liestal.ch\/wp-content\/uploads\/2020\/07\/DSC_0141-1536x1020.jpeg 1536w, https:\/\/ziegelhof-liestal.ch\/wp-content\/uploads\/2020\/07\/DSC_0141-2048x1360.jpeg 2048w, https:\/\/ziegelhof-liestal.ch\/wp-content\/uploads\/2020\/07\/DSC_0141-272x182.jpeg 272w\" sizes=\"auto, (max-width: 2560px) 100vw, 2560px\" \/><\/div><\/div><div id=\"pgc-3850-2-1\"  class=\"panel-grid-cell\" ><div id=\"panel-3850-2-1-0\" class=\"so-panel widget widget_sow-editor panel-first-child panel-last-child\" data-index=\"5\" ><div class=\"panel-widget-style panel-widget-style-for-3850-2-1-0\" ><div\n\t\t\t\n\t\t\tclass=\"so-widget-sow-editor so-widget-sow-editor-base\"\n\t\t\t\n\t\t>\n<div class=\"siteorigin-widget-tinymce textwidget\">\n\t<p>Am 24. und 25. Juli 2020 er\u00f6ffnete der Verein Tablesoccer beider Basel die Pforten seines neuen T\u00f6ggeli-Lokals. Mit rund 100 Besucherinnen und Besucher wurde das Lokal und die neuen Tische mit einem ersten kleinen Tischfussball-Turnierli eingeweiht. Die ehemalige Braustube des Ziegelhof Areals wurde in ein neues Gewand gekleidet und ladet von nun an zum Tischfussball ein.\u00a0<\/p>\n<p>Erfahrt hier mehr zur Er\u00f6ffnung:<\/p>\n<p><a href=\"http:\/\/www.tablesoccerbeiderbasel.ch\/blog\/perfekter-start-f\u00fcr-den-tischfusballverein-tablesoccer-beider-basel\">&#8222;Perfekter Start f\u00fcr den Tischfussballverein Tablesoccer beider Basel&#8220;<\/a><\/p>\n<\/div>\n<\/div><\/div><\/div><\/div><\/div><\/div>","protected":false},"excerpt":{"rendered":"<p>ER\u00d6FFNUNG T\u00d6GGELI-LOKAL 24.\/25. JULI TABLESOCCER BEIDER BASEL FEIERTE SEINE ER\u00d6FFNUNG 24. \/ 25. JULI Am 24. und 25. Juli 2020 er\u00f6ffnete der Verein Tablesoccer beider Basel die Pforten seines neuen &#8230;<\/p>\n","protected":false},"author":2,"featured_media":3882,"comment_status":"closed","ping_status":"closed","sticky":false,"template":"","format":"standard","meta":{"inline_featured_image":false,"footnotes":""},"categories":[23],"tags":[],"class_list":["post-3850","post","type-post","status-publish","format-standard","has-post-thumbnail","hentry","category-nutzungen"],"yoast_head":"<!-- This site is optimized with the Yoast SEO plugin v27.5 - https:\/\/yoast.com\/product\/yoast-seo-wordpress\/ -->\n<title>ER\u00d6FFNUNG T\u00d6GGELI-LOKAL | R\u00dcCKBLICK - ZIEGELHOFAREAL<\/title>\n<meta name=\"robots\" content=\"index, follow, max-snippet:-1, max-image-preview:large, max-video-preview:-1\" \/>\n<link rel=\"canonical\" href=\"https:\/\/ziegelhof-liestal.ch\/?p=3850\" \/>\n<meta property=\"og:locale\" content=\"de_DE\" \/>\n<meta property=\"og:type\" content=\"article\" \/>\n<meta property=\"og:title\" content=\"ER\u00d6FFNUNG T\u00d6GGELI-LOKAL | R\u00dcCKBLICK - ZIEGELHOFAREAL\" \/>\n<meta property=\"og:description\" content=\"ER\u00d6FFNUNG T\u00d6GGELI-LOKAL 24.\/25. JULI TABLESOCCER BEIDER BASEL FEIERTE SEINE ER\u00d6FFNUNG 24. \/ 25. JULI Am 24. und 25. Juli 2020 er\u00f6ffnete der Verein Tablesoccer beider Basel die Pforten seines neuen ...\" \/>\n<meta property=\"og:url\" content=\"https:\/\/ziegelhof-liestal.ch\/?p=3850\" \/>\n<meta property=\"og:site_name\" content=\"ZIEGELHOFAREAL\" \/>\n<meta property=\"article:published_time\" content=\"2020-07-29T08:01:46+00:00\" \/>\n<meta property=\"article:modified_time\" content=\"2020-08-06T14:38:58+00:00\" \/>\n<meta property=\"og:image\" content=\"https:\/\/ziegelhof-liestal.ch\/wp-content\/uploads\/2020\/07\/DSC_0108-scaled.jpeg\" \/>\n\t<meta property=\"og:image:width\" content=\"2560\" \/>\n\t<meta property=\"og:image:height\" content=\"1700\" \/>\n\t<meta property=\"og:image:type\" content=\"image\/jpeg\" \/>\n<meta name=\"author\" content=\"Ben Pohl\" \/>\n<meta name=\"twitter:card\" content=\"summary_large_image\" \/>\n<meta name=\"twitter:label1\" content=\"Verfasst von\" \/>\n\t<meta name=\"twitter:data1\" content=\"Ben Pohl\" \/>\n\t<meta name=\"twitter:label2\" content=\"Gesch\u00e4tzte Lesezeit\" \/>\n\t<meta name=\"twitter:data2\" content=\"1\u00a0Minute\" \/>\n<script type=\"application\/ld+json\" class=\"yoast-schema-graph\">{\"@context\":\"https:\\\/\\\/schema.org\",\"@graph\":[{\"@type\":\"Article\",\"@id\":\"https:\\\/\\\/ziegelhof-liestal.ch\\\/?p=3850#article\",\"isPartOf\":{\"@id\":\"https:\\\/\\\/ziegelhof-liestal.ch\\\/?p=3850\"},\"author\":{\"name\":\"Ben Pohl\",\"@id\":\"https:\\\/\\\/ziegelhof-liestal.ch\\\/#\\\/schema\\\/person\\\/162963545808c0e8c0b33a6b6acb2e6e\"},\"headline\":\"ER\u00d6FFNUNG T\u00d6GGELI-LOKAL | R\u00dcCKBLICK\",\"datePublished\":\"2020-07-29T08:01:46+00:00\",\"dateModified\":\"2020-08-06T14:38:58+00:00\",\"mainEntityOfPage\":{\"@id\":\"https:\\\/\\\/ziegelhof-liestal.ch\\\/?p=3850\"},\"wordCount\":120,\"image\":{\"@id\":\"https:\\\/\\\/ziegelhof-liestal.ch\\\/?p=3850#primaryimage\"},\"thumbnailUrl\":\"https:\\\/\\\/ziegelhof-liestal.ch\\\/wp-content\\\/uploads\\\/2020\\\/07\\\/DSC_0108-scaled.jpeg\",\"articleSection\":[\"Nutzungen\"],\"inLanguage\":\"de\"},{\"@type\":\"WebPage\",\"@id\":\"https:\\\/\\\/ziegelhof-liestal.ch\\\/?p=3850\",\"url\":\"https:\\\/\\\/ziegelhof-liestal.ch\\\/?p=3850\",\"name\":\"ER\u00d6FFNUNG T\u00d6GGELI-LOKAL | R\u00dcCKBLICK - ZIEGELHOFAREAL\",\"isPartOf\":{\"@id\":\"https:\\\/\\\/ziegelhof-liestal.ch\\\/#website\"},\"primaryImageOfPage\":{\"@id\":\"https:\\\/\\\/ziegelhof-liestal.ch\\\/?p=3850#primaryimage\"},\"image\":{\"@id\":\"https:\\\/\\\/ziegelhof-liestal.ch\\\/?p=3850#primaryimage\"},\"thumbnailUrl\":\"https:\\\/\\\/ziegelhof-liestal.ch\\\/wp-content\\\/uploads\\\/2020\\\/07\\\/DSC_0108-scaled.jpeg\",\"datePublished\":\"2020-07-29T08:01:46+00:00\",\"dateModified\":\"2020-08-06T14:38:58+00:00\",\"author\":{\"@id\":\"https:\\\/\\\/ziegelhof-liestal.ch\\\/#\\\/schema\\\/person\\\/162963545808c0e8c0b33a6b6acb2e6e\"},\"breadcrumb\":{\"@id\":\"https:\\\/\\\/ziegelhof-liestal.ch\\\/?p=3850#breadcrumb\"},\"inLanguage\":\"de\",\"potentialAction\":[{\"@type\":\"ReadAction\",\"target\":[\"https:\\\/\\\/ziegelhof-liestal.ch\\\/?p=3850\"]}]},{\"@type\":\"ImageObject\",\"inLanguage\":\"de\",\"@id\":\"https:\\\/\\\/ziegelhof-liestal.ch\\\/?p=3850#primaryimage\",\"url\":\"https:\\\/\\\/ziegelhof-liestal.ch\\\/wp-content\\\/uploads\\\/2020\\\/07\\\/DSC_0108-scaled.jpeg\",\"contentUrl\":\"https:\\\/\\\/ziegelhof-liestal.ch\\\/wp-content\\\/uploads\\\/2020\\\/07\\\/DSC_0108-scaled.jpeg\",\"width\":2560,\"height\":1700},{\"@type\":\"BreadcrumbList\",\"@id\":\"https:\\\/\\\/ziegelhof-liestal.ch\\\/?p=3850#breadcrumb\",\"itemListElement\":[{\"@type\":\"ListItem\",\"position\":1,\"name\":\"Startseite\",\"item\":\"https:\\\/\\\/ziegelhof-liestal.ch\\\/\"},{\"@type\":\"ListItem\",\"position\":2,\"name\":\"ER\u00d6FFNUNG T\u00d6GGELI-LOKAL | R\u00dcCKBLICK\"}]},{\"@type\":\"WebSite\",\"@id\":\"https:\\\/\\\/ziegelhof-liestal.ch\\\/#website\",\"url\":\"https:\\\/\\\/ziegelhof-liestal.ch\\\/\",\"name\":\"ZIEGELHOFAREAL\",\"description\":\"\",\"potentialAction\":[{\"@type\":\"SearchAction\",\"target\":{\"@type\":\"EntryPoint\",\"urlTemplate\":\"https:\\\/\\\/ziegelhof-liestal.ch\\\/?s={search_term_string}\"},\"query-input\":{\"@type\":\"PropertyValueSpecification\",\"valueRequired\":true,\"valueName\":\"search_term_string\"}}],\"inLanguage\":\"de\"},{\"@type\":\"Person\",\"@id\":\"https:\\\/\\\/ziegelhof-liestal.ch\\\/#\\\/schema\\\/person\\\/162963545808c0e8c0b33a6b6acb2e6e\",\"name\":\"Ben Pohl\",\"url\":\"https:\\\/\\\/ziegelhof-liestal.ch\\\/?author=2\"}]}<\/script>\n<!-- \/ Yoast SEO plugin. -->","yoast_head_json":{"title":"ER\u00d6FFNUNG T\u00d6GGELI-LOKAL | R\u00dcCKBLICK - ZIEGELHOFAREAL","robots":{"index":"index","follow":"follow","max-snippet":"max-snippet:-1","max-image-preview":"max-image-preview:large","max-video-preview":"max-video-preview:-1"},"canonical":"https:\/\/ziegelhof-liestal.ch\/?p=3850","og_locale":"de_DE","og_type":"article","og_title":"ER\u00d6FFNUNG T\u00d6GGELI-LOKAL | R\u00dcCKBLICK - ZIEGELHOFAREAL","og_description":"ER\u00d6FFNUNG T\u00d6GGELI-LOKAL 24.\/25. JULI TABLESOCCER BEIDER BASEL FEIERTE SEINE ER\u00d6FFNUNG 24. \/ 25. JULI Am 24. und 25. Juli 2020 er\u00f6ffnete der Verein Tablesoccer beider Basel die Pforten seines neuen ...","og_url":"https:\/\/ziegelhof-liestal.ch\/?p=3850","og_site_name":"ZIEGELHOFAREAL","article_published_time":"2020-07-29T08:01:46+00:00","article_modified_time":"2020-08-06T14:38:58+00:00","og_image":[{"width":2560,"height":1700,"url":"https:\/\/ziegelhof-liestal.ch\/wp-content\/uploads\/2020\/07\/DSC_0108-scaled.jpeg","type":"image\/jpeg"}],"author":"Ben Pohl","twitter_card":"summary_large_image","twitter_misc":{"Verfasst von":"Ben Pohl","Gesch\u00e4tzte Lesezeit":"1\u00a0Minute"},"schema":{"@context":"https:\/\/schema.org","@graph":[{"@type":"Article","@id":"https:\/\/ziegelhof-liestal.ch\/?p=3850#article","isPartOf":{"@id":"https:\/\/ziegelhof-liestal.ch\/?p=3850"},"author":{"name":"Ben Pohl","@id":"https:\/\/ziegelhof-liestal.ch\/#\/schema\/person\/162963545808c0e8c0b33a6b6acb2e6e"},"headline":"ER\u00d6FFNUNG T\u00d6GGELI-LOKAL | R\u00dcCKBLICK","datePublished":"2020-07-29T08:01:46+00:00","dateModified":"2020-08-06T14:38:58+00:00","mainEntityOfPage":{"@id":"https:\/\/ziegelhof-liestal.ch\/?p=3850"},"wordCount":120,"image":{"@id":"https:\/\/ziegelhof-liestal.ch\/?p=3850#primaryimage"},"thumbnailUrl":"https:\/\/ziegelhof-liestal.ch\/wp-content\/uploads\/2020\/07\/DSC_0108-scaled.jpeg","articleSection":["Nutzungen"],"inLanguage":"de"},{"@type":"WebPage","@id":"https:\/\/ziegelhof-liestal.ch\/?p=3850","url":"https:\/\/ziegelhof-liestal.ch\/?p=3850","name":"ER\u00d6FFNUNG T\u00d6GGELI-LOKAL | R\u00dcCKBLICK - ZIEGELHOFAREAL","isPartOf":{"@id":"https:\/\/ziegelhof-liestal.ch\/#website"},"primaryImageOfPage":{"@id":"https:\/\/ziegelhof-liestal.ch\/?p=3850#primaryimage"},"image":{"@id":"https:\/\/ziegelhof-liestal.ch\/?p=3850#primaryimage"},"thumbnailUrl":"https:\/\/ziegelhof-liestal.ch\/wp-content\/uploads\/2020\/07\/DSC_0108-scaled.jpeg","datePublished":"2020-07-29T08:01:46+00:00","dateModified":"2020-08-06T14:38:58+00:00","author":{"@id":"https:\/\/ziegelhof-liestal.ch\/#\/schema\/person\/162963545808c0e8c0b33a6b6acb2e6e"},"breadcrumb":{"@id":"https:\/\/ziegelhof-liestal.ch\/?p=3850#breadcrumb"},"inLanguage":"de","potentialAction":[{"@type":"ReadAction","target":["https:\/\/ziegelhof-liestal.ch\/?p=3850"]}]},{"@type":"ImageObject","inLanguage":"de","@id":"https:\/\/ziegelhof-liestal.ch\/?p=3850#primaryimage","url":"https:\/\/ziegelhof-liestal.ch\/wp-content\/uploads\/2020\/07\/DSC_0108-scaled.jpeg","contentUrl":"https:\/\/ziegelhof-liestal.ch\/wp-content\/uploads\/2020\/07\/DSC_0108-scaled.jpeg","width":2560,"height":1700},{"@type":"BreadcrumbList","@id":"https:\/\/ziegelhof-liestal.ch\/?p=3850#breadcrumb","itemListElement":[{"@type":"ListItem","position":1,"name":"Startseite","item":"https:\/\/ziegelhof-liestal.ch\/"},{"@type":"ListItem","position":2,"name":"ER\u00d6FFNUNG T\u00d6GGELI-LOKAL | R\u00dcCKBLICK"}]},{"@type":"WebSite","@id":"https:\/\/ziegelhof-liestal.ch\/#website","url":"https:\/\/ziegelhof-liestal.ch\/","name":"ZIEGELHOFAREAL","description":"","potentialAction":[{"@type":"SearchAction","target":{"@type":"EntryPoint","urlTemplate":"https:\/\/ziegelhof-liestal.ch\/?s={search_term_string}"},"query-input":{"@type":"PropertyValueSpecification","valueRequired":true,"valueName":"search_term_string"}}],"inLanguage":"de"},{"@type":"Person","@id":"https:\/\/ziegelhof-liestal.ch\/#\/schema\/person\/162963545808c0e8c0b33a6b6acb2e6e","name":"Ben Pohl","url":"https:\/\/ziegelhof-liestal.ch\/?author=2"}]}},"_links":{"self":[{"href":"https:\/\/ziegelhof-liestal.ch\/index.php?rest_route=\/wp\/v2\/posts\/3850","targetHints":{"allow":["GET"]}}],"collection":[{"href":"https:\/\/ziegelhof-liestal.ch\/index.php?rest_route=\/wp\/v2\/posts"}],"about":[{"href":"https:\/\/ziegelhof-liestal.ch\/index.php?rest_route=\/wp\/v2\/types\/post"}],"author":[{"embeddable":true,"href":"https:\/\/ziegelhof-liestal.ch\/index.php?rest_route=\/wp\/v2\/users\/2"}],"replies":[{"embeddable":true,"href":"https:\/\/ziegelhof-liestal.ch\/index.php?rest_route=%2Fwp%2Fv2%2Fcomments&post=3850"}],"version-history":[{"count":12,"href":"https:\/\/ziegelhof-liestal.ch\/index.php?rest_route=\/wp\/v2\/posts\/3850\/revisions"}],"predecessor-version":[{"id":3888,"href":"https:\/\/ziegelhof-liestal.ch\/index.php?rest_route=\/wp\/v2\/posts\/3850\/revisions\/3888"}],"wp:featuredmedia":[{"embeddable":true,"href":"https:\/\/ziegelhof-liestal.ch\/index.php?rest_route=\/wp\/v2\/media\/3882"}],"wp:attachment":[{"href":"https:\/\/ziegelhof-liestal.ch\/index.php?rest_route=%2Fwp%2Fv2%2Fmedia&parent=3850"}],"wp:term":[{"taxonomy":"category","embeddable":true,"href":"https:\/\/ziegelhof-liestal.ch\/index.php?rest_route=%2Fwp%2Fv2%2Fcategories&post=3850"},{"taxonomy":"post_tag","embeddable":true,"href":"https:\/\/ziegelhof-liestal.ch\/index.php?rest_route=%2Fwp%2Fv2%2Ftags&post=3850"}],"curies":[{"name":"wp","href":"https:\/\/api.w.org\/{rel}","templated":true}]}}