{"id":3913,"date":"2019-12-26T09:45:33","date_gmt":"2019-12-26T09:45:33","guid":{"rendered":"https:\/\/ziegelhof-liestal.ch\/?p=3913"},"modified":"2020-08-26T09:49:31","modified_gmt":"2020-08-26T09:49:31","slug":"vorgehen-auf-dem-ziegelhof-2016-2019","status":"publish","type":"post","link":"https:\/\/ziegelhof-liestal.ch\/?p=3913","title":{"rendered":"VORGEHEN AUF DEM ZIEGELHOF | 2016-2019"},"content":{"rendered":"<div id=\"pl-3913\"  class=\"panel-layout\" ><div id=\"pg-3913-0\"  class=\"panel-grid panel-has-style\" ><div class=\"so-parallax siteorigin-panels-stretch panel-row-style panel-row-style-for-3913-0\" data-stretch-type=\"full-stretched\" ><img fetchpriority=\"high\" decoding=\"async\" width=\"2835\" height=\"1891\" src=\"https:\/\/ziegelhof-liestal.ch\/wp-content\/uploads\/2016\/10\/DSC07457.jpg\" class=\"attachment-full size-full\" alt=\"\" data-siteorigin-parallax=\"true\" loading=\"eager\" srcset=\"https:\/\/ziegelhof-liestal.ch\/wp-content\/uploads\/2016\/10\/DSC07457.jpg 2835w, https:\/\/ziegelhof-liestal.ch\/wp-content\/uploads\/2016\/10\/DSC07457-300x200.jpg 300w, https:\/\/ziegelhof-liestal.ch\/wp-content\/uploads\/2016\/10\/DSC07457-768x512.jpg 768w, https:\/\/ziegelhof-liestal.ch\/wp-content\/uploads\/2016\/10\/DSC07457-1024x683.jpg 1024w, https:\/\/ziegelhof-liestal.ch\/wp-content\/uploads\/2016\/10\/DSC07457-600x400.jpg 600w, https:\/\/ziegelhof-liestal.ch\/wp-content\/uploads\/2016\/10\/DSC07457-750x500.jpg 750w, https:\/\/ziegelhof-liestal.ch\/wp-content\/uploads\/2016\/10\/DSC07457-50x33.jpg 50w, https:\/\/ziegelhof-liestal.ch\/wp-content\/uploads\/2016\/10\/DSC07457-272x182.jpg 272w\" sizes=\"(max-width: 2835px) 100vw, 2835px\" \/><div id=\"pgc-3913-0-0\"  class=\"panel-grid-cell\" ><div id=\"panel-3913-0-0-0\" class=\"so-panel widget widget_sow-headline panel-first-child panel-last-child\" data-index=\"0\" ><div class=\"panel-widget-style panel-widget-style-for-3913-0-0-0\" ><div\n\t\t\t\n\t\t\tclass=\"so-widget-sow-headline so-widget-sow-headline-default-8fc5436c1158-3913 so-widget-fittext-wrapper\"\n\t\t\t data-fit-text-compressor=\"0.85\"\n\t\t><div class=\"sow-headline-container \">\n\t\t\t\t\t\t\t<h1 class=\"sow-headline\">\n\t\t\t\t\t\tVORGEHEN AUF DEM ZIEGELHOF |2016-2019\t\t\t\t\t\t<\/h1>\n\t\t\t\t\t\t\t\t\t\t\t<div class=\"decoration\">\n\t\t\t\t\t\t<div class=\"decoration-inside\"><\/div>\n\t\t\t\t\t<\/div>\n\t\t\t\t\t<\/div>\n<\/div><\/div><\/div><\/div><\/div><\/div><div id=\"pg-3913-1\"  class=\"panel-grid panel-no-style\" ><div id=\"pgc-3913-1-0\"  class=\"panel-grid-cell\" ><div id=\"panel-3913-1-0-0\" class=\"so-panel widget widget_sow-headline panel-first-child panel-last-child\" data-index=\"1\" ><div\n\t\t\t\n\t\t\tclass=\"so-widget-sow-headline so-widget-sow-headline-default-c3d9102f68a6-3913\"\n\t\t\t\n\t\t><div class=\"sow-headline-container \">\n\t\t\t\t\t\t\t<h1 class=\"sow-headline\">\n\t\t\t\t\t\tVORGEHEN AUF DEM ZIEGELHOF\t\t\t\t\t\t<\/h1>\n\t\t\t\t\t\t\t\t\t\t\t\t<h3 class=\"sow-sub-headline\">\n\t\t\t\t\t\t2016-2019\t\t\t\t\t\t<\/h3>\n\t\t\t\t\t\t<\/div>\n<\/div><\/div><\/div><\/div><div id=\"pg-3913-2\"  class=\"panel-grid panel-no-style\" ><div id=\"pgc-3913-2-0\"  class=\"panel-grid-cell\" ><div id=\"panel-3913-2-0-0\" class=\"so-panel widget widget_sow-editor panel-first-child panel-last-child\" data-index=\"2\" ><div class=\"panel-widget-style panel-widget-style-for-3913-2-0-0\" ><div\n\t\t\t\n\t\t\tclass=\"so-widget-sow-editor so-widget-sow-editor-base\"\n\t\t\t\n\t\t>\n<div class=\"siteorigin-widget-tinymce textwidget\">\n\t<p><span style=\"color: #000000;\">Die Arealentwicklung auf dem Ziegelhof ist kooperativ angelegt. Die Eigent\u00fcmerin CoOpera Immobilien AG beauftragte die Denkstatt mit der Koordination der Umnutzung des Gel\u00e4ndes zu einem neuen Gewerbe-, Wohn- und Freizeitstandort in Liestal. Das Areal liegt an einer wichtigen Schnittstelle zwischen dem \u00abStedtli\u00bb und den Neubaugebieten im Norden und Westen der Stadt. Das Baub\u00fcro in situ organisiert vor Ort die bauliche Umsetzung und begleitet die externen Planungsarbeiten. In dieses Vorgehen werden die bereits ans\u00e4ssigen und zuk\u00fcnftigen Arealnutzerinnen einbezogen. An regelm\u00e4ssigen Stammtischen des Vereins Pro Ziegelhofs k\u00f6nnen interessierte Personen weitere wichtige Inputs geben. Zudem wird damit niederschwellig \u00fcber die anstehenden Entwicklungsschritte informiert.<\/span> <code style=\"display: none;\"><br \/>\n<\/code> <code style=\"display: none;\"><br \/>\n<\/code><\/p>\n\n<p><span style=\"color: #ffffff; background-color: #000000;\">Nutzungskonzept (2015-2016)<\/span> <code style=\"display: none;\"><br \/>\n<\/code><span style=\"color: #000000;\">Eine wichtige Grundlage bildet das partizipativ entwickelte Nutzungskonzept. Dieses entstand Ende April 2016 im Nachgang einer breit angelegten Zukunftskonferenz. Rund 100 Teilnehmende aus der lokalen Kultur-, Politik- und Gewerbeszene, Anwohnerinnen und Anwohner sowie interessierte Personen tauschten sich \u00fcber ihre Ideen und Visionen aus. Diese vielf\u00e4ltigen Zukunftsbilder f\u00fcr eine nachhaltige und identit\u00e4tsstiftende Umnutzung des Ziegelhofareals wurden in einem Bericht zusammengestellt. Daraus erarbeiteten die ProjektentwicklerInnen zusammen mit der Eigent\u00fcmerschaft ein erstes Nutzungskonzept, welches an verschiedenen Stammtischen wiederum der Bev\u00f6lkerung vorgestellt und diskutiert wurde. <\/span><\/p>\n\n<p><span style=\"color: #000000;\"><br \/>\nDas Nutzungskonzept als Resultat der Zukunftskonferenz kann hier angesehen werden: <a href=\"https:\/\/ziegelhof-liestal.ch\/wp-content\/uploads\/2018\/07\/Ziegelhof_Nutzungskonzept_161200.pdf\"><em>Ziegelhof_Nutzungskonzept<\/em><\/a><\/span><\/p>\n<\/div>\n<\/div><\/div><\/div><\/div><div id=\"pgc-3913-2-1\"  class=\"panel-grid-cell\" ><div id=\"panel-3913-2-1-0\" class=\"so-panel widget widget_sow-editor panel-first-child panel-last-child\" data-index=\"3\" ><div\n\t\t\t\n\t\t\tclass=\"so-widget-sow-editor so-widget-sow-editor-base\"\n\t\t\t\n\t\t>\n<div class=\"siteorigin-widget-tinymce textwidget\">\n\t<p><span style=\"color: #ffffff; background-color: #000000;\">Sofortmassnahmen (2016, laufend)<\/span> <code style=\"display: none;\"><\/code><span style=\"color: #000000;\">Nach dem langen Leerstand grosser Arealteile hatte die Sicherung der Bausubstanz erste Priorit\u00e4t; D\u00e4cher wurden abgedichtet und Fenster erneuert. Die Sch\u00e4den an der Infrastruktur wurden durch das Baub\u00fcro in situ eruiert und angegangen. Eine Reihe von Geb\u00e4uden und R\u00e4umen konnte dadurch schnell f\u00fcr Nutzungen zur Verf\u00fcgung gestellt werden (&gt; <em><a href=\"https:\/\/ziegelhof-liestal.ch\/?page_id=1285#nutzerinnen\">Aktuelle Nutzungen<\/a><\/em>). In dieser Startphase wurde auch die \u00f6ffentliche Fussg\u00e4ngerverbindung zwischen der Meyer-Wiggli-Strasse und dem Zeughausplatz wieder aktiviert und ausgestaltet.<\/span><\/p>\n<p><code style=\"display: none;\"><br \/>\n<\/code> <code style=\"display: none;\"><br \/>\n<\/code><span style=\"color: #ffffff; background-color: #000000;\">Neue Quartiersplanung (ab 2017, laufend)<\/span> <code style=\"display: none;\"><\/code><span style=\"color: #000000;\">In Zusammenarbeit mit dem Planungsb\u00fcro Stierli-Ruggli (<em><a href=\"http:\/\/www.stierli-ruggli.ch\">www.stierli-ruggli.ch<\/a><\/em>) wurde im engen Austausch mit den \u00f6ffentlichen Beh\u00f6rden eine, der angestrebten Arealentwicklung angepasste, planerische Grundlage erarbeitet. Dieser neue Quartierplan wurde im Sommer 2018 beim Stadtplanungsamt eingereicht. Der Entscheidungsprozess bis zur Rechtsg\u00fcltigkeit steht noch aus.<\/span><\/p>\n<p><code style=\"display: none;\"><br \/>\n<\/code><code style=\"display: none;\"><br \/>\n<\/code><span style=\"color: #ffffff; background-color: #000000;\">Gewerbefl\u00e4chen entlang der Meyer-Wiggli-Strasse (ab 2018, laufend)<\/span> <code style=\"display: none;\"><\/code><span style=\"color: #000000;\">Entlang der unteren Meyer-Wiggli-Strasse entstehen interessante Fl\u00e4chen f\u00fcr verschiedene Gewerbetreibende und Dienstleistungsanbieter. An dieser Stelle sind ab 2019 unbefristete Nutzungen vorgesehen. Die bauliche Sanierung wird in R\u00fccksprache mit den zuk\u00fcnftigen Endnutzern finalisiert<\/span><\/p>\n<\/div>\n<\/div><\/div><\/div><div id=\"pgc-3913-2-2\"  class=\"panel-grid-cell\" ><div id=\"panel-3913-2-2-0\" class=\"so-panel widget widget_sow-editor panel-first-child panel-last-child\" data-index=\"4\" ><div\n\t\t\t\n\t\t\tclass=\"so-widget-sow-editor so-widget-sow-editor-base\"\n\t\t\t\n\t\t>\n<div class=\"siteorigin-widget-tinymce textwidget\">\n\t<p><span style=\"color: #ffffff; background-color: #000000;\">Eine Boulderhalle in der alten Abf\u00fcllhalle (2018-2019)<\/span><code style=\"display: none;\"><\/code><span style=\"color: #000000;\"> Die ehemalige Abf\u00fcllhalle wurde bis zum Ende des Jahres 2018 durch verschiedene Events tempor\u00e4r bespielt. Im Jahr 2019 entsteht aus der alten Abf\u00fcllhalle eine neue Boulderhalle f\u00fcr die Liestaler Bev\u00f6lkerung. Daf\u00fcr muss das Geb\u00e4ude saniert und energetisch ert\u00fcchtigt werden. Auf dem Dach ist eine neue Solaranlage geplant. Im Austausch mit der zuk\u00fcnftigen Nutzerschaft laufen zurzeit die daf\u00fcr notwendigen Abkl\u00e4rungen. <\/span><span style=\"color: #000000;\"><em><a href=\"https:\/\/hebdi.rocks\/\">&gt; Hebdi &#8211; Boulderhalle in Liestal<\/a><\/em><br \/><\/span><\/p>\n<p><code style=\"display: none;\"><br \/>\n<\/code><code style=\"display: none;\"><br \/>\n<\/code><span style=\"color: #ffffff; background-color: #000000;\">Brauerei-Geb\u00e4ude am Zeughausplatz (zuk\u00fcnftig)<\/span> <code style=\"display: none;\"><\/code><span style=\"color: #000000;\">Die ehemaligen Brauerei-Geb\u00e4ude zwischen Meyer-Wiggli-Strasse und dem Zeughausplatz m\u00fcssen in einem ersten Schritt von baulichen Schadstoffen gereinigt werden. Weitere Entwicklungsschritte k\u00f6nnen erst danach konkret in Angriff genommen werden. Die eingebrachten Visionen skizieren eine abwechslungsreiche Nutzung mit Gewerbe und Dienstleistungen in den ebenerdigen Etagen sowie verschiedene B\u00fcro- und Wohnnutzungen in den dar\u00fcber liegenden Stockwerken. Auch die Wiederbelebung der alten Braustube durch eine kleine Schaubrauerei wurde als Idee verankert. Bereits heute wird ein erster Raum am Zeughausplatz (Nagelstudio) regelm\u00e4ssig genutzt.<\/span><\/p>\n<p><code style=\"display: none;\"><br \/>\n<\/code><code style=\"display: none;\"><br \/>\n<\/code><span style=\"color: #ffffff; background-color: #000000;\">Neubau (zuk\u00fcnftig)<\/span> <code style=\"display: none;\"><\/code><span style=\"color: #000000;\">Im neu erarbeiteten Quartierplan ist ein Neubau im oberen Teil der Meyer-Wiggli-Strasse vorgesehen. Ein neuer Bauk\u00f6rper an dieser Stelle bildet die Chance das vorhandene Potential der Bestandsbauten sinnvoll zu erg\u00e4nzen. Hier k\u00f6nnen nach Bedarf weitere Fl\u00e4chen f\u00fcr gewerbliche Nutzung oder zus\u00e4tzlicher Wohnraum sowie unterirdische Parkpl\u00e4tze entstehen. Es laufen bereits erste Abkl\u00e4rungen zur zuk\u00fcnftigen Nutzung, so dass die Neubauplanung auf spezifische Bed\u00fcrfnisse ausgerichtet werden kann.<\/span><\/p>\n<\/div>\n<\/div><\/div><\/div><\/div><\/div>","protected":false},"excerpt":{"rendered":"<p>VORGEHEN AUF DEM ZIEGELHOF |2016-2019 VORGEHEN AUF DEM ZIEGELHOF 2016-2019 Die Arealentwicklung auf dem Ziegelhof ist kooperativ angelegt. Die Eigent\u00fcmerin CoOpera Immobilien AG beauftragte die Denkstatt mit der Koordination der &#8230;<\/p>\n","protected":false},"author":2,"featured_media":708,"comment_status":"closed","ping_status":"closed","sticky":false,"template":"","format":"standard","meta":{"inline_featured_image":false,"footnotes":""},"categories":[8],"tags":[],"class_list":["post-3913","post","type-post","status-publish","format-standard","has-post-thumbnail","hentry","category-arealentwicklung"],"yoast_head":"<!-- This site is optimized with the Yoast SEO plugin v27.5 - https:\/\/yoast.com\/product\/yoast-seo-wordpress\/ -->\n<title>VORGEHEN AUF DEM ZIEGELHOF | 2016-2019 - ZIEGELHOFAREAL<\/title>\n<meta name=\"robots\" content=\"index, follow, max-snippet:-1, max-image-preview:large, max-video-preview:-1\" \/>\n<link rel=\"canonical\" href=\"https:\/\/ziegelhof-liestal.ch\/?p=3913\" \/>\n<meta property=\"og:locale\" content=\"de_DE\" \/>\n<meta property=\"og:type\" content=\"article\" \/>\n<meta property=\"og:title\" content=\"VORGEHEN AUF DEM ZIEGELHOF | 2016-2019 - ZIEGELHOFAREAL\" \/>\n<meta property=\"og:description\" content=\"VORGEHEN AUF DEM ZIEGELHOF |2016-2019 VORGEHEN AUF DEM ZIEGELHOF 2016-2019 Die Arealentwicklung auf dem Ziegelhof ist kooperativ angelegt. Die Eigent\u00fcmerin CoOpera Immobilien AG beauftragte die Denkstatt mit der Koordination der ...\" \/>\n<meta property=\"og:url\" content=\"https:\/\/ziegelhof-liestal.ch\/?p=3913\" \/>\n<meta property=\"og:site_name\" content=\"ZIEGELHOFAREAL\" \/>\n<meta property=\"article:published_time\" content=\"2019-12-26T09:45:33+00:00\" \/>\n<meta property=\"article:modified_time\" content=\"2020-08-26T09:49:31+00:00\" \/>\n<meta property=\"og:image\" content=\"https:\/\/ziegelhof-liestal.ch\/wp-content\/uploads\/2016\/11\/161123-Visu-Zukunft-Color-lh.jpg\" \/>\n\t<meta property=\"og:image:width\" content=\"1945\" \/>\n\t<meta property=\"og:image:height\" content=\"1375\" \/>\n\t<meta property=\"og:image:type\" content=\"image\/jpeg\" \/>\n<meta name=\"author\" content=\"Ben Pohl\" \/>\n<meta name=\"twitter:card\" content=\"summary_large_image\" \/>\n<meta name=\"twitter:label1\" content=\"Verfasst von\" \/>\n\t<meta name=\"twitter:data1\" content=\"Ben Pohl\" \/>\n\t<meta name=\"twitter:label2\" content=\"Gesch\u00e4tzte Lesezeit\" \/>\n\t<meta name=\"twitter:data2\" content=\"3\u00a0Minuten\" \/>\n<script type=\"application\/ld+json\" class=\"yoast-schema-graph\">{\"@context\":\"https:\\\/\\\/schema.org\",\"@graph\":[{\"@type\":\"Article\",\"@id\":\"https:\\\/\\\/ziegelhof-liestal.ch\\\/?p=3913#article\",\"isPartOf\":{\"@id\":\"https:\\\/\\\/ziegelhof-liestal.ch\\\/?p=3913\"},\"author\":{\"name\":\"Ben Pohl\",\"@id\":\"https:\\\/\\\/ziegelhof-liestal.ch\\\/#\\\/schema\\\/person\\\/162963545808c0e8c0b33a6b6acb2e6e\"},\"headline\":\"VORGEHEN AUF DEM ZIEGELHOF | 2016-2019\",\"datePublished\":\"2019-12-26T09:45:33+00:00\",\"dateModified\":\"2020-08-26T09:49:31+00:00\",\"mainEntityOfPage\":{\"@id\":\"https:\\\/\\\/ziegelhof-liestal.ch\\\/?p=3913\"},\"wordCount\":648,\"image\":{\"@id\":\"https:\\\/\\\/ziegelhof-liestal.ch\\\/?p=3913#primaryimage\"},\"thumbnailUrl\":\"https:\\\/\\\/ziegelhof-liestal.ch\\\/wp-content\\\/uploads\\\/2016\\\/11\\\/161123-Visu-Zukunft-Color-lh.jpg\",\"articleSection\":[\"Arealentwicklung\"],\"inLanguage\":\"de\"},{\"@type\":\"WebPage\",\"@id\":\"https:\\\/\\\/ziegelhof-liestal.ch\\\/?p=3913\",\"url\":\"https:\\\/\\\/ziegelhof-liestal.ch\\\/?p=3913\",\"name\":\"VORGEHEN AUF DEM ZIEGELHOF | 2016-2019 - ZIEGELHOFAREAL\",\"isPartOf\":{\"@id\":\"https:\\\/\\\/ziegelhof-liestal.ch\\\/#website\"},\"primaryImageOfPage\":{\"@id\":\"https:\\\/\\\/ziegelhof-liestal.ch\\\/?p=3913#primaryimage\"},\"image\":{\"@id\":\"https:\\\/\\\/ziegelhof-liestal.ch\\\/?p=3913#primaryimage\"},\"thumbnailUrl\":\"https:\\\/\\\/ziegelhof-liestal.ch\\\/wp-content\\\/uploads\\\/2016\\\/11\\\/161123-Visu-Zukunft-Color-lh.jpg\",\"datePublished\":\"2019-12-26T09:45:33+00:00\",\"dateModified\":\"2020-08-26T09:49:31+00:00\",\"author\":{\"@id\":\"https:\\\/\\\/ziegelhof-liestal.ch\\\/#\\\/schema\\\/person\\\/162963545808c0e8c0b33a6b6acb2e6e\"},\"breadcrumb\":{\"@id\":\"https:\\\/\\\/ziegelhof-liestal.ch\\\/?p=3913#breadcrumb\"},\"inLanguage\":\"de\",\"potentialAction\":[{\"@type\":\"ReadAction\",\"target\":[\"https:\\\/\\\/ziegelhof-liestal.ch\\\/?p=3913\"]}]},{\"@type\":\"ImageObject\",\"inLanguage\":\"de\",\"@id\":\"https:\\\/\\\/ziegelhof-liestal.ch\\\/?p=3913#primaryimage\",\"url\":\"https:\\\/\\\/ziegelhof-liestal.ch\\\/wp-content\\\/uploads\\\/2016\\\/11\\\/161123-Visu-Zukunft-Color-lh.jpg\",\"contentUrl\":\"https:\\\/\\\/ziegelhof-liestal.ch\\\/wp-content\\\/uploads\\\/2016\\\/11\\\/161123-Visu-Zukunft-Color-lh.jpg\",\"width\":1945,\"height\":1375},{\"@type\":\"BreadcrumbList\",\"@id\":\"https:\\\/\\\/ziegelhof-liestal.ch\\\/?p=3913#breadcrumb\",\"itemListElement\":[{\"@type\":\"ListItem\",\"position\":1,\"name\":\"Startseite\",\"item\":\"https:\\\/\\\/ziegelhof-liestal.ch\\\/\"},{\"@type\":\"ListItem\",\"position\":2,\"name\":\"VORGEHEN AUF DEM ZIEGELHOF | 2016-2019\"}]},{\"@type\":\"WebSite\",\"@id\":\"https:\\\/\\\/ziegelhof-liestal.ch\\\/#website\",\"url\":\"https:\\\/\\\/ziegelhof-liestal.ch\\\/\",\"name\":\"ZIEGELHOFAREAL\",\"description\":\"\",\"potentialAction\":[{\"@type\":\"SearchAction\",\"target\":{\"@type\":\"EntryPoint\",\"urlTemplate\":\"https:\\\/\\\/ziegelhof-liestal.ch\\\/?s={search_term_string}\"},\"query-input\":{\"@type\":\"PropertyValueSpecification\",\"valueRequired\":true,\"valueName\":\"search_term_string\"}}],\"inLanguage\":\"de\"},{\"@type\":\"Person\",\"@id\":\"https:\\\/\\\/ziegelhof-liestal.ch\\\/#\\\/schema\\\/person\\\/162963545808c0e8c0b33a6b6acb2e6e\",\"name\":\"Ben Pohl\",\"url\":\"https:\\\/\\\/ziegelhof-liestal.ch\\\/?author=2\"}]}<\/script>\n<!-- \/ Yoast SEO plugin. -->","yoast_head_json":{"title":"VORGEHEN AUF DEM ZIEGELHOF | 2016-2019 - ZIEGELHOFAREAL","robots":{"index":"index","follow":"follow","max-snippet":"max-snippet:-1","max-image-preview":"max-image-preview:large","max-video-preview":"max-video-preview:-1"},"canonical":"https:\/\/ziegelhof-liestal.ch\/?p=3913","og_locale":"de_DE","og_type":"article","og_title":"VORGEHEN AUF DEM ZIEGELHOF | 2016-2019 - ZIEGELHOFAREAL","og_description":"VORGEHEN AUF DEM ZIEGELHOF |2016-2019 VORGEHEN AUF DEM ZIEGELHOF 2016-2019 Die Arealentwicklung auf dem Ziegelhof ist kooperativ angelegt. Die Eigent\u00fcmerin CoOpera Immobilien AG beauftragte die Denkstatt mit der Koordination der ...","og_url":"https:\/\/ziegelhof-liestal.ch\/?p=3913","og_site_name":"ZIEGELHOFAREAL","article_published_time":"2019-12-26T09:45:33+00:00","article_modified_time":"2020-08-26T09:49:31+00:00","og_image":[{"width":1945,"height":1375,"url":"https:\/\/ziegelhof-liestal.ch\/wp-content\/uploads\/2016\/11\/161123-Visu-Zukunft-Color-lh.jpg","type":"image\/jpeg"}],"author":"Ben Pohl","twitter_card":"summary_large_image","twitter_misc":{"Verfasst von":"Ben Pohl","Gesch\u00e4tzte Lesezeit":"3\u00a0Minuten"},"schema":{"@context":"https:\/\/schema.org","@graph":[{"@type":"Article","@id":"https:\/\/ziegelhof-liestal.ch\/?p=3913#article","isPartOf":{"@id":"https:\/\/ziegelhof-liestal.ch\/?p=3913"},"author":{"name":"Ben Pohl","@id":"https:\/\/ziegelhof-liestal.ch\/#\/schema\/person\/162963545808c0e8c0b33a6b6acb2e6e"},"headline":"VORGEHEN AUF DEM ZIEGELHOF | 2016-2019","datePublished":"2019-12-26T09:45:33+00:00","dateModified":"2020-08-26T09:49:31+00:00","mainEntityOfPage":{"@id":"https:\/\/ziegelhof-liestal.ch\/?p=3913"},"wordCount":648,"image":{"@id":"https:\/\/ziegelhof-liestal.ch\/?p=3913#primaryimage"},"thumbnailUrl":"https:\/\/ziegelhof-liestal.ch\/wp-content\/uploads\/2016\/11\/161123-Visu-Zukunft-Color-lh.jpg","articleSection":["Arealentwicklung"],"inLanguage":"de"},{"@type":"WebPage","@id":"https:\/\/ziegelhof-liestal.ch\/?p=3913","url":"https:\/\/ziegelhof-liestal.ch\/?p=3913","name":"VORGEHEN AUF DEM ZIEGELHOF | 2016-2019 - ZIEGELHOFAREAL","isPartOf":{"@id":"https:\/\/ziegelhof-liestal.ch\/#website"},"primaryImageOfPage":{"@id":"https:\/\/ziegelhof-liestal.ch\/?p=3913#primaryimage"},"image":{"@id":"https:\/\/ziegelhof-liestal.ch\/?p=3913#primaryimage"},"thumbnailUrl":"https:\/\/ziegelhof-liestal.ch\/wp-content\/uploads\/2016\/11\/161123-Visu-Zukunft-Color-lh.jpg","datePublished":"2019-12-26T09:45:33+00:00","dateModified":"2020-08-26T09:49:31+00:00","author":{"@id":"https:\/\/ziegelhof-liestal.ch\/#\/schema\/person\/162963545808c0e8c0b33a6b6acb2e6e"},"breadcrumb":{"@id":"https:\/\/ziegelhof-liestal.ch\/?p=3913#breadcrumb"},"inLanguage":"de","potentialAction":[{"@type":"ReadAction","target":["https:\/\/ziegelhof-liestal.ch\/?p=3913"]}]},{"@type":"ImageObject","inLanguage":"de","@id":"https:\/\/ziegelhof-liestal.ch\/?p=3913#primaryimage","url":"https:\/\/ziegelhof-liestal.ch\/wp-content\/uploads\/2016\/11\/161123-Visu-Zukunft-Color-lh.jpg","contentUrl":"https:\/\/ziegelhof-liestal.ch\/wp-content\/uploads\/2016\/11\/161123-Visu-Zukunft-Color-lh.jpg","width":1945,"height":1375},{"@type":"BreadcrumbList","@id":"https:\/\/ziegelhof-liestal.ch\/?p=3913#breadcrumb","itemListElement":[{"@type":"ListItem","position":1,"name":"Startseite","item":"https:\/\/ziegelhof-liestal.ch\/"},{"@type":"ListItem","position":2,"name":"VORGEHEN AUF DEM ZIEGELHOF | 2016-2019"}]},{"@type":"WebSite","@id":"https:\/\/ziegelhof-liestal.ch\/#website","url":"https:\/\/ziegelhof-liestal.ch\/","name":"ZIEGELHOFAREAL","description":"","potentialAction":[{"@type":"SearchAction","target":{"@type":"EntryPoint","urlTemplate":"https:\/\/ziegelhof-liestal.ch\/?s={search_term_string}"},"query-input":{"@type":"PropertyValueSpecification","valueRequired":true,"valueName":"search_term_string"}}],"inLanguage":"de"},{"@type":"Person","@id":"https:\/\/ziegelhof-liestal.ch\/#\/schema\/person\/162963545808c0e8c0b33a6b6acb2e6e","name":"Ben Pohl","url":"https:\/\/ziegelhof-liestal.ch\/?author=2"}]}},"_links":{"self":[{"href":"https:\/\/ziegelhof-liestal.ch\/index.php?rest_route=\/wp\/v2\/posts\/3913","targetHints":{"allow":["GET"]}}],"collection":[{"href":"https:\/\/ziegelhof-liestal.ch\/index.php?rest_route=\/wp\/v2\/posts"}],"about":[{"href":"https:\/\/ziegelhof-liestal.ch\/index.php?rest_route=\/wp\/v2\/types\/post"}],"author":[{"embeddable":true,"href":"https:\/\/ziegelhof-liestal.ch\/index.php?rest_route=\/wp\/v2\/users\/2"}],"replies":[{"embeddable":true,"href":"https:\/\/ziegelhof-liestal.ch\/index.php?rest_route=%2Fwp%2Fv2%2Fcomments&post=3913"}],"version-history":[{"count":4,"href":"https:\/\/ziegelhof-liestal.ch\/index.php?rest_route=\/wp\/v2\/posts\/3913\/revisions"}],"predecessor-version":[{"id":3917,"href":"https:\/\/ziegelhof-liestal.ch\/index.php?rest_route=\/wp\/v2\/posts\/3913\/revisions\/3917"}],"wp:featuredmedia":[{"embeddable":true,"href":"https:\/\/ziegelhof-liestal.ch\/index.php?rest_route=\/wp\/v2\/media\/708"}],"wp:attachment":[{"href":"https:\/\/ziegelhof-liestal.ch\/index.php?rest_route=%2Fwp%2Fv2%2Fmedia&parent=3913"}],"wp:term":[{"taxonomy":"category","embeddable":true,"href":"https:\/\/ziegelhof-liestal.ch\/index.php?rest_route=%2Fwp%2Fv2%2Fcategories&post=3913"},{"taxonomy":"post_tag","embeddable":true,"href":"https:\/\/ziegelhof-liestal.ch\/index.php?rest_route=%2Fwp%2Fv2%2Ftags&post=3913"}],"curies":[{"name":"wp","href":"https:\/\/api.w.org\/{rel}","templated":true}]}}