{"id":4446,"date":"2021-12-20T11:11:17","date_gmt":"2021-12-20T11:11:17","guid":{"rendered":"https:\/\/ziegelhof-liestal.ch\/?p=4446"},"modified":"2021-12-20T12:11:14","modified_gmt":"2021-12-20T12:11:14","slug":"unser-bier-eroeffnung-spezialitaetenbrauerei","status":"publish","type":"post","link":"https:\/\/ziegelhof-liestal.ch\/?p=4446","title":{"rendered":"UNSER BIER | ER\u00d6FFNUNG SPEZIALIT\u00c4TENBRAUEREI"},"content":{"rendered":"<div id=\"pl-4446\"  class=\"panel-layout\" ><div id=\"pg-4446-0\"  class=\"panel-grid panel-has-style\" ><div class=\"so-parallax siteorigin-panels-stretch panel-row-style panel-row-style-for-4446-0\" data-stretch-type=\"full-stretched\" ><img fetchpriority=\"high\" decoding=\"async\" width=\"2835\" height=\"1891\" src=\"https:\/\/ziegelhof-liestal.ch\/wp-content\/uploads\/2016\/10\/DSC07457.jpg\" class=\"attachment-full size-full\" alt=\"\" data-siteorigin-parallax=\"true\" loading=\"eager\" srcset=\"https:\/\/ziegelhof-liestal.ch\/wp-content\/uploads\/2016\/10\/DSC07457.jpg 2835w, https:\/\/ziegelhof-liestal.ch\/wp-content\/uploads\/2016\/10\/DSC07457-300x200.jpg 300w, https:\/\/ziegelhof-liestal.ch\/wp-content\/uploads\/2016\/10\/DSC07457-768x512.jpg 768w, https:\/\/ziegelhof-liestal.ch\/wp-content\/uploads\/2016\/10\/DSC07457-1024x683.jpg 1024w, https:\/\/ziegelhof-liestal.ch\/wp-content\/uploads\/2016\/10\/DSC07457-600x400.jpg 600w, https:\/\/ziegelhof-liestal.ch\/wp-content\/uploads\/2016\/10\/DSC07457-750x500.jpg 750w, https:\/\/ziegelhof-liestal.ch\/wp-content\/uploads\/2016\/10\/DSC07457-50x33.jpg 50w, https:\/\/ziegelhof-liestal.ch\/wp-content\/uploads\/2016\/10\/DSC07457-272x182.jpg 272w\" sizes=\"(max-width: 2835px) 100vw, 2835px\" \/><div id=\"pgc-4446-0-0\"  class=\"panel-grid-cell\" ><div id=\"panel-4446-0-0-0\" class=\"so-panel widget widget_sow-headline panel-first-child panel-last-child\" data-index=\"0\" ><div class=\"panel-widget-style panel-widget-style-for-4446-0-0-0\" ><div\n\t\t\t\n\t\t\tclass=\"so-widget-sow-headline so-widget-sow-headline-default-8fc5436c1158-4446 so-widget-fittext-wrapper\"\n\t\t\t data-fit-text-compressor=\"0.85\"\n\t\t><div class=\"sow-headline-container \">\n\t\t\t\t\t\t\t<h1 class=\"sow-headline\">\n\t\t\t\t\t\tUNSER BIER | ER\u00d6FFNUNG SPEZIALIT\u00c4TENBRAUEREI\t\t\t\t\t\t<\/h1>\n\t\t\t\t\t\t\t\t\t\t\t<div class=\"decoration\">\n\t\t\t\t\t\t<div class=\"decoration-inside\"><\/div>\n\t\t\t\t\t<\/div>\n\t\t\t\t\t<\/div>\n<\/div><\/div><\/div><\/div><\/div><\/div><div id=\"pg-4446-1\"  class=\"panel-grid panel-no-style\" ><div id=\"pgc-4446-1-0\"  class=\"panel-grid-cell\" ><div id=\"panel-4446-1-0-0\" class=\"so-panel widget widget_sow-headline panel-first-child panel-last-child\" data-index=\"1\" ><div\n\t\t\t\n\t\t\tclass=\"so-widget-sow-headline so-widget-sow-headline-default-c3d9102f68a6-4446\"\n\t\t\t\n\t\t><div class=\"sow-headline-container \">\n\t\t\t\t\t\t\t<h1 class=\"sow-headline\">\n\t\t\t\t\t\tDAS ERSTE BIER IST ABGEF\u00dcLLT\t\t\t\t\t\t<\/h1>\n\t\t\t\t\t\t<\/div>\n<\/div><\/div><\/div><\/div><div id=\"pg-4446-2\"  class=\"panel-grid panel-no-style\" ><div id=\"pgc-4446-2-0\"  class=\"panel-grid-cell\" ><div id=\"panel-4446-2-0-0\" class=\"so-panel widget widget_sow-editor panel-first-child panel-last-child\" data-index=\"2\" ><div\n\t\t\t\n\t\t\tclass=\"so-widget-sow-editor so-widget-sow-editor-base\"\n\t\t\t\n\t\t>\n<div class=\"siteorigin-widget-tinymce textwidget\">\n\t<p><img loading=\"lazy\" decoding=\"async\" class=\"alignnone size-medium wp-image-4447\" src=\"https:\/\/ziegelhof-liestal.ch\/wp-content\/uploads\/2021\/12\/Bildschirmfoto-2021-12-14-um-15.41.34-165x300.png\" alt=\"\" width=\"165\" height=\"300\" srcset=\"https:\/\/ziegelhof-liestal.ch\/wp-content\/uploads\/2021\/12\/Bildschirmfoto-2021-12-14-um-15.41.34-165x300.png 165w, https:\/\/ziegelhof-liestal.ch\/wp-content\/uploads\/2021\/12\/Bildschirmfoto-2021-12-14-um-15.41.34-565x1024.png 565w, https:\/\/ziegelhof-liestal.ch\/wp-content\/uploads\/2021\/12\/Bildschirmfoto-2021-12-14-um-15.41.34-768x1392.png 768w, https:\/\/ziegelhof-liestal.ch\/wp-content\/uploads\/2021\/12\/Bildschirmfoto-2021-12-14-um-15.41.34-847x1536.png 847w, https:\/\/ziegelhof-liestal.ch\/wp-content\/uploads\/2021\/12\/Bildschirmfoto-2021-12-14-um-15.41.34.png 1016w\" sizes=\"auto, (max-width: 165px) 100vw, 165px\" \/><\/p>\n<\/div>\n<\/div><\/div><\/div><div id=\"pgc-4446-2-1\"  class=\"panel-grid-cell\" ><div id=\"panel-4446-2-1-0\" class=\"so-panel widget widget_sow-editor panel-first-child panel-last-child\" data-index=\"3\" ><div class=\"panel-widget-style panel-widget-style-for-4446-2-1-0\" ><div\n\t\t\t\n\t\t\tclass=\"so-widget-sow-editor so-widget-sow-editor-base\"\n\t\t\t\n\t\t>\n<div class=\"siteorigin-widget-tinymce textwidget\">\n\t<p>Am 15.12. er\u00f6ffnete Unser Bier die Spezialit\u00e4tenbrauerei auf dem Ziegelhof.<\/p>\n<p>Hier zwei Beitr\u00e4ge zur Er\u00f6ffnung:<\/p>\n<p><a href=\"https:\/\/telebasel.ch\/2021\/12\/16\/unser-bier-braut-jetzt-auch-in-liestal\/?channel=8950\">https:\/\/telebasel.ch\/2021\/12\/16\/unser-bier-braut-jetzt-auch-in-liestal\/?channel=8950<\/a><\/p>\n<p><a href=\"https:\/\/www.bzbasel.ch\/basel\/baselland\/unser-bier-im-liestaler-ziegelhof-fliesst-wieder-gerstensaft-ld.2228338\">https:\/\/www.bzbasel.ch\/basel\/baselland\/unser-bier-im-liestaler-ziegelhof-fliesst-wieder-gerstensaft-ld.2228338<\/a><\/p>\n<p>&nbsp;<\/p>\n<\/div>\n<\/div><\/div><\/div><\/div><\/div><\/div>","protected":false},"excerpt":{"rendered":"<p>UNSER BIER | ER\u00d6FFNUNG SPEZIALIT\u00c4TENBRAUEREI DAS ERSTE BIER IST ABGEF\u00dcLLT Am 15.12. er\u00f6ffnete Unser Bier die Spezialit\u00e4tenbrauerei auf dem Ziegelhof. Hier zwei Beitr\u00e4ge zur Er\u00f6ffnung: https:\/\/telebasel.ch\/2021\/12\/16\/unser-bier-braut-jetzt-auch-in-liestal\/?channel=8950 https:\/\/www.bzbasel.ch\/basel\/baselland\/unser-bier-im-liestaler-ziegelhof-fliesst-wieder-gerstensaft-ld.2228338 &nbsp;<\/p>\n","protected":false},"author":10,"featured_media":4450,"comment_status":"closed","ping_status":"closed","sticky":false,"template":"","format":"standard","meta":{"inline_featured_image":false,"footnotes":""},"categories":[8,7,23],"tags":[],"class_list":["post-4446","post","type-post","status-publish","format-standard","has-post-thumbnail","hentry","category-arealentwicklung","category-bierkultur","category-nutzungen"],"yoast_head":"<!-- This site is optimized with the Yoast SEO plugin v27.5 - https:\/\/yoast.com\/product\/yoast-seo-wordpress\/ -->\n<title>UNSER BIER | ER\u00d6FFNUNG SPEZIALIT\u00c4TENBRAUEREI - ZIEGELHOFAREAL<\/title>\n<meta name=\"robots\" content=\"index, follow, max-snippet:-1, max-image-preview:large, max-video-preview:-1\" \/>\n<link rel=\"canonical\" href=\"https:\/\/ziegelhof-liestal.ch\/?p=4446\" \/>\n<meta property=\"og:locale\" content=\"de_DE\" \/>\n<meta property=\"og:type\" content=\"article\" \/>\n<meta property=\"og:title\" content=\"UNSER BIER | ER\u00d6FFNUNG SPEZIALIT\u00c4TENBRAUEREI - ZIEGELHOFAREAL\" \/>\n<meta property=\"og:description\" content=\"UNSER BIER | ER\u00d6FFNUNG SPEZIALIT\u00c4TENBRAUEREI DAS ERSTE BIER IST ABGEF\u00dcLLT Am 15.12. er\u00f6ffnete Unser Bier die Spezialit\u00e4tenbrauerei auf dem Ziegelhof. Hier zwei Beitr\u00e4ge zur Er\u00f6ffnung: https:\/\/telebasel.ch\/2021\/12\/16\/unser-bier-braut-jetzt-auch-in-liestal\/?channel=8950 https:\/\/www.bzbasel.ch\/basel\/baselland\/unser-bier-im-liestaler-ziegelhof-fliesst-wieder-gerstensaft-ld.2228338 &nbsp;\" \/>\n<meta property=\"og:url\" content=\"https:\/\/ziegelhof-liestal.ch\/?p=4446\" \/>\n<meta property=\"og:site_name\" content=\"ZIEGELHOFAREAL\" \/>\n<meta property=\"article:published_time\" content=\"2021-12-20T11:11:17+00:00\" \/>\n<meta property=\"article:modified_time\" content=\"2021-12-20T12:11:14+00:00\" \/>\n<meta property=\"og:image\" content=\"https:\/\/ziegelhof-liestal.ch\/wp-content\/uploads\/2021\/12\/Bildschirmfoto-2021-12-14-um-15.39.47-1024x682.png\" \/>\n\t<meta property=\"og:image:width\" content=\"1024\" \/>\n\t<meta property=\"og:image:height\" content=\"682\" \/>\n\t<meta property=\"og:image:type\" content=\"image\/png\" \/>\n<meta name=\"author\" content=\"Anna Nemeth\" \/>\n<meta name=\"twitter:card\" content=\"summary_large_image\" \/>\n<meta name=\"twitter:label1\" content=\"Verfasst von\" \/>\n\t<meta name=\"twitter:data1\" content=\"Anna Nemeth\" \/>\n\t<meta name=\"twitter:label2\" content=\"Gesch\u00e4tzte Lesezeit\" \/>\n\t<meta name=\"twitter:data2\" content=\"1\u00a0Minute\" \/>\n<script type=\"application\/ld+json\" class=\"yoast-schema-graph\">{\"@context\":\"https:\\\/\\\/schema.org\",\"@graph\":[{\"@type\":\"Article\",\"@id\":\"https:\\\/\\\/ziegelhof-liestal.ch\\\/?p=4446#article\",\"isPartOf\":{\"@id\":\"https:\\\/\\\/ziegelhof-liestal.ch\\\/?p=4446\"},\"author\":{\"name\":\"Anna Nemeth\",\"@id\":\"https:\\\/\\\/ziegelhof-liestal.ch\\\/#\\\/schema\\\/person\\\/03c4a504836293e131963d639b01f378\"},\"headline\":\"UNSER BIER | ER\u00d6FFNUNG SPEZIALIT\u00c4TENBRAUEREI\",\"datePublished\":\"2021-12-20T11:11:17+00:00\",\"dateModified\":\"2021-12-20T12:11:14+00:00\",\"mainEntityOfPage\":{\"@id\":\"https:\\\/\\\/ziegelhof-liestal.ch\\\/?p=4446\"},\"wordCount\":55,\"image\":{\"@id\":\"https:\\\/\\\/ziegelhof-liestal.ch\\\/?p=4446#primaryimage\"},\"thumbnailUrl\":\"https:\\\/\\\/ziegelhof-liestal.ch\\\/wp-content\\\/uploads\\\/2021\\\/12\\\/Bildschirmfoto-2021-12-14-um-15.39.47.png\",\"articleSection\":[\"Arealentwicklung\",\"Bierkultur\",\"Nutzungen\"],\"inLanguage\":\"de\"},{\"@type\":\"WebPage\",\"@id\":\"https:\\\/\\\/ziegelhof-liestal.ch\\\/?p=4446\",\"url\":\"https:\\\/\\\/ziegelhof-liestal.ch\\\/?p=4446\",\"name\":\"UNSER BIER | ER\u00d6FFNUNG SPEZIALIT\u00c4TENBRAUEREI - ZIEGELHOFAREAL\",\"isPartOf\":{\"@id\":\"https:\\\/\\\/ziegelhof-liestal.ch\\\/#website\"},\"primaryImageOfPage\":{\"@id\":\"https:\\\/\\\/ziegelhof-liestal.ch\\\/?p=4446#primaryimage\"},\"image\":{\"@id\":\"https:\\\/\\\/ziegelhof-liestal.ch\\\/?p=4446#primaryimage\"},\"thumbnailUrl\":\"https:\\\/\\\/ziegelhof-liestal.ch\\\/wp-content\\\/uploads\\\/2021\\\/12\\\/Bildschirmfoto-2021-12-14-um-15.39.47.png\",\"datePublished\":\"2021-12-20T11:11:17+00:00\",\"dateModified\":\"2021-12-20T12:11:14+00:00\",\"author\":{\"@id\":\"https:\\\/\\\/ziegelhof-liestal.ch\\\/#\\\/schema\\\/person\\\/03c4a504836293e131963d639b01f378\"},\"breadcrumb\":{\"@id\":\"https:\\\/\\\/ziegelhof-liestal.ch\\\/?p=4446#breadcrumb\"},\"inLanguage\":\"de\",\"potentialAction\":[{\"@type\":\"ReadAction\",\"target\":[\"https:\\\/\\\/ziegelhof-liestal.ch\\\/?p=4446\"]}]},{\"@type\":\"ImageObject\",\"inLanguage\":\"de\",\"@id\":\"https:\\\/\\\/ziegelhof-liestal.ch\\\/?p=4446#primaryimage\",\"url\":\"https:\\\/\\\/ziegelhof-liestal.ch\\\/wp-content\\\/uploads\\\/2021\\\/12\\\/Bildschirmfoto-2021-12-14-um-15.39.47.png\",\"contentUrl\":\"https:\\\/\\\/ziegelhof-liestal.ch\\\/wp-content\\\/uploads\\\/2021\\\/12\\\/Bildschirmfoto-2021-12-14-um-15.39.47.png\",\"width\":2826,\"height\":1882},{\"@type\":\"BreadcrumbList\",\"@id\":\"https:\\\/\\\/ziegelhof-liestal.ch\\\/?p=4446#breadcrumb\",\"itemListElement\":[{\"@type\":\"ListItem\",\"position\":1,\"name\":\"Startseite\",\"item\":\"https:\\\/\\\/ziegelhof-liestal.ch\\\/\"},{\"@type\":\"ListItem\",\"position\":2,\"name\":\"UNSER BIER | ER\u00d6FFNUNG SPEZIALIT\u00c4TENBRAUEREI\"}]},{\"@type\":\"WebSite\",\"@id\":\"https:\\\/\\\/ziegelhof-liestal.ch\\\/#website\",\"url\":\"https:\\\/\\\/ziegelhof-liestal.ch\\\/\",\"name\":\"ZIEGELHOFAREAL\",\"description\":\"\",\"potentialAction\":[{\"@type\":\"SearchAction\",\"target\":{\"@type\":\"EntryPoint\",\"urlTemplate\":\"https:\\\/\\\/ziegelhof-liestal.ch\\\/?s={search_term_string}\"},\"query-input\":{\"@type\":\"PropertyValueSpecification\",\"valueRequired\":true,\"valueName\":\"search_term_string\"}}],\"inLanguage\":\"de\"},{\"@type\":\"Person\",\"@id\":\"https:\\\/\\\/ziegelhof-liestal.ch\\\/#\\\/schema\\\/person\\\/03c4a504836293e131963d639b01f378\",\"name\":\"Anna Nemeth\",\"url\":\"https:\\\/\\\/ziegelhof-liestal.ch\\\/?author=10\"}]}<\/script>\n<!-- \/ Yoast SEO plugin. -->","yoast_head_json":{"title":"UNSER BIER | ER\u00d6FFNUNG SPEZIALIT\u00c4TENBRAUEREI - ZIEGELHOFAREAL","robots":{"index":"index","follow":"follow","max-snippet":"max-snippet:-1","max-image-preview":"max-image-preview:large","max-video-preview":"max-video-preview:-1"},"canonical":"https:\/\/ziegelhof-liestal.ch\/?p=4446","og_locale":"de_DE","og_type":"article","og_title":"UNSER BIER | ER\u00d6FFNUNG SPEZIALIT\u00c4TENBRAUEREI - ZIEGELHOFAREAL","og_description":"UNSER BIER | ER\u00d6FFNUNG SPEZIALIT\u00c4TENBRAUEREI DAS ERSTE BIER IST ABGEF\u00dcLLT Am 15.12. er\u00f6ffnete Unser Bier die Spezialit\u00e4tenbrauerei auf dem Ziegelhof. Hier zwei Beitr\u00e4ge zur Er\u00f6ffnung: https:\/\/telebasel.ch\/2021\/12\/16\/unser-bier-braut-jetzt-auch-in-liestal\/?channel=8950 https:\/\/www.bzbasel.ch\/basel\/baselland\/unser-bier-im-liestaler-ziegelhof-fliesst-wieder-gerstensaft-ld.2228338 &nbsp;","og_url":"https:\/\/ziegelhof-liestal.ch\/?p=4446","og_site_name":"ZIEGELHOFAREAL","article_published_time":"2021-12-20T11:11:17+00:00","article_modified_time":"2021-12-20T12:11:14+00:00","og_image":[{"width":1024,"height":682,"url":"https:\/\/ziegelhof-liestal.ch\/wp-content\/uploads\/2021\/12\/Bildschirmfoto-2021-12-14-um-15.39.47-1024x682.png","type":"image\/png"}],"author":"Anna Nemeth","twitter_card":"summary_large_image","twitter_misc":{"Verfasst von":"Anna Nemeth","Gesch\u00e4tzte Lesezeit":"1\u00a0Minute"},"schema":{"@context":"https:\/\/schema.org","@graph":[{"@type":"Article","@id":"https:\/\/ziegelhof-liestal.ch\/?p=4446#article","isPartOf":{"@id":"https:\/\/ziegelhof-liestal.ch\/?p=4446"},"author":{"name":"Anna Nemeth","@id":"https:\/\/ziegelhof-liestal.ch\/#\/schema\/person\/03c4a504836293e131963d639b01f378"},"headline":"UNSER BIER | ER\u00d6FFNUNG SPEZIALIT\u00c4TENBRAUEREI","datePublished":"2021-12-20T11:11:17+00:00","dateModified":"2021-12-20T12:11:14+00:00","mainEntityOfPage":{"@id":"https:\/\/ziegelhof-liestal.ch\/?p=4446"},"wordCount":55,"image":{"@id":"https:\/\/ziegelhof-liestal.ch\/?p=4446#primaryimage"},"thumbnailUrl":"https:\/\/ziegelhof-liestal.ch\/wp-content\/uploads\/2021\/12\/Bildschirmfoto-2021-12-14-um-15.39.47.png","articleSection":["Arealentwicklung","Bierkultur","Nutzungen"],"inLanguage":"de"},{"@type":"WebPage","@id":"https:\/\/ziegelhof-liestal.ch\/?p=4446","url":"https:\/\/ziegelhof-liestal.ch\/?p=4446","name":"UNSER BIER | ER\u00d6FFNUNG SPEZIALIT\u00c4TENBRAUEREI - ZIEGELHOFAREAL","isPartOf":{"@id":"https:\/\/ziegelhof-liestal.ch\/#website"},"primaryImageOfPage":{"@id":"https:\/\/ziegelhof-liestal.ch\/?p=4446#primaryimage"},"image":{"@id":"https:\/\/ziegelhof-liestal.ch\/?p=4446#primaryimage"},"thumbnailUrl":"https:\/\/ziegelhof-liestal.ch\/wp-content\/uploads\/2021\/12\/Bildschirmfoto-2021-12-14-um-15.39.47.png","datePublished":"2021-12-20T11:11:17+00:00","dateModified":"2021-12-20T12:11:14+00:00","author":{"@id":"https:\/\/ziegelhof-liestal.ch\/#\/schema\/person\/03c4a504836293e131963d639b01f378"},"breadcrumb":{"@id":"https:\/\/ziegelhof-liestal.ch\/?p=4446#breadcrumb"},"inLanguage":"de","potentialAction":[{"@type":"ReadAction","target":["https:\/\/ziegelhof-liestal.ch\/?p=4446"]}]},{"@type":"ImageObject","inLanguage":"de","@id":"https:\/\/ziegelhof-liestal.ch\/?p=4446#primaryimage","url":"https:\/\/ziegelhof-liestal.ch\/wp-content\/uploads\/2021\/12\/Bildschirmfoto-2021-12-14-um-15.39.47.png","contentUrl":"https:\/\/ziegelhof-liestal.ch\/wp-content\/uploads\/2021\/12\/Bildschirmfoto-2021-12-14-um-15.39.47.png","width":2826,"height":1882},{"@type":"BreadcrumbList","@id":"https:\/\/ziegelhof-liestal.ch\/?p=4446#breadcrumb","itemListElement":[{"@type":"ListItem","position":1,"name":"Startseite","item":"https:\/\/ziegelhof-liestal.ch\/"},{"@type":"ListItem","position":2,"name":"UNSER BIER | ER\u00d6FFNUNG SPEZIALIT\u00c4TENBRAUEREI"}]},{"@type":"WebSite","@id":"https:\/\/ziegelhof-liestal.ch\/#website","url":"https:\/\/ziegelhof-liestal.ch\/","name":"ZIEGELHOFAREAL","description":"","potentialAction":[{"@type":"SearchAction","target":{"@type":"EntryPoint","urlTemplate":"https:\/\/ziegelhof-liestal.ch\/?s={search_term_string}"},"query-input":{"@type":"PropertyValueSpecification","valueRequired":true,"valueName":"search_term_string"}}],"inLanguage":"de"},{"@type":"Person","@id":"https:\/\/ziegelhof-liestal.ch\/#\/schema\/person\/03c4a504836293e131963d639b01f378","name":"Anna Nemeth","url":"https:\/\/ziegelhof-liestal.ch\/?author=10"}]}},"_links":{"self":[{"href":"https:\/\/ziegelhof-liestal.ch\/index.php?rest_route=\/wp\/v2\/posts\/4446","targetHints":{"allow":["GET"]}}],"collection":[{"href":"https:\/\/ziegelhof-liestal.ch\/index.php?rest_route=\/wp\/v2\/posts"}],"about":[{"href":"https:\/\/ziegelhof-liestal.ch\/index.php?rest_route=\/wp\/v2\/types\/post"}],"author":[{"embeddable":true,"href":"https:\/\/ziegelhof-liestal.ch\/index.php?rest_route=\/wp\/v2\/users\/10"}],"replies":[{"embeddable":true,"href":"https:\/\/ziegelhof-liestal.ch\/index.php?rest_route=%2Fwp%2Fv2%2Fcomments&post=4446"}],"version-history":[{"count":34,"href":"https:\/\/ziegelhof-liestal.ch\/index.php?rest_route=\/wp\/v2\/posts\/4446\/revisions"}],"predecessor-version":[{"id":4510,"href":"https:\/\/ziegelhof-liestal.ch\/index.php?rest_route=\/wp\/v2\/posts\/4446\/revisions\/4510"}],"wp:featuredmedia":[{"embeddable":true,"href":"https:\/\/ziegelhof-liestal.ch\/index.php?rest_route=\/wp\/v2\/media\/4450"}],"wp:attachment":[{"href":"https:\/\/ziegelhof-liestal.ch\/index.php?rest_route=%2Fwp%2Fv2%2Fmedia&parent=4446"}],"wp:term":[{"taxonomy":"category","embeddable":true,"href":"https:\/\/ziegelhof-liestal.ch\/index.php?rest_route=%2Fwp%2Fv2%2Fcategories&post=4446"},{"taxonomy":"post_tag","embeddable":true,"href":"https:\/\/ziegelhof-liestal.ch\/index.php?rest_route=%2Fwp%2Fv2%2Ftags&post=4446"}],"curies":[{"name":"wp","href":"https:\/\/api.w.org\/{rel}","templated":true}]}}