{"id":4751,"date":"2022-10-19T09:46:55","date_gmt":"2022-10-19T09:46:55","guid":{"rendered":"https:\/\/ziegelhof-liestal.ch\/?p=4751"},"modified":"2025-08-20T11:57:04","modified_gmt":"2025-08-20T11:57:04","slug":"zu-vermieten-flaeche-fuer-buerogemeinschaft","status":"publish","type":"post","link":"https:\/\/ziegelhof-liestal.ch\/?p=4751","title":{"rendered":"*zu vermieten: FL\u00c4CHE F\u00dcR B\u00dcROGEMEINSCHAFT"},"content":{"rendered":"<div id=\"pl-4751\"  class=\"panel-layout\" ><div id=\"pg-4751-0\"  class=\"panel-grid panel-has-style\" ><div class=\"siteorigin-panels-stretch panel-row-style panel-row-style-for-4751-0\" data-stretch-type=\"full-width-stretch\" ><div id=\"pgc-4751-0-0\"  class=\"panel-grid-cell\" ><div id=\"panel-4751-0-0-0\" class=\"so-panel widget widget_sow-headline panel-first-child panel-last-child\" data-index=\"0\" ><div class=\"panel-widget-style panel-widget-style-for-4751-0-0-0\" ><div\n\t\t\t\n\t\t\tclass=\"so-widget-sow-headline so-widget-sow-headline-default-8fc5436c1158-4751 so-widget-fittext-wrapper\"\n\t\t\t data-fit-text-compressor=\"0.85\"\n\t\t><div class=\"sow-headline-container \">\n\t\t\t\t\t\t\t<h1 class=\"sow-headline\">\n\t\t\t\t\t\tZU VERMIETEN\t\t\t\t\t\t<\/h1>\n\t\t\t\t\t\t\t\t\t\t\t<div class=\"decoration\">\n\t\t\t\t\t\t<div class=\"decoration-inside\"><\/div>\n\t\t\t\t\t<\/div>\n\t\t\t\t\t<\/div>\n<\/div><\/div><\/div><\/div><\/div><\/div><div id=\"pg-4751-1\"  class=\"panel-grid panel-no-style\" ><div id=\"pgc-4751-1-0\"  class=\"panel-grid-cell\" ><div id=\"panel-4751-1-0-0\" class=\"so-panel widget widget_sow-editor panel-first-child panel-last-child\" data-index=\"1\" ><div class=\"panel-widget-style panel-widget-style-for-4751-1-0-0\" ><div\n\t\t\t\n\t\t\tclass=\"so-widget-sow-editor so-widget-sow-editor-base\"\n\t\t\t\n\t\t>\n<div class=\"siteorigin-widget-tinymce textwidget\">\n\t<div class=\"page\" title=\"Page 1\"><code style=\"display: none;\"><br \/>\n<\/code><\/p>\n<div class=\"layoutArea\"><code style=\"display: none;\"><br \/>\n<\/code><\/p>\n<h2 class=\"column\" style=\"text-align: center;\"><code style=\"display: none;\"><br \/>  <\/code>EHEMALIGER ETIKETTENRAUM<br \/>\n<\/h2>\n<h3 style=\"text-align: center;\">BAU 30<\/h3>\n<p><code style=\"display: none;\"><br \/>\n<\/code><\/p>\n<h2 class=\"column\" style=\"text-align: center;\">\n<\/h2>\n<p><code style=\"display: none;\"><br \/>\n<\/code><\/p>\n<\/div>\n<p><code style=\"display: none;\"><br \/>\n<\/code><\/p>\n<\/div>\n<\/div>\n<\/div><\/div><\/div><\/div><\/div><div id=\"pg-4751-2\"  class=\"panel-grid panel-no-style\" ><div id=\"pgc-4751-2-0\"  class=\"panel-grid-cell\" ><div id=\"panel-4751-2-0-0\" class=\"so-panel widget widget_sow-editor panel-first-child panel-last-child\" data-index=\"2\" ><div class=\"panel-widget-style panel-widget-style-for-4751-2-0-0\" ><div\n\t\t\t\n\t\t\tclass=\"so-widget-sow-editor so-widget-sow-editor-base\"\n\t\t\t\n\t\t>\n<div class=\"siteorigin-widget-tinymce textwidget\">\n\t<p><span style=\"text-decoration: underline;\">Nutzungsfl\u00e4che<\/span>: 244 m2<br \/><span style=\"text-decoration: underline;\">Etage:<\/span> 1. OG<br \/><span style=\"text-decoration: underline;\">Miete:<\/span> 4&#8217;075 im Monat<\/p>\n<p>Bezug ab sofort oder nach Vereinbarung<\/p>\n<\/div>\n<\/div><\/div><\/div><\/div><div id=\"pgc-4751-2-1\"  class=\"panel-grid-cell\" ><div id=\"panel-4751-2-1-0\" class=\"so-panel widget widget_sow-editor panel-first-child panel-last-child\" data-index=\"3\" ><div class=\"panel-widget-style panel-widget-style-for-4751-2-1-0\" ><div\n\t\t\t\n\t\t\tclass=\"so-widget-sow-editor so-widget-sow-editor-base\"\n\t\t\t\n\t\t>\n<div class=\"siteorigin-widget-tinymce textwidget\">\n\t<p>Der ehemalige Etikettenraum der Ziegelhof Brauerei an der Meyer-Wiggli-Strasse sucht eine\u00a0neue Nutzung.<\/p>\n<p>Wir freuen uns auf Ihr Interesse.<\/p>\n<p>Sie d\u00fcrfen sich gerne melden unter:<br \/>Mail: <a href=\"mailto:ziegelhof@denkstatt-sarl.ch\">ziegelhof@denkstatt-sarl.ch<\/a><\/p>\n<\/div>\n<\/div><\/div><\/div><\/div><\/div><div id=\"pg-4751-3\"  class=\"panel-grid panel-no-style\" ><div id=\"pgc-4751-3-0\"  class=\"panel-grid-cell\" ><div id=\"panel-4751-3-0-0\" class=\"so-panel widget widget_media_image panel-first-child\" data-index=\"4\" ><img loading=\"lazy\" decoding=\"async\" width=\"300\" height=\"225\" src=\"https:\/\/ziegelhof-liestal.ch\/wp-content\/uploads\/2022\/10\/Bildschirmfoto-2022-10-19-um-11.53.13-300x225.png\" class=\"image wp-image-4942  attachment-medium size-medium\" alt=\"\" style=\"max-width: 100%; height: auto;\" srcset=\"https:\/\/ziegelhof-liestal.ch\/wp-content\/uploads\/2022\/10\/Bildschirmfoto-2022-10-19-um-11.53.13-300x225.png 300w, https:\/\/ziegelhof-liestal.ch\/wp-content\/uploads\/2022\/10\/Bildschirmfoto-2022-10-19-um-11.53.13-1024x768.png 1024w, https:\/\/ziegelhof-liestal.ch\/wp-content\/uploads\/2022\/10\/Bildschirmfoto-2022-10-19-um-11.53.13-768x576.png 768w, https:\/\/ziegelhof-liestal.ch\/wp-content\/uploads\/2022\/10\/Bildschirmfoto-2022-10-19-um-11.53.13-1536x1152.png 1536w, https:\/\/ziegelhof-liestal.ch\/wp-content\/uploads\/2022\/10\/Bildschirmfoto-2022-10-19-um-11.53.13.png 2008w\" sizes=\"auto, (max-width: 300px) 100vw, 300px\" \/><\/div><div id=\"panel-4751-3-0-1\" class=\"so-panel widget widget_media_image panel-last-child\" data-index=\"5\" ><img loading=\"lazy\" decoding=\"async\" width=\"300\" height=\"225\" src=\"https:\/\/ziegelhof-liestal.ch\/wp-content\/uploads\/2022\/10\/0066346198-300x225.jpg\" class=\"image wp-image-5466  attachment-medium size-medium\" alt=\"\" style=\"max-width: 100%; height: auto;\" srcset=\"https:\/\/ziegelhof-liestal.ch\/wp-content\/uploads\/2022\/10\/0066346198-300x225.jpg 300w, https:\/\/ziegelhof-liestal.ch\/wp-content\/uploads\/2022\/10\/0066346198.jpg 636w\" sizes=\"auto, (max-width: 300px) 100vw, 300px\" \/><\/div><\/div><div id=\"pgc-4751-3-1\"  class=\"panel-grid-cell\" ><div id=\"panel-4751-3-1-0\" class=\"so-panel widget widget_media_image panel-first-child\" data-index=\"6\" ><img loading=\"lazy\" decoding=\"async\" width=\"300\" height=\"224\" src=\"https:\/\/ziegelhof-liestal.ch\/wp-content\/uploads\/2022\/10\/Bildschirmfoto-2022-10-19-um-11.50.58-300x224.png\" class=\"image wp-image-4944  attachment-medium size-medium\" alt=\"\" style=\"max-width: 100%; height: auto;\" srcset=\"https:\/\/ziegelhof-liestal.ch\/wp-content\/uploads\/2022\/10\/Bildschirmfoto-2022-10-19-um-11.50.58-300x224.png 300w, https:\/\/ziegelhof-liestal.ch\/wp-content\/uploads\/2022\/10\/Bildschirmfoto-2022-10-19-um-11.50.58-1024x765.png 1024w, https:\/\/ziegelhof-liestal.ch\/wp-content\/uploads\/2022\/10\/Bildschirmfoto-2022-10-19-um-11.50.58-768x574.png 768w, https:\/\/ziegelhof-liestal.ch\/wp-content\/uploads\/2022\/10\/Bildschirmfoto-2022-10-19-um-11.50.58-1536x1147.png 1536w, https:\/\/ziegelhof-liestal.ch\/wp-content\/uploads\/2022\/10\/Bildschirmfoto-2022-10-19-um-11.50.58.png 2006w\" sizes=\"auto, (max-width: 300px) 100vw, 300px\" \/><\/div><div id=\"panel-4751-3-1-1\" class=\"so-panel widget widget_media_image panel-last-child\" data-index=\"7\" ><img loading=\"lazy\" decoding=\"async\" width=\"300\" height=\"225\" src=\"https:\/\/ziegelhof-liestal.ch\/wp-content\/uploads\/2022\/10\/3154558316-300x225.jpg\" class=\"image wp-image-5465  attachment-medium size-medium\" alt=\"\" style=\"max-width: 100%; height: auto;\" srcset=\"https:\/\/ziegelhof-liestal.ch\/wp-content\/uploads\/2022\/10\/3154558316-300x225.jpg 300w, https:\/\/ziegelhof-liestal.ch\/wp-content\/uploads\/2022\/10\/3154558316.jpg 636w\" sizes=\"auto, (max-width: 300px) 100vw, 300px\" \/><\/div><\/div><div id=\"pgc-4751-3-2\"  class=\"panel-grid-cell\" ><div id=\"panel-4751-3-2-0\" class=\"so-panel widget widget_media_image panel-first-child\" data-index=\"8\" ><img loading=\"lazy\" decoding=\"async\" width=\"300\" height=\"225\" src=\"https:\/\/ziegelhof-liestal.ch\/wp-content\/uploads\/2022\/10\/Bildschirmfoto-2022-10-19-um-11.51.26-300x225.png\" class=\"image wp-image-4943  attachment-medium size-medium\" alt=\"\" style=\"max-width: 100%; height: auto;\" srcset=\"https:\/\/ziegelhof-liestal.ch\/wp-content\/uploads\/2022\/10\/Bildschirmfoto-2022-10-19-um-11.51.26-300x225.png 300w, https:\/\/ziegelhof-liestal.ch\/wp-content\/uploads\/2022\/10\/Bildschirmfoto-2022-10-19-um-11.51.26-1024x767.png 1024w, https:\/\/ziegelhof-liestal.ch\/wp-content\/uploads\/2022\/10\/Bildschirmfoto-2022-10-19-um-11.51.26-768x575.png 768w, https:\/\/ziegelhof-liestal.ch\/wp-content\/uploads\/2022\/10\/Bildschirmfoto-2022-10-19-um-11.51.26-1536x1150.png 1536w, https:\/\/ziegelhof-liestal.ch\/wp-content\/uploads\/2022\/10\/Bildschirmfoto-2022-10-19-um-11.51.26.png 2008w\" sizes=\"auto, (max-width: 300px) 100vw, 300px\" \/><\/div><div id=\"panel-4751-3-2-1\" class=\"so-panel widget widget_media_image panel-last-child\" data-index=\"9\" ><img loading=\"lazy\" decoding=\"async\" width=\"225\" height=\"300\" src=\"https:\/\/ziegelhof-liestal.ch\/wp-content\/uploads\/2022\/10\/1162825190-225x300.jpg\" class=\"image wp-image-5467  attachment-medium size-medium\" alt=\"\" style=\"max-width: 100%; height: auto;\" srcset=\"https:\/\/ziegelhof-liestal.ch\/wp-content\/uploads\/2022\/10\/1162825190-225x300.jpg 225w, https:\/\/ziegelhof-liestal.ch\/wp-content\/uploads\/2022\/10\/1162825190.jpg 476w\" sizes=\"auto, (max-width: 225px) 100vw, 225px\" \/><\/div><\/div><\/div><\/div>","protected":false},"excerpt":{"rendered":"<p>EHEMALIGER ETIKETTENRAUM BAU 30<\/p>\n","protected":false},"author":10,"featured_media":4942,"comment_status":"closed","ping_status":"closed","sticky":false,"template":"","format":"standard","meta":{"inline_featured_image":false,"footnotes":""},"categories":[22],"tags":[],"class_list":["post-4751","post","type-post","status-publish","format-standard","has-post-thumbnail","hentry","category-freie-raeume"],"yoast_head":"<!-- This site is optimized with the Yoast SEO plugin v27.5 - https:\/\/yoast.com\/product\/yoast-seo-wordpress\/ -->\n<title>*zu vermieten: FL\u00c4CHE F\u00dcR B\u00dcROGEMEINSCHAFT - ZIEGELHOFAREAL<\/title>\n<meta name=\"robots\" content=\"index, follow, max-snippet:-1, max-image-preview:large, max-video-preview:-1\" \/>\n<link rel=\"canonical\" href=\"https:\/\/ziegelhof-liestal.ch\/?p=4751\" \/>\n<meta property=\"og:locale\" content=\"de_DE\" \/>\n<meta property=\"og:type\" content=\"article\" \/>\n<meta property=\"og:title\" content=\"*zu vermieten: FL\u00c4CHE F\u00dcR B\u00dcROGEMEINSCHAFT - ZIEGELHOFAREAL\" \/>\n<meta property=\"og:description\" content=\"EHEMALIGER ETIKETTENRAUM BAU 30\" \/>\n<meta property=\"og:url\" content=\"https:\/\/ziegelhof-liestal.ch\/?p=4751\" \/>\n<meta property=\"og:site_name\" content=\"ZIEGELHOFAREAL\" \/>\n<meta property=\"article:published_time\" content=\"2022-10-19T09:46:55+00:00\" \/>\n<meta property=\"article:modified_time\" content=\"2025-08-20T11:57:04+00:00\" \/>\n<meta property=\"og:image\" content=\"https:\/\/ziegelhof-liestal.ch\/wp-content\/uploads\/2022\/10\/Bildschirmfoto-2022-10-19-um-11.53.13-1024x768.png\" \/>\n\t<meta property=\"og:image:width\" content=\"1024\" \/>\n\t<meta property=\"og:image:height\" content=\"768\" \/>\n\t<meta property=\"og:image:type\" content=\"image\/png\" \/>\n<meta name=\"author\" content=\"Anna Nemeth\" \/>\n<meta name=\"twitter:card\" content=\"summary_large_image\" \/>\n<meta name=\"twitter:label1\" content=\"Verfasst von\" \/>\n\t<meta name=\"twitter:data1\" content=\"Anna Nemeth\" \/>\n\t<meta name=\"twitter:label2\" content=\"Gesch\u00e4tzte Lesezeit\" \/>\n\t<meta name=\"twitter:data2\" content=\"2\u00a0Minuten\" \/>\n<script type=\"application\/ld+json\" class=\"yoast-schema-graph\">{\"@context\":\"https:\\\/\\\/schema.org\",\"@graph\":[{\"@type\":\"Article\",\"@id\":\"https:\\\/\\\/ziegelhof-liestal.ch\\\/?p=4751#article\",\"isPartOf\":{\"@id\":\"https:\\\/\\\/ziegelhof-liestal.ch\\\/?p=4751\"},\"author\":{\"name\":\"Anna Nemeth\",\"@id\":\"https:\\\/\\\/ziegelhof-liestal.ch\\\/#\\\/schema\\\/person\\\/03c4a504836293e131963d639b01f378\"},\"headline\":\"*zu vermieten: FL\u00c4CHE F\u00dcR B\u00dcROGEMEINSCHAFT\",\"datePublished\":\"2022-10-19T09:46:55+00:00\",\"dateModified\":\"2025-08-20T11:57:04+00:00\",\"mainEntityOfPage\":{\"@id\":\"https:\\\/\\\/ziegelhof-liestal.ch\\\/?p=4751\"},\"wordCount\":119,\"image\":{\"@id\":\"https:\\\/\\\/ziegelhof-liestal.ch\\\/?p=4751#primaryimage\"},\"thumbnailUrl\":\"https:\\\/\\\/ziegelhof-liestal.ch\\\/wp-content\\\/uploads\\\/2022\\\/10\\\/Bildschirmfoto-2022-10-19-um-11.53.13.png\",\"articleSection\":[\"Freie R\u00e4ume\"],\"inLanguage\":\"de\"},{\"@type\":\"WebPage\",\"@id\":\"https:\\\/\\\/ziegelhof-liestal.ch\\\/?p=4751\",\"url\":\"https:\\\/\\\/ziegelhof-liestal.ch\\\/?p=4751\",\"name\":\"*zu vermieten: FL\u00c4CHE F\u00dcR B\u00dcROGEMEINSCHAFT - ZIEGELHOFAREAL\",\"isPartOf\":{\"@id\":\"https:\\\/\\\/ziegelhof-liestal.ch\\\/#website\"},\"primaryImageOfPage\":{\"@id\":\"https:\\\/\\\/ziegelhof-liestal.ch\\\/?p=4751#primaryimage\"},\"image\":{\"@id\":\"https:\\\/\\\/ziegelhof-liestal.ch\\\/?p=4751#primaryimage\"},\"thumbnailUrl\":\"https:\\\/\\\/ziegelhof-liestal.ch\\\/wp-content\\\/uploads\\\/2022\\\/10\\\/Bildschirmfoto-2022-10-19-um-11.53.13.png\",\"datePublished\":\"2022-10-19T09:46:55+00:00\",\"dateModified\":\"2025-08-20T11:57:04+00:00\",\"author\":{\"@id\":\"https:\\\/\\\/ziegelhof-liestal.ch\\\/#\\\/schema\\\/person\\\/03c4a504836293e131963d639b01f378\"},\"breadcrumb\":{\"@id\":\"https:\\\/\\\/ziegelhof-liestal.ch\\\/?p=4751#breadcrumb\"},\"inLanguage\":\"de\",\"potentialAction\":[{\"@type\":\"ReadAction\",\"target\":[\"https:\\\/\\\/ziegelhof-liestal.ch\\\/?p=4751\"]}]},{\"@type\":\"ImageObject\",\"inLanguage\":\"de\",\"@id\":\"https:\\\/\\\/ziegelhof-liestal.ch\\\/?p=4751#primaryimage\",\"url\":\"https:\\\/\\\/ziegelhof-liestal.ch\\\/wp-content\\\/uploads\\\/2022\\\/10\\\/Bildschirmfoto-2022-10-19-um-11.53.13.png\",\"contentUrl\":\"https:\\\/\\\/ziegelhof-liestal.ch\\\/wp-content\\\/uploads\\\/2022\\\/10\\\/Bildschirmfoto-2022-10-19-um-11.53.13.png\",\"width\":2008,\"height\":1506},{\"@type\":\"BreadcrumbList\",\"@id\":\"https:\\\/\\\/ziegelhof-liestal.ch\\\/?p=4751#breadcrumb\",\"itemListElement\":[{\"@type\":\"ListItem\",\"position\":1,\"name\":\"Startseite\",\"item\":\"https:\\\/\\\/ziegelhof-liestal.ch\\\/\"},{\"@type\":\"ListItem\",\"position\":2,\"name\":\"*zu vermieten: FL\u00c4CHE F\u00dcR B\u00dcROGEMEINSCHAFT\"}]},{\"@type\":\"WebSite\",\"@id\":\"https:\\\/\\\/ziegelhof-liestal.ch\\\/#website\",\"url\":\"https:\\\/\\\/ziegelhof-liestal.ch\\\/\",\"name\":\"ZIEGELHOFAREAL\",\"description\":\"\",\"potentialAction\":[{\"@type\":\"SearchAction\",\"target\":{\"@type\":\"EntryPoint\",\"urlTemplate\":\"https:\\\/\\\/ziegelhof-liestal.ch\\\/?s={search_term_string}\"},\"query-input\":{\"@type\":\"PropertyValueSpecification\",\"valueRequired\":true,\"valueName\":\"search_term_string\"}}],\"inLanguage\":\"de\"},{\"@type\":\"Person\",\"@id\":\"https:\\\/\\\/ziegelhof-liestal.ch\\\/#\\\/schema\\\/person\\\/03c4a504836293e131963d639b01f378\",\"name\":\"Anna Nemeth\",\"url\":\"https:\\\/\\\/ziegelhof-liestal.ch\\\/?author=10\"}]}<\/script>\n<!-- \/ Yoast SEO plugin. -->","yoast_head_json":{"title":"*zu vermieten: FL\u00c4CHE F\u00dcR B\u00dcROGEMEINSCHAFT - ZIEGELHOFAREAL","robots":{"index":"index","follow":"follow","max-snippet":"max-snippet:-1","max-image-preview":"max-image-preview:large","max-video-preview":"max-video-preview:-1"},"canonical":"https:\/\/ziegelhof-liestal.ch\/?p=4751","og_locale":"de_DE","og_type":"article","og_title":"*zu vermieten: FL\u00c4CHE F\u00dcR B\u00dcROGEMEINSCHAFT - ZIEGELHOFAREAL","og_description":"EHEMALIGER ETIKETTENRAUM BAU 30","og_url":"https:\/\/ziegelhof-liestal.ch\/?p=4751","og_site_name":"ZIEGELHOFAREAL","article_published_time":"2022-10-19T09:46:55+00:00","article_modified_time":"2025-08-20T11:57:04+00:00","og_image":[{"width":1024,"height":768,"url":"https:\/\/ziegelhof-liestal.ch\/wp-content\/uploads\/2022\/10\/Bildschirmfoto-2022-10-19-um-11.53.13-1024x768.png","type":"image\/png"}],"author":"Anna Nemeth","twitter_card":"summary_large_image","twitter_misc":{"Verfasst von":"Anna Nemeth","Gesch\u00e4tzte Lesezeit":"2\u00a0Minuten"},"schema":{"@context":"https:\/\/schema.org","@graph":[{"@type":"Article","@id":"https:\/\/ziegelhof-liestal.ch\/?p=4751#article","isPartOf":{"@id":"https:\/\/ziegelhof-liestal.ch\/?p=4751"},"author":{"name":"Anna Nemeth","@id":"https:\/\/ziegelhof-liestal.ch\/#\/schema\/person\/03c4a504836293e131963d639b01f378"},"headline":"*zu vermieten: FL\u00c4CHE F\u00dcR B\u00dcROGEMEINSCHAFT","datePublished":"2022-10-19T09:46:55+00:00","dateModified":"2025-08-20T11:57:04+00:00","mainEntityOfPage":{"@id":"https:\/\/ziegelhof-liestal.ch\/?p=4751"},"wordCount":119,"image":{"@id":"https:\/\/ziegelhof-liestal.ch\/?p=4751#primaryimage"},"thumbnailUrl":"https:\/\/ziegelhof-liestal.ch\/wp-content\/uploads\/2022\/10\/Bildschirmfoto-2022-10-19-um-11.53.13.png","articleSection":["Freie R\u00e4ume"],"inLanguage":"de"},{"@type":"WebPage","@id":"https:\/\/ziegelhof-liestal.ch\/?p=4751","url":"https:\/\/ziegelhof-liestal.ch\/?p=4751","name":"*zu vermieten: FL\u00c4CHE F\u00dcR B\u00dcROGEMEINSCHAFT - ZIEGELHOFAREAL","isPartOf":{"@id":"https:\/\/ziegelhof-liestal.ch\/#website"},"primaryImageOfPage":{"@id":"https:\/\/ziegelhof-liestal.ch\/?p=4751#primaryimage"},"image":{"@id":"https:\/\/ziegelhof-liestal.ch\/?p=4751#primaryimage"},"thumbnailUrl":"https:\/\/ziegelhof-liestal.ch\/wp-content\/uploads\/2022\/10\/Bildschirmfoto-2022-10-19-um-11.53.13.png","datePublished":"2022-10-19T09:46:55+00:00","dateModified":"2025-08-20T11:57:04+00:00","author":{"@id":"https:\/\/ziegelhof-liestal.ch\/#\/schema\/person\/03c4a504836293e131963d639b01f378"},"breadcrumb":{"@id":"https:\/\/ziegelhof-liestal.ch\/?p=4751#breadcrumb"},"inLanguage":"de","potentialAction":[{"@type":"ReadAction","target":["https:\/\/ziegelhof-liestal.ch\/?p=4751"]}]},{"@type":"ImageObject","inLanguage":"de","@id":"https:\/\/ziegelhof-liestal.ch\/?p=4751#primaryimage","url":"https:\/\/ziegelhof-liestal.ch\/wp-content\/uploads\/2022\/10\/Bildschirmfoto-2022-10-19-um-11.53.13.png","contentUrl":"https:\/\/ziegelhof-liestal.ch\/wp-content\/uploads\/2022\/10\/Bildschirmfoto-2022-10-19-um-11.53.13.png","width":2008,"height":1506},{"@type":"BreadcrumbList","@id":"https:\/\/ziegelhof-liestal.ch\/?p=4751#breadcrumb","itemListElement":[{"@type":"ListItem","position":1,"name":"Startseite","item":"https:\/\/ziegelhof-liestal.ch\/"},{"@type":"ListItem","position":2,"name":"*zu vermieten: FL\u00c4CHE F\u00dcR B\u00dcROGEMEINSCHAFT"}]},{"@type":"WebSite","@id":"https:\/\/ziegelhof-liestal.ch\/#website","url":"https:\/\/ziegelhof-liestal.ch\/","name":"ZIEGELHOFAREAL","description":"","potentialAction":[{"@type":"SearchAction","target":{"@type":"EntryPoint","urlTemplate":"https:\/\/ziegelhof-liestal.ch\/?s={search_term_string}"},"query-input":{"@type":"PropertyValueSpecification","valueRequired":true,"valueName":"search_term_string"}}],"inLanguage":"de"},{"@type":"Person","@id":"https:\/\/ziegelhof-liestal.ch\/#\/schema\/person\/03c4a504836293e131963d639b01f378","name":"Anna Nemeth","url":"https:\/\/ziegelhof-liestal.ch\/?author=10"}]}},"_links":{"self":[{"href":"https:\/\/ziegelhof-liestal.ch\/index.php?rest_route=\/wp\/v2\/posts\/4751","targetHints":{"allow":["GET"]}}],"collection":[{"href":"https:\/\/ziegelhof-liestal.ch\/index.php?rest_route=\/wp\/v2\/posts"}],"about":[{"href":"https:\/\/ziegelhof-liestal.ch\/index.php?rest_route=\/wp\/v2\/types\/post"}],"author":[{"embeddable":true,"href":"https:\/\/ziegelhof-liestal.ch\/index.php?rest_route=\/wp\/v2\/users\/10"}],"replies":[{"embeddable":true,"href":"https:\/\/ziegelhof-liestal.ch\/index.php?rest_route=%2Fwp%2Fv2%2Fcomments&post=4751"}],"version-history":[{"count":36,"href":"https:\/\/ziegelhof-liestal.ch\/index.php?rest_route=\/wp\/v2\/posts\/4751\/revisions"}],"predecessor-version":[{"id":5468,"href":"https:\/\/ziegelhof-liestal.ch\/index.php?rest_route=\/wp\/v2\/posts\/4751\/revisions\/5468"}],"wp:featuredmedia":[{"embeddable":true,"href":"https:\/\/ziegelhof-liestal.ch\/index.php?rest_route=\/wp\/v2\/media\/4942"}],"wp:attachment":[{"href":"https:\/\/ziegelhof-liestal.ch\/index.php?rest_route=%2Fwp%2Fv2%2Fmedia&parent=4751"}],"wp:term":[{"taxonomy":"category","embeddable":true,"href":"https:\/\/ziegelhof-liestal.ch\/index.php?rest_route=%2Fwp%2Fv2%2Fcategories&post=4751"},{"taxonomy":"post_tag","embeddable":true,"href":"https:\/\/ziegelhof-liestal.ch\/index.php?rest_route=%2Fwp%2Fv2%2Ftags&post=4751"}],"curies":[{"name":"wp","href":"https:\/\/api.w.org\/{rel}","templated":true}]}}