{"id":4863,"date":"2022-09-07T12:37:08","date_gmt":"2022-09-07T12:37:08","guid":{"rendered":"https:\/\/ziegelhof-liestal.ch\/?p=4863"},"modified":"2022-09-07T12:37:09","modified_gmt":"2022-09-07T12:37:09","slug":"denkmaltage-10-11-september","status":"publish","type":"post","link":"https:\/\/ziegelhof-liestal.ch\/?p=4863","title":{"rendered":"DENKMALTAGE | 10.\/11. SEPTEMBER"},"content":{"rendered":"<div id=\"pl-4863\"  class=\"panel-layout\" ><div id=\"pg-4863-0\"  class=\"panel-grid panel-has-style\" ><div class=\"so-parallax siteorigin-panels-stretch panel-row-style panel-row-style-for-4863-0\" data-stretch-type=\"full-stretched\" ><img fetchpriority=\"high\" decoding=\"async\" width=\"2835\" height=\"1891\" src=\"https:\/\/ziegelhof-liestal.ch\/wp-content\/uploads\/2016\/10\/DSC07457.jpg\" class=\"attachment-full size-full\" alt=\"\" data-siteorigin-parallax=\"true\" loading=\"eager\" srcset=\"https:\/\/ziegelhof-liestal.ch\/wp-content\/uploads\/2016\/10\/DSC07457.jpg 2835w, https:\/\/ziegelhof-liestal.ch\/wp-content\/uploads\/2016\/10\/DSC07457-300x200.jpg 300w, https:\/\/ziegelhof-liestal.ch\/wp-content\/uploads\/2016\/10\/DSC07457-768x512.jpg 768w, https:\/\/ziegelhof-liestal.ch\/wp-content\/uploads\/2016\/10\/DSC07457-1024x683.jpg 1024w, https:\/\/ziegelhof-liestal.ch\/wp-content\/uploads\/2016\/10\/DSC07457-600x400.jpg 600w, https:\/\/ziegelhof-liestal.ch\/wp-content\/uploads\/2016\/10\/DSC07457-750x500.jpg 750w, https:\/\/ziegelhof-liestal.ch\/wp-content\/uploads\/2016\/10\/DSC07457-50x33.jpg 50w, https:\/\/ziegelhof-liestal.ch\/wp-content\/uploads\/2016\/10\/DSC07457-272x182.jpg 272w\" sizes=\"(max-width: 2835px) 100vw, 2835px\" \/><div id=\"pgc-4863-0-0\"  class=\"panel-grid-cell\" ><div id=\"panel-4863-0-0-0\" class=\"so-panel widget widget_sow-headline panel-first-child panel-last-child\" data-index=\"0\" ><div class=\"panel-widget-style panel-widget-style-for-4863-0-0-0\" ><div\n\t\t\t\n\t\t\tclass=\"so-widget-sow-headline so-widget-sow-headline-default-8fc5436c1158-4863 so-widget-fittext-wrapper\"\n\t\t\t data-fit-text-compressor=\"0.85\"\n\t\t><div class=\"sow-headline-container \">\n\t\t\t\t\t\t\t<h1 class=\"sow-headline\">\n\t\t\t\t\t\tDENKMALTAGE | 10.\/11. SEPTEMBER\t\t\t\t\t\t<\/h1>\n\t\t\t\t\t\t\t\t\t\t\t<div class=\"decoration\">\n\t\t\t\t\t\t<div class=\"decoration-inside\"><\/div>\n\t\t\t\t\t<\/div>\n\t\t\t\t\t<\/div>\n<\/div><\/div><\/div><\/div><\/div><\/div><div id=\"pg-4863-1\"  class=\"panel-grid panel-no-style\" ><div id=\"pgc-4863-1-0\"  class=\"panel-grid-cell\" ><div id=\"panel-4863-1-0-0\" class=\"so-panel widget widget_sow-headline panel-first-child panel-last-child\" data-index=\"1\" ><div\n\t\t\t\n\t\t\tclass=\"so-widget-sow-headline so-widget-sow-headline-default-c3d9102f68a6-4863\"\n\t\t\t\n\t\t><div class=\"sow-headline-container \">\n\t\t\t\t\t\t\t<h1 class=\"sow-headline\">\n\t\t\t\t\t\tAREALF\u00dcHRUNG AUF DEM ZIEGELHOF\t\t\t\t\t\t<\/h1>\n\t\t\t\t\t\t<\/div>\n<\/div><\/div><\/div><\/div><div id=\"pg-4863-2\"  class=\"panel-grid panel-no-style\" ><div id=\"pgc-4863-2-0\"  class=\"panel-grid-cell\" ><div id=\"panel-4863-2-0-0\" class=\"so-panel widget widget_sow-editor panel-first-child\" data-index=\"2\" ><div\n\t\t\t\n\t\t\tclass=\"so-widget-sow-editor so-widget-sow-editor-base\"\n\t\t\t\n\t\t>\n<div class=\"siteorigin-widget-tinymce textwidget\">\n\t<p>Die Europ\u00e4ischen Tage des Denkmals bieten der Bev\u00f6lkerung an, sich mit der Geschichte des Ortes, aber auch mit der Erhaltung und Pflege unserer Kulturg\u00fcter vertraut zu machen. Die diesj\u00e4hrigen Denkmaltage finden in der Kantonshauptstadt Liestal am Wochenende vom 10. und 111. September 2022 statt. Die Scheinwerfer der 19. Ausgabe der Europ\u00e4ischen Tage des Denkmals richten sich unter dem Motto &#8222;Freizeit &#8211; Temps libre &#8211; Tiempo Libero &#8211; Temps liber&#8220; auf St\u00e4tten der Kunst, der Erholung und des Sports. Menschen in der Schweiz verbringen viele freie Stunden in historisch bedeutenden Orten der Freizeit.<br \/>\u00a0\u00a0\u00a0<\/p>\n<p>&nbsp;<\/p>\n<\/div>\n<\/div><\/div><div id=\"panel-4863-2-0-1\" class=\"so-panel widget widget_sow-editor panel-last-child\" data-index=\"3\" ><div\n\t\t\t\n\t\t\tclass=\"so-widget-sow-editor so-widget-sow-editor-base\"\n\t\t\t\n\t\t>\n<div class=\"siteorigin-widget-tinymce textwidget\">\n\t<p><img loading=\"lazy\" decoding=\"async\" class=\"alignnone size-medium wp-image-354\" src=\"https:\/\/ziegelhof-liestal.ch\/wp-content\/uploads\/2016\/10\/DSC08304-300x200.jpg\" alt=\"\" width=\"300\" height=\"200\" srcset=\"https:\/\/ziegelhof-liestal.ch\/wp-content\/uploads\/2016\/10\/DSC08304-300x200.jpg 300w, https:\/\/ziegelhof-liestal.ch\/wp-content\/uploads\/2016\/10\/DSC08304-768x512.jpg 768w, https:\/\/ziegelhof-liestal.ch\/wp-content\/uploads\/2016\/10\/DSC08304-1024x683.jpg 1024w, https:\/\/ziegelhof-liestal.ch\/wp-content\/uploads\/2016\/10\/DSC08304-600x400.jpg 600w, https:\/\/ziegelhof-liestal.ch\/wp-content\/uploads\/2016\/10\/DSC08304-750x500.jpg 750w, https:\/\/ziegelhof-liestal.ch\/wp-content\/uploads\/2016\/10\/DSC08304-50x33.jpg 50w, https:\/\/ziegelhof-liestal.ch\/wp-content\/uploads\/2016\/10\/DSC08304-272x182.jpg 272w\" sizes=\"auto, (max-width: 300px) 100vw, 300px\" \/>\u00a0\u00a0<\/p>\n<\/div>\n<\/div><\/div><\/div><div id=\"pgc-4863-2-1\"  class=\"panel-grid-cell\" ><div id=\"panel-4863-2-1-0\" class=\"so-panel widget widget_sow-editor panel-first-child\" data-index=\"4\" ><div class=\"panel-widget-style panel-widget-style-for-4863-2-1-0\" ><div\n\t\t\t\n\t\t\tclass=\"so-widget-sow-editor so-widget-sow-editor-base\"\n\t\t\t\n\t\t>\n<div class=\"siteorigin-widget-tinymce textwidget\">\n\t<div class=\"cxmmr5t8 oygrvhab hcukyx3x c1et5uql o9v6fnle ii04i59q\">\n<div dir=\"auto\">Im Rahmen der Denkmaltage Liestal bieten wir am Samstag 10.9. zwei Arealf\u00fchrungen an.<\/div>\n<div dir=\"auto\">\u00a0<\/div>\n<div dir=\"auto\"><strong>Was:<\/strong> Arealf\u00fchrung (keine Anmeldung erforderlich)<\/div>\n<\/div>\n<div class=\"cxmmr5t8 oygrvhab hcukyx3x c1et5uql o9v6fnle ii04i59q\">\n<div dir=\"auto\">\u00a0<\/div>\n<div dir=\"auto\"><strong>Wo:<\/strong> Ziegelhof, Meyer-Wiggli-Strasse\u00a0<\/div>\n<div dir=\"auto\">\u00a0<\/div>\n<div dir=\"auto\"><strong>Wann:<\/strong> Samstag 10.9. \/ 14:00 und 15:30 Uhr (Dauer ca. 1 Std.)<\/div>\n<\/div>\n<div class=\"cxmmr5t8 oygrvhab hcukyx3x c1et5uql o9v6fnle ii04i59q\">\n<div dir=\"auto\">\u00a0<\/div>\n<div dir=\"auto\">Das ganze Programm gibts hier:<\/div>\n<div dir=\"auto\"><a class=\"oajrlxb2 g5ia77u1 qu0x051f esr5mh6w e9989ue4 r7d6kgcz rq0escxv nhd2j8a9 nc684nl6 p7hjln8o kvgmc6g5 cxmmr5t8 oygrvhab hcukyx3x jb3vyjys rz4wbd8a qt6c0cv9 a8nywdso i1ao9s8h esuyzwwr f1sip0of lzcic4wl gpro0wi8 py34i1dx\" tabindex=\"0\" role=\"link\" href=\"https:\/\/www.nike-kulturerbe.ch\/de\/hereinspaziertch-denkmaltage\/\" target=\"_blank\" rel=\"nofollow noopener\">PROGRAMM<\/a><\/div>\n<\/div>\n<\/div>\n<\/div><\/div><\/div><div id=\"panel-4863-2-1-1\" class=\"so-panel widget widget_sow-editor panel-last-child\" data-index=\"5\" ><div class=\"panel-widget-style panel-widget-style-for-4863-2-1-1\" ><div\n\t\t\t\n\t\t\tclass=\"so-widget-sow-editor so-widget-sow-editor-base\"\n\t\t\t\n\t\t>\n<div class=\"siteorigin-widget-tinymce textwidget\">\n\t<p>&nbsp;<\/p>\n<p>&nbsp;<\/p>\n<\/div>\n<\/div><\/div><\/div><\/div><\/div><\/div>","protected":false},"excerpt":{"rendered":"<p>DENKMALTAGE | 10.\/11. SEPTEMBER AREALF\u00dcHRUNG AUF DEM ZIEGELHOF Die Europ\u00e4ischen Tage des Denkmals bieten der Bev\u00f6lkerung an, sich mit der Geschichte des Ortes, aber auch mit der Erhaltung und Pflege &#8230;<\/p>\n","protected":false},"author":10,"featured_media":4864,"comment_status":"closed","ping_status":"closed","sticky":false,"template":"","format":"standard","meta":{"inline_featured_image":false,"footnotes":""},"categories":[5,8,15,3],"tags":[],"class_list":["post-4863","post","type-post","status-publish","format-standard","has-post-thumbnail","hentry","category-aktuell","category-arealentwicklung","category-mitteilung","category-veranstaltungen"],"yoast_head":"<!-- This site is optimized with the Yoast SEO plugin v27.5 - https:\/\/yoast.com\/product\/yoast-seo-wordpress\/ -->\n<title>DENKMALTAGE | 10.\/11. SEPTEMBER - ZIEGELHOFAREAL<\/title>\n<meta name=\"robots\" content=\"index, follow, max-snippet:-1, max-image-preview:large, max-video-preview:-1\" \/>\n<link rel=\"canonical\" href=\"https:\/\/ziegelhof-liestal.ch\/?p=4863\" \/>\n<meta property=\"og:locale\" content=\"de_DE\" \/>\n<meta property=\"og:type\" content=\"article\" \/>\n<meta property=\"og:title\" content=\"DENKMALTAGE | 10.\/11. SEPTEMBER - ZIEGELHOFAREAL\" \/>\n<meta property=\"og:description\" content=\"DENKMALTAGE | 10.\/11. SEPTEMBER AREALF\u00dcHRUNG AUF DEM ZIEGELHOF Die Europ\u00e4ischen Tage des Denkmals bieten der Bev\u00f6lkerung an, sich mit der Geschichte des Ortes, aber auch mit der Erhaltung und Pflege ...\" \/>\n<meta property=\"og:url\" content=\"https:\/\/ziegelhof-liestal.ch\/?p=4863\" \/>\n<meta property=\"og:site_name\" content=\"ZIEGELHOFAREAL\" \/>\n<meta property=\"article:published_time\" content=\"2022-09-07T12:37:08+00:00\" \/>\n<meta property=\"article:modified_time\" content=\"2022-09-07T12:37:09+00:00\" \/>\n<meta property=\"og:image\" content=\"https:\/\/ziegelhof-liestal.ch\/wp-content\/uploads\/2022\/09\/IMG_5839-scaled.jpg\" \/>\n\t<meta property=\"og:image:width\" content=\"1920\" \/>\n\t<meta property=\"og:image:height\" content=\"2560\" \/>\n\t<meta property=\"og:image:type\" content=\"image\/jpeg\" \/>\n<meta name=\"author\" content=\"Anna Nemeth\" \/>\n<meta name=\"twitter:card\" content=\"summary_large_image\" \/>\n<meta name=\"twitter:label1\" content=\"Verfasst von\" \/>\n\t<meta name=\"twitter:data1\" content=\"Anna Nemeth\" \/>\n\t<meta name=\"twitter:label2\" content=\"Gesch\u00e4tzte Lesezeit\" \/>\n\t<meta name=\"twitter:data2\" content=\"2\u00a0Minuten\" \/>\n<script type=\"application\/ld+json\" class=\"yoast-schema-graph\">{\"@context\":\"https:\\\/\\\/schema.org\",\"@graph\":[{\"@type\":\"Article\",\"@id\":\"https:\\\/\\\/ziegelhof-liestal.ch\\\/?p=4863#article\",\"isPartOf\":{\"@id\":\"https:\\\/\\\/ziegelhof-liestal.ch\\\/?p=4863\"},\"author\":{\"name\":\"Anna Nemeth\",\"@id\":\"https:\\\/\\\/ziegelhof-liestal.ch\\\/#\\\/schema\\\/person\\\/03c4a504836293e131963d639b01f378\"},\"headline\":\"DENKMALTAGE | 10.\\\/11. SEPTEMBER\",\"datePublished\":\"2022-09-07T12:37:08+00:00\",\"dateModified\":\"2022-09-07T12:37:09+00:00\",\"mainEntityOfPage\":{\"@id\":\"https:\\\/\\\/ziegelhof-liestal.ch\\\/?p=4863\"},\"wordCount\":152,\"image\":{\"@id\":\"https:\\\/\\\/ziegelhof-liestal.ch\\\/?p=4863#primaryimage\"},\"thumbnailUrl\":\"https:\\\/\\\/ziegelhof-liestal.ch\\\/wp-content\\\/uploads\\\/2022\\\/09\\\/IMG_5839-scaled.jpg\",\"articleSection\":[\"Aktuell\",\"Arealentwicklung\",\"Mitteilung\",\"Veranstaltungen\"],\"inLanguage\":\"de\"},{\"@type\":\"WebPage\",\"@id\":\"https:\\\/\\\/ziegelhof-liestal.ch\\\/?p=4863\",\"url\":\"https:\\\/\\\/ziegelhof-liestal.ch\\\/?p=4863\",\"name\":\"DENKMALTAGE | 10.\\\/11. SEPTEMBER - ZIEGELHOFAREAL\",\"isPartOf\":{\"@id\":\"https:\\\/\\\/ziegelhof-liestal.ch\\\/#website\"},\"primaryImageOfPage\":{\"@id\":\"https:\\\/\\\/ziegelhof-liestal.ch\\\/?p=4863#primaryimage\"},\"image\":{\"@id\":\"https:\\\/\\\/ziegelhof-liestal.ch\\\/?p=4863#primaryimage\"},\"thumbnailUrl\":\"https:\\\/\\\/ziegelhof-liestal.ch\\\/wp-content\\\/uploads\\\/2022\\\/09\\\/IMG_5839-scaled.jpg\",\"datePublished\":\"2022-09-07T12:37:08+00:00\",\"dateModified\":\"2022-09-07T12:37:09+00:00\",\"author\":{\"@id\":\"https:\\\/\\\/ziegelhof-liestal.ch\\\/#\\\/schema\\\/person\\\/03c4a504836293e131963d639b01f378\"},\"breadcrumb\":{\"@id\":\"https:\\\/\\\/ziegelhof-liestal.ch\\\/?p=4863#breadcrumb\"},\"inLanguage\":\"de\",\"potentialAction\":[{\"@type\":\"ReadAction\",\"target\":[\"https:\\\/\\\/ziegelhof-liestal.ch\\\/?p=4863\"]}]},{\"@type\":\"ImageObject\",\"inLanguage\":\"de\",\"@id\":\"https:\\\/\\\/ziegelhof-liestal.ch\\\/?p=4863#primaryimage\",\"url\":\"https:\\\/\\\/ziegelhof-liestal.ch\\\/wp-content\\\/uploads\\\/2022\\\/09\\\/IMG_5839-scaled.jpg\",\"contentUrl\":\"https:\\\/\\\/ziegelhof-liestal.ch\\\/wp-content\\\/uploads\\\/2022\\\/09\\\/IMG_5839-scaled.jpg\",\"width\":1920,\"height\":2560},{\"@type\":\"BreadcrumbList\",\"@id\":\"https:\\\/\\\/ziegelhof-liestal.ch\\\/?p=4863#breadcrumb\",\"itemListElement\":[{\"@type\":\"ListItem\",\"position\":1,\"name\":\"Startseite\",\"item\":\"https:\\\/\\\/ziegelhof-liestal.ch\\\/\"},{\"@type\":\"ListItem\",\"position\":2,\"name\":\"DENKMALTAGE | 10.\\\/11. SEPTEMBER\"}]},{\"@type\":\"WebSite\",\"@id\":\"https:\\\/\\\/ziegelhof-liestal.ch\\\/#website\",\"url\":\"https:\\\/\\\/ziegelhof-liestal.ch\\\/\",\"name\":\"ZIEGELHOFAREAL\",\"description\":\"\",\"potentialAction\":[{\"@type\":\"SearchAction\",\"target\":{\"@type\":\"EntryPoint\",\"urlTemplate\":\"https:\\\/\\\/ziegelhof-liestal.ch\\\/?s={search_term_string}\"},\"query-input\":{\"@type\":\"PropertyValueSpecification\",\"valueRequired\":true,\"valueName\":\"search_term_string\"}}],\"inLanguage\":\"de\"},{\"@type\":\"Person\",\"@id\":\"https:\\\/\\\/ziegelhof-liestal.ch\\\/#\\\/schema\\\/person\\\/03c4a504836293e131963d639b01f378\",\"name\":\"Anna Nemeth\",\"url\":\"https:\\\/\\\/ziegelhof-liestal.ch\\\/?author=10\"}]}<\/script>\n<!-- \/ Yoast SEO plugin. -->","yoast_head_json":{"title":"DENKMALTAGE | 10.\/11. SEPTEMBER - ZIEGELHOFAREAL","robots":{"index":"index","follow":"follow","max-snippet":"max-snippet:-1","max-image-preview":"max-image-preview:large","max-video-preview":"max-video-preview:-1"},"canonical":"https:\/\/ziegelhof-liestal.ch\/?p=4863","og_locale":"de_DE","og_type":"article","og_title":"DENKMALTAGE | 10.\/11. SEPTEMBER - ZIEGELHOFAREAL","og_description":"DENKMALTAGE | 10.\/11. SEPTEMBER AREALF\u00dcHRUNG AUF DEM ZIEGELHOF Die Europ\u00e4ischen Tage des Denkmals bieten der Bev\u00f6lkerung an, sich mit der Geschichte des Ortes, aber auch mit der Erhaltung und Pflege ...","og_url":"https:\/\/ziegelhof-liestal.ch\/?p=4863","og_site_name":"ZIEGELHOFAREAL","article_published_time":"2022-09-07T12:37:08+00:00","article_modified_time":"2022-09-07T12:37:09+00:00","og_image":[{"width":1920,"height":2560,"url":"https:\/\/ziegelhof-liestal.ch\/wp-content\/uploads\/2022\/09\/IMG_5839-scaled.jpg","type":"image\/jpeg"}],"author":"Anna Nemeth","twitter_card":"summary_large_image","twitter_misc":{"Verfasst von":"Anna Nemeth","Gesch\u00e4tzte Lesezeit":"2\u00a0Minuten"},"schema":{"@context":"https:\/\/schema.org","@graph":[{"@type":"Article","@id":"https:\/\/ziegelhof-liestal.ch\/?p=4863#article","isPartOf":{"@id":"https:\/\/ziegelhof-liestal.ch\/?p=4863"},"author":{"name":"Anna Nemeth","@id":"https:\/\/ziegelhof-liestal.ch\/#\/schema\/person\/03c4a504836293e131963d639b01f378"},"headline":"DENKMALTAGE | 10.\/11. SEPTEMBER","datePublished":"2022-09-07T12:37:08+00:00","dateModified":"2022-09-07T12:37:09+00:00","mainEntityOfPage":{"@id":"https:\/\/ziegelhof-liestal.ch\/?p=4863"},"wordCount":152,"image":{"@id":"https:\/\/ziegelhof-liestal.ch\/?p=4863#primaryimage"},"thumbnailUrl":"https:\/\/ziegelhof-liestal.ch\/wp-content\/uploads\/2022\/09\/IMG_5839-scaled.jpg","articleSection":["Aktuell","Arealentwicklung","Mitteilung","Veranstaltungen"],"inLanguage":"de"},{"@type":"WebPage","@id":"https:\/\/ziegelhof-liestal.ch\/?p=4863","url":"https:\/\/ziegelhof-liestal.ch\/?p=4863","name":"DENKMALTAGE | 10.\/11. SEPTEMBER - ZIEGELHOFAREAL","isPartOf":{"@id":"https:\/\/ziegelhof-liestal.ch\/#website"},"primaryImageOfPage":{"@id":"https:\/\/ziegelhof-liestal.ch\/?p=4863#primaryimage"},"image":{"@id":"https:\/\/ziegelhof-liestal.ch\/?p=4863#primaryimage"},"thumbnailUrl":"https:\/\/ziegelhof-liestal.ch\/wp-content\/uploads\/2022\/09\/IMG_5839-scaled.jpg","datePublished":"2022-09-07T12:37:08+00:00","dateModified":"2022-09-07T12:37:09+00:00","author":{"@id":"https:\/\/ziegelhof-liestal.ch\/#\/schema\/person\/03c4a504836293e131963d639b01f378"},"breadcrumb":{"@id":"https:\/\/ziegelhof-liestal.ch\/?p=4863#breadcrumb"},"inLanguage":"de","potentialAction":[{"@type":"ReadAction","target":["https:\/\/ziegelhof-liestal.ch\/?p=4863"]}]},{"@type":"ImageObject","inLanguage":"de","@id":"https:\/\/ziegelhof-liestal.ch\/?p=4863#primaryimage","url":"https:\/\/ziegelhof-liestal.ch\/wp-content\/uploads\/2022\/09\/IMG_5839-scaled.jpg","contentUrl":"https:\/\/ziegelhof-liestal.ch\/wp-content\/uploads\/2022\/09\/IMG_5839-scaled.jpg","width":1920,"height":2560},{"@type":"BreadcrumbList","@id":"https:\/\/ziegelhof-liestal.ch\/?p=4863#breadcrumb","itemListElement":[{"@type":"ListItem","position":1,"name":"Startseite","item":"https:\/\/ziegelhof-liestal.ch\/"},{"@type":"ListItem","position":2,"name":"DENKMALTAGE | 10.\/11. SEPTEMBER"}]},{"@type":"WebSite","@id":"https:\/\/ziegelhof-liestal.ch\/#website","url":"https:\/\/ziegelhof-liestal.ch\/","name":"ZIEGELHOFAREAL","description":"","potentialAction":[{"@type":"SearchAction","target":{"@type":"EntryPoint","urlTemplate":"https:\/\/ziegelhof-liestal.ch\/?s={search_term_string}"},"query-input":{"@type":"PropertyValueSpecification","valueRequired":true,"valueName":"search_term_string"}}],"inLanguage":"de"},{"@type":"Person","@id":"https:\/\/ziegelhof-liestal.ch\/#\/schema\/person\/03c4a504836293e131963d639b01f378","name":"Anna Nemeth","url":"https:\/\/ziegelhof-liestal.ch\/?author=10"}]}},"_links":{"self":[{"href":"https:\/\/ziegelhof-liestal.ch\/index.php?rest_route=\/wp\/v2\/posts\/4863","targetHints":{"allow":["GET"]}}],"collection":[{"href":"https:\/\/ziegelhof-liestal.ch\/index.php?rest_route=\/wp\/v2\/posts"}],"about":[{"href":"https:\/\/ziegelhof-liestal.ch\/index.php?rest_route=\/wp\/v2\/types\/post"}],"author":[{"embeddable":true,"href":"https:\/\/ziegelhof-liestal.ch\/index.php?rest_route=\/wp\/v2\/users\/10"}],"replies":[{"embeddable":true,"href":"https:\/\/ziegelhof-liestal.ch\/index.php?rest_route=%2Fwp%2Fv2%2Fcomments&post=4863"}],"version-history":[{"count":34,"href":"https:\/\/ziegelhof-liestal.ch\/index.php?rest_route=\/wp\/v2\/posts\/4863\/revisions"}],"predecessor-version":[{"id":4898,"href":"https:\/\/ziegelhof-liestal.ch\/index.php?rest_route=\/wp\/v2\/posts\/4863\/revisions\/4898"}],"wp:featuredmedia":[{"embeddable":true,"href":"https:\/\/ziegelhof-liestal.ch\/index.php?rest_route=\/wp\/v2\/media\/4864"}],"wp:attachment":[{"href":"https:\/\/ziegelhof-liestal.ch\/index.php?rest_route=%2Fwp%2Fv2%2Fmedia&parent=4863"}],"wp:term":[{"taxonomy":"category","embeddable":true,"href":"https:\/\/ziegelhof-liestal.ch\/index.php?rest_route=%2Fwp%2Fv2%2Fcategories&post=4863"},{"taxonomy":"post_tag","embeddable":true,"href":"https:\/\/ziegelhof-liestal.ch\/index.php?rest_route=%2Fwp%2Fv2%2Ftags&post=4863"}],"curies":[{"name":"wp","href":"https:\/\/api.w.org\/{rel}","templated":true}]}}