{"id":4985,"date":"2022-11-15T15:18:52","date_gmt":"2022-11-15T15:18:52","guid":{"rendered":"https:\/\/ziegelhof-liestal.ch\/?p=4985"},"modified":"2022-11-15T15:18:52","modified_gmt":"2022-11-15T15:18:52","slug":"kulturnacht-26-november","status":"publish","type":"post","link":"https:\/\/ziegelhof-liestal.ch\/?p=4985","title":{"rendered":"KULTURNACHT | 26. NOVEMBER"},"content":{"rendered":"<div id=\"pl-4985\"  class=\"panel-layout\" ><div id=\"pg-4985-0\"  class=\"panel-grid panel-has-style\" ><div class=\"so-parallax siteorigin-panels-stretch panel-row-style panel-row-style-for-4985-0\" data-stretch-type=\"full-stretched\" ><img fetchpriority=\"high\" decoding=\"async\" width=\"2835\" height=\"1891\" src=\"https:\/\/ziegelhof-liestal.ch\/wp-content\/uploads\/2016\/10\/DSC07457.jpg\" class=\"attachment-full size-full\" alt=\"\" data-siteorigin-parallax=\"true\" loading=\"eager\" srcset=\"https:\/\/ziegelhof-liestal.ch\/wp-content\/uploads\/2016\/10\/DSC07457.jpg 2835w, https:\/\/ziegelhof-liestal.ch\/wp-content\/uploads\/2016\/10\/DSC07457-300x200.jpg 300w, https:\/\/ziegelhof-liestal.ch\/wp-content\/uploads\/2016\/10\/DSC07457-768x512.jpg 768w, https:\/\/ziegelhof-liestal.ch\/wp-content\/uploads\/2016\/10\/DSC07457-1024x683.jpg 1024w, https:\/\/ziegelhof-liestal.ch\/wp-content\/uploads\/2016\/10\/DSC07457-600x400.jpg 600w, https:\/\/ziegelhof-liestal.ch\/wp-content\/uploads\/2016\/10\/DSC07457-750x500.jpg 750w, https:\/\/ziegelhof-liestal.ch\/wp-content\/uploads\/2016\/10\/DSC07457-50x33.jpg 50w, https:\/\/ziegelhof-liestal.ch\/wp-content\/uploads\/2016\/10\/DSC07457-272x182.jpg 272w\" sizes=\"(max-width: 2835px) 100vw, 2835px\" \/><div id=\"pgc-4985-0-0\"  class=\"panel-grid-cell\" ><div id=\"panel-4985-0-0-0\" class=\"so-panel widget widget_sow-headline panel-first-child panel-last-child\" data-index=\"0\" ><div class=\"panel-widget-style panel-widget-style-for-4985-0-0-0\" ><div\n\t\t\t\n\t\t\tclass=\"so-widget-sow-headline so-widget-sow-headline-default-8fc5436c1158-4985 so-widget-fittext-wrapper\"\n\t\t\t data-fit-text-compressor=\"0.85\"\n\t\t><div class=\"sow-headline-container \">\n\t\t\t\t\t\t\t<h1 class=\"sow-headline\">\n\t\t\t\t\t\tLICHTBLICKE | 26. NOVEMBER\t\t\t\t\t\t<\/h1>\n\t\t\t\t\t\t\t\t\t\t\t<div class=\"decoration\">\n\t\t\t\t\t\t<div class=\"decoration-inside\"><\/div>\n\t\t\t\t\t<\/div>\n\t\t\t\t\t<\/div>\n<\/div><\/div><\/div><\/div><\/div><\/div><div id=\"pg-4985-1\"  class=\"panel-grid panel-no-style\" ><div id=\"pgc-4985-1-0\"  class=\"panel-grid-cell\" ><div id=\"panel-4985-1-0-0\" class=\"so-panel widget widget_sow-headline panel-first-child panel-last-child\" data-index=\"1\" ><div\n\t\t\t\n\t\t\tclass=\"so-widget-sow-headline so-widget-sow-headline-default-c3d9102f68a6-4985\"\n\t\t\t\n\t\t><div class=\"sow-headline-container \">\n\t\t\t\t\t\t\t<h1 class=\"sow-headline\">\n\t\t\t\t\t\tKULTURNACHT LIESTAL &#8211; ZIEGELHOF\t\t\t\t\t\t<\/h1>\n\t\t\t\t\t\t<\/div>\n<\/div><\/div><\/div><\/div><div id=\"pg-4985-2\"  class=\"panel-grid panel-no-style\" ><div id=\"pgc-4985-2-0\"  class=\"panel-grid-cell\" ><div id=\"panel-4985-2-0-0\" class=\"so-panel widget widget_sow-editor panel-first-child panel-last-child\" data-index=\"2\" ><div\n\t\t\t\n\t\t\tclass=\"so-widget-sow-editor so-widget-sow-editor-base\"\n\t\t\t\n\t\t>\n<div class=\"siteorigin-widget-tinymce textwidget\">\n\t<p>&nbsp;<\/p>\n<p>Die <strong>Lichtblicke Kulturnacht Liestal 2022<\/strong> pr\u00e4sentiert zum 17. Mal ein reichhaltiges Programm durch viele Kultur- und Kunstsparten. Mit dem \u2039Kulturpass\u203a sind Sie eingeladen, eine bunte Palette kreativen Schaffens zu erleben \u2013 aus \u00fcber 140 Einzelveranstaltungen k\u00f6nnen Sie Ihr pers\u00f6nliches Kulturnachtprogramm zusammenstellen.\u00a0Der Kultur-Pass gilt f\u00fcr alle Veranstaltungen und kann zum Preis von Fr. 25.- (Erwachsene) oder Fr. 10.- (Jugendliche von 20-25 Jahre) an verschiedenen Vorverkaufsstellen in Liestal bezogen werden.<\/p>\n<p>Wir freuen uns auf ein weiteres Jahr Lichtblicke auf dem Ziegelhof!<\/p>\n<div dir=\"auto\">Das ganze Programm und weitere Infos gibts hier:<\/div>\n<div class=\"cxmmr5t8 oygrvhab hcukyx3x c1et5uql o9v6fnle ii04i59q\">\n<div dir=\"auto\"><a class=\"oajrlxb2 g5ia77u1 qu0x051f esr5mh6w e9989ue4 r7d6kgcz rq0escxv nhd2j8a9 nc684nl6 p7hjln8o kvgmc6g5 cxmmr5t8 oygrvhab hcukyx3x jb3vyjys rz4wbd8a qt6c0cv9 a8nywdso i1ao9s8h esuyzwwr f1sip0of lzcic4wl gpro0wi8 py34i1dx\" tabindex=\"0\" role=\"link\" href=\"https:\/\/lichtblicke-liestal.ch\" target=\"_blank\" rel=\"nofollow noopener\">PROGRAMM<\/a><\/div>\n<\/div>\n<\/div>\n<\/div><\/div><\/div><div id=\"pgc-4985-2-1\"  class=\"panel-grid-cell\" ><div id=\"panel-4985-2-1-0\" class=\"so-panel widget widget_sow-editor panel-first-child panel-last-child\" data-index=\"3\" ><div class=\"panel-widget-style panel-widget-style-for-4985-2-1-0\" ><div\n\t\t\t\n\t\t\tclass=\"so-widget-sow-editor so-widget-sow-editor-base\"\n\t\t\t\n\t\t>\n<div class=\"siteorigin-widget-tinymce textwidget\">\n\t<div class=\"cxmmr5t8 oygrvhab hcukyx3x c1et5uql o9v6fnle ii04i59q\">\u00a0<\/div>\n<div dir=\"auto\"><img loading=\"lazy\" decoding=\"async\" class=\"alignnone  wp-image-4996\" src=\"https:\/\/ziegelhof-liestal.ch\/wp-content\/uploads\/2022\/11\/Bildschirmfoto-2022-11-15-um-16.14.04-300x194.png\" alt=\"\" width=\"555\" height=\"359\" srcset=\"https:\/\/ziegelhof-liestal.ch\/wp-content\/uploads\/2022\/11\/Bildschirmfoto-2022-11-15-um-16.14.04-300x194.png 300w, https:\/\/ziegelhof-liestal.ch\/wp-content\/uploads\/2022\/11\/Bildschirmfoto-2022-11-15-um-16.14.04-1024x663.png 1024w, https:\/\/ziegelhof-liestal.ch\/wp-content\/uploads\/2022\/11\/Bildschirmfoto-2022-11-15-um-16.14.04-768x497.png 768w, https:\/\/ziegelhof-liestal.ch\/wp-content\/uploads\/2022\/11\/Bildschirmfoto-2022-11-15-um-16.14.04.png 1442w\" sizes=\"auto, (max-width: 555px) 100vw, 555px\" \/><\/div>\n<div dir=\"auto\">\u00a0<\/div>\n<div dir=\"auto\">\u00a0<\/div>\n<div dir=\"auto\">\u00a0<\/div>\n<div class=\"cxmmr5t8 oygrvhab hcukyx3x c1et5uql o9v6fnle ii04i59q\">\n<div dir=\"auto\">\u00a0<\/div>\n<\/div>\n<\/div>\n<\/div><\/div><\/div><\/div><\/div><\/div>","protected":false},"excerpt":{"rendered":"<p>LICHTBLICKE | 26. NOVEMBER KULTURNACHT LIESTAL &#8211; ZIEGELHOF &nbsp; Die Lichtblicke Kulturnacht Liestal 2022 pr\u00e4sentiert zum 17. Mal ein reichhaltiges Programm durch viele Kultur- und Kunstsparten. Mit dem \u2039Kulturpass\u203a sind &#8230;<\/p>\n","protected":false},"author":10,"featured_media":4987,"comment_status":"closed","ping_status":"closed","sticky":false,"template":"","format":"standard","meta":{"inline_featured_image":false,"footnotes":""},"categories":[5,8,15,3],"tags":[],"class_list":["post-4985","post","type-post","status-publish","format-standard","has-post-thumbnail","hentry","category-aktuell","category-arealentwicklung","category-mitteilung","category-veranstaltungen"],"yoast_head":"<!-- This site is optimized with the Yoast SEO plugin v27.5 - https:\/\/yoast.com\/product\/yoast-seo-wordpress\/ -->\n<title>KULTURNACHT | 26. NOVEMBER - ZIEGELHOFAREAL<\/title>\n<meta name=\"robots\" content=\"index, follow, max-snippet:-1, max-image-preview:large, max-video-preview:-1\" \/>\n<link rel=\"canonical\" href=\"https:\/\/ziegelhof-liestal.ch\/?p=4985\" \/>\n<meta property=\"og:locale\" content=\"de_DE\" \/>\n<meta property=\"og:type\" content=\"article\" \/>\n<meta property=\"og:title\" content=\"KULTURNACHT | 26. NOVEMBER - ZIEGELHOFAREAL\" \/>\n<meta property=\"og:description\" content=\"LICHTBLICKE | 26. NOVEMBER KULTURNACHT LIESTAL &#8211; ZIEGELHOF &nbsp; Die Lichtblicke Kulturnacht Liestal 2022 pr\u00e4sentiert zum 17. Mal ein reichhaltiges Programm durch viele Kultur- und Kunstsparten. Mit dem \u2039Kulturpass\u203a sind ...\" \/>\n<meta property=\"og:url\" content=\"https:\/\/ziegelhof-liestal.ch\/?p=4985\" \/>\n<meta property=\"og:site_name\" content=\"ZIEGELHOFAREAL\" \/>\n<meta property=\"article:published_time\" content=\"2022-11-15T15:18:52+00:00\" \/>\n<meta property=\"og:image\" content=\"https:\/\/ziegelhof-liestal.ch\/wp-content\/uploads\/2022\/11\/Bildschirmfoto-2022-11-15-um-15.59.29-1-1024x660.png\" \/>\n\t<meta property=\"og:image:width\" content=\"1024\" \/>\n\t<meta property=\"og:image:height\" content=\"660\" \/>\n\t<meta property=\"og:image:type\" content=\"image\/png\" \/>\n<meta name=\"author\" content=\"Anna Nemeth\" \/>\n<meta name=\"twitter:card\" content=\"summary_large_image\" \/>\n<meta name=\"twitter:label1\" content=\"Verfasst von\" \/>\n\t<meta name=\"twitter:data1\" content=\"Anna Nemeth\" \/>\n\t<meta name=\"twitter:label2\" content=\"Gesch\u00e4tzte Lesezeit\" \/>\n\t<meta name=\"twitter:data2\" content=\"1\u00a0Minute\" \/>\n<script type=\"application\/ld+json\" class=\"yoast-schema-graph\">{\"@context\":\"https:\\\/\\\/schema.org\",\"@graph\":[{\"@type\":\"Article\",\"@id\":\"https:\\\/\\\/ziegelhof-liestal.ch\\\/?p=4985#article\",\"isPartOf\":{\"@id\":\"https:\\\/\\\/ziegelhof-liestal.ch\\\/?p=4985\"},\"author\":{\"name\":\"Anna Nemeth\",\"@id\":\"https:\\\/\\\/ziegelhof-liestal.ch\\\/#\\\/schema\\\/person\\\/03c4a504836293e131963d639b01f378\"},\"headline\":\"KULTURNACHT | 26. NOVEMBER\",\"datePublished\":\"2022-11-15T15:18:52+00:00\",\"mainEntityOfPage\":{\"@id\":\"https:\\\/\\\/ziegelhof-liestal.ch\\\/?p=4985\"},\"wordCount\":110,\"image\":{\"@id\":\"https:\\\/\\\/ziegelhof-liestal.ch\\\/?p=4985#primaryimage\"},\"thumbnailUrl\":\"https:\\\/\\\/ziegelhof-liestal.ch\\\/wp-content\\\/uploads\\\/2022\\\/11\\\/Bildschirmfoto-2022-11-15-um-15.59.29-1.png\",\"articleSection\":[\"Aktuell\",\"Arealentwicklung\",\"Mitteilung\",\"Veranstaltungen\"],\"inLanguage\":\"de\"},{\"@type\":\"WebPage\",\"@id\":\"https:\\\/\\\/ziegelhof-liestal.ch\\\/?p=4985\",\"url\":\"https:\\\/\\\/ziegelhof-liestal.ch\\\/?p=4985\",\"name\":\"KULTURNACHT | 26. NOVEMBER - ZIEGELHOFAREAL\",\"isPartOf\":{\"@id\":\"https:\\\/\\\/ziegelhof-liestal.ch\\\/#website\"},\"primaryImageOfPage\":{\"@id\":\"https:\\\/\\\/ziegelhof-liestal.ch\\\/?p=4985#primaryimage\"},\"image\":{\"@id\":\"https:\\\/\\\/ziegelhof-liestal.ch\\\/?p=4985#primaryimage\"},\"thumbnailUrl\":\"https:\\\/\\\/ziegelhof-liestal.ch\\\/wp-content\\\/uploads\\\/2022\\\/11\\\/Bildschirmfoto-2022-11-15-um-15.59.29-1.png\",\"datePublished\":\"2022-11-15T15:18:52+00:00\",\"author\":{\"@id\":\"https:\\\/\\\/ziegelhof-liestal.ch\\\/#\\\/schema\\\/person\\\/03c4a504836293e131963d639b01f378\"},\"breadcrumb\":{\"@id\":\"https:\\\/\\\/ziegelhof-liestal.ch\\\/?p=4985#breadcrumb\"},\"inLanguage\":\"de\",\"potentialAction\":[{\"@type\":\"ReadAction\",\"target\":[\"https:\\\/\\\/ziegelhof-liestal.ch\\\/?p=4985\"]}]},{\"@type\":\"ImageObject\",\"inLanguage\":\"de\",\"@id\":\"https:\\\/\\\/ziegelhof-liestal.ch\\\/?p=4985#primaryimage\",\"url\":\"https:\\\/\\\/ziegelhof-liestal.ch\\\/wp-content\\\/uploads\\\/2022\\\/11\\\/Bildschirmfoto-2022-11-15-um-15.59.29-1.png\",\"contentUrl\":\"https:\\\/\\\/ziegelhof-liestal.ch\\\/wp-content\\\/uploads\\\/2022\\\/11\\\/Bildschirmfoto-2022-11-15-um-15.59.29-1.png\",\"width\":1552,\"height\":1000},{\"@type\":\"BreadcrumbList\",\"@id\":\"https:\\\/\\\/ziegelhof-liestal.ch\\\/?p=4985#breadcrumb\",\"itemListElement\":[{\"@type\":\"ListItem\",\"position\":1,\"name\":\"Startseite\",\"item\":\"https:\\\/\\\/ziegelhof-liestal.ch\\\/\"},{\"@type\":\"ListItem\",\"position\":2,\"name\":\"KULTURNACHT | 26. NOVEMBER\"}]},{\"@type\":\"WebSite\",\"@id\":\"https:\\\/\\\/ziegelhof-liestal.ch\\\/#website\",\"url\":\"https:\\\/\\\/ziegelhof-liestal.ch\\\/\",\"name\":\"ZIEGELHOFAREAL\",\"description\":\"\",\"potentialAction\":[{\"@type\":\"SearchAction\",\"target\":{\"@type\":\"EntryPoint\",\"urlTemplate\":\"https:\\\/\\\/ziegelhof-liestal.ch\\\/?s={search_term_string}\"},\"query-input\":{\"@type\":\"PropertyValueSpecification\",\"valueRequired\":true,\"valueName\":\"search_term_string\"}}],\"inLanguage\":\"de\"},{\"@type\":\"Person\",\"@id\":\"https:\\\/\\\/ziegelhof-liestal.ch\\\/#\\\/schema\\\/person\\\/03c4a504836293e131963d639b01f378\",\"name\":\"Anna Nemeth\",\"url\":\"https:\\\/\\\/ziegelhof-liestal.ch\\\/?author=10\"}]}<\/script>\n<!-- \/ Yoast SEO plugin. -->","yoast_head_json":{"title":"KULTURNACHT | 26. NOVEMBER - ZIEGELHOFAREAL","robots":{"index":"index","follow":"follow","max-snippet":"max-snippet:-1","max-image-preview":"max-image-preview:large","max-video-preview":"max-video-preview:-1"},"canonical":"https:\/\/ziegelhof-liestal.ch\/?p=4985","og_locale":"de_DE","og_type":"article","og_title":"KULTURNACHT | 26. NOVEMBER - ZIEGELHOFAREAL","og_description":"LICHTBLICKE | 26. NOVEMBER KULTURNACHT LIESTAL &#8211; ZIEGELHOF &nbsp; Die Lichtblicke Kulturnacht Liestal 2022 pr\u00e4sentiert zum 17. Mal ein reichhaltiges Programm durch viele Kultur- und Kunstsparten. Mit dem \u2039Kulturpass\u203a sind ...","og_url":"https:\/\/ziegelhof-liestal.ch\/?p=4985","og_site_name":"ZIEGELHOFAREAL","article_published_time":"2022-11-15T15:18:52+00:00","og_image":[{"width":1024,"height":660,"url":"https:\/\/ziegelhof-liestal.ch\/wp-content\/uploads\/2022\/11\/Bildschirmfoto-2022-11-15-um-15.59.29-1-1024x660.png","type":"image\/png"}],"author":"Anna Nemeth","twitter_card":"summary_large_image","twitter_misc":{"Verfasst von":"Anna Nemeth","Gesch\u00e4tzte Lesezeit":"1\u00a0Minute"},"schema":{"@context":"https:\/\/schema.org","@graph":[{"@type":"Article","@id":"https:\/\/ziegelhof-liestal.ch\/?p=4985#article","isPartOf":{"@id":"https:\/\/ziegelhof-liestal.ch\/?p=4985"},"author":{"name":"Anna Nemeth","@id":"https:\/\/ziegelhof-liestal.ch\/#\/schema\/person\/03c4a504836293e131963d639b01f378"},"headline":"KULTURNACHT | 26. NOVEMBER","datePublished":"2022-11-15T15:18:52+00:00","mainEntityOfPage":{"@id":"https:\/\/ziegelhof-liestal.ch\/?p=4985"},"wordCount":110,"image":{"@id":"https:\/\/ziegelhof-liestal.ch\/?p=4985#primaryimage"},"thumbnailUrl":"https:\/\/ziegelhof-liestal.ch\/wp-content\/uploads\/2022\/11\/Bildschirmfoto-2022-11-15-um-15.59.29-1.png","articleSection":["Aktuell","Arealentwicklung","Mitteilung","Veranstaltungen"],"inLanguage":"de"},{"@type":"WebPage","@id":"https:\/\/ziegelhof-liestal.ch\/?p=4985","url":"https:\/\/ziegelhof-liestal.ch\/?p=4985","name":"KULTURNACHT | 26. NOVEMBER - ZIEGELHOFAREAL","isPartOf":{"@id":"https:\/\/ziegelhof-liestal.ch\/#website"},"primaryImageOfPage":{"@id":"https:\/\/ziegelhof-liestal.ch\/?p=4985#primaryimage"},"image":{"@id":"https:\/\/ziegelhof-liestal.ch\/?p=4985#primaryimage"},"thumbnailUrl":"https:\/\/ziegelhof-liestal.ch\/wp-content\/uploads\/2022\/11\/Bildschirmfoto-2022-11-15-um-15.59.29-1.png","datePublished":"2022-11-15T15:18:52+00:00","author":{"@id":"https:\/\/ziegelhof-liestal.ch\/#\/schema\/person\/03c4a504836293e131963d639b01f378"},"breadcrumb":{"@id":"https:\/\/ziegelhof-liestal.ch\/?p=4985#breadcrumb"},"inLanguage":"de","potentialAction":[{"@type":"ReadAction","target":["https:\/\/ziegelhof-liestal.ch\/?p=4985"]}]},{"@type":"ImageObject","inLanguage":"de","@id":"https:\/\/ziegelhof-liestal.ch\/?p=4985#primaryimage","url":"https:\/\/ziegelhof-liestal.ch\/wp-content\/uploads\/2022\/11\/Bildschirmfoto-2022-11-15-um-15.59.29-1.png","contentUrl":"https:\/\/ziegelhof-liestal.ch\/wp-content\/uploads\/2022\/11\/Bildschirmfoto-2022-11-15-um-15.59.29-1.png","width":1552,"height":1000},{"@type":"BreadcrumbList","@id":"https:\/\/ziegelhof-liestal.ch\/?p=4985#breadcrumb","itemListElement":[{"@type":"ListItem","position":1,"name":"Startseite","item":"https:\/\/ziegelhof-liestal.ch\/"},{"@type":"ListItem","position":2,"name":"KULTURNACHT | 26. NOVEMBER"}]},{"@type":"WebSite","@id":"https:\/\/ziegelhof-liestal.ch\/#website","url":"https:\/\/ziegelhof-liestal.ch\/","name":"ZIEGELHOFAREAL","description":"","potentialAction":[{"@type":"SearchAction","target":{"@type":"EntryPoint","urlTemplate":"https:\/\/ziegelhof-liestal.ch\/?s={search_term_string}"},"query-input":{"@type":"PropertyValueSpecification","valueRequired":true,"valueName":"search_term_string"}}],"inLanguage":"de"},{"@type":"Person","@id":"https:\/\/ziegelhof-liestal.ch\/#\/schema\/person\/03c4a504836293e131963d639b01f378","name":"Anna Nemeth","url":"https:\/\/ziegelhof-liestal.ch\/?author=10"}]}},"_links":{"self":[{"href":"https:\/\/ziegelhof-liestal.ch\/index.php?rest_route=\/wp\/v2\/posts\/4985","targetHints":{"allow":["GET"]}}],"collection":[{"href":"https:\/\/ziegelhof-liestal.ch\/index.php?rest_route=\/wp\/v2\/posts"}],"about":[{"href":"https:\/\/ziegelhof-liestal.ch\/index.php?rest_route=\/wp\/v2\/types\/post"}],"author":[{"embeddable":true,"href":"https:\/\/ziegelhof-liestal.ch\/index.php?rest_route=\/wp\/v2\/users\/10"}],"replies":[{"embeddable":true,"href":"https:\/\/ziegelhof-liestal.ch\/index.php?rest_route=%2Fwp%2Fv2%2Fcomments&post=4985"}],"version-history":[{"count":20,"href":"https:\/\/ziegelhof-liestal.ch\/index.php?rest_route=\/wp\/v2\/posts\/4985\/revisions"}],"predecessor-version":[{"id":5008,"href":"https:\/\/ziegelhof-liestal.ch\/index.php?rest_route=\/wp\/v2\/posts\/4985\/revisions\/5008"}],"wp:featuredmedia":[{"embeddable":true,"href":"https:\/\/ziegelhof-liestal.ch\/index.php?rest_route=\/wp\/v2\/media\/4987"}],"wp:attachment":[{"href":"https:\/\/ziegelhof-liestal.ch\/index.php?rest_route=%2Fwp%2Fv2%2Fmedia&parent=4985"}],"wp:term":[{"taxonomy":"category","embeddable":true,"href":"https:\/\/ziegelhof-liestal.ch\/index.php?rest_route=%2Fwp%2Fv2%2Fcategories&post=4985"},{"taxonomy":"post_tag","embeddable":true,"href":"https:\/\/ziegelhof-liestal.ch\/index.php?rest_route=%2Fwp%2Fv2%2Ftags&post=4985"}],"curies":[{"name":"wp","href":"https:\/\/api.w.org\/{rel}","templated":true}]}}